{"id":2291,"date":"2012-11-21T07:33:21","date_gmt":"2012-11-21T13:33:21","guid":{"rendered":"http:\/\/mtn-togo.org\/?p=2291"},"modified":"2012-11-21T07:35:39","modified_gmt":"2012-11-21T13:35:39","slug":"kara-menaces-contre-les-opposants-au-pouvoir-la-maison-dabass-kaboua-saccagee","status":"publish","type":"post","link":"http:\/\/mtn-togo.org\/?p=2291","title":{"rendered":"Kara : Menaces contre les opposants au pouvoir, la maison d\u2019Abass Kaboua saccag\u00e9e"},"content":{"rendered":"<p><a href=\"http:\/\/mtn-togo.org\/wp-content\/uploads\/2012\/11\/Abass_Kaboua_Pr\u00e9sident_du-MRC.jpg\"><img loading=\"lazy\" class=\"alignleft size-full wp-image-2292\" title=\"Abass_Kaboua_Pr\u00e9sident_du_MRC\" src=\"http:\/\/mtn-togo.org\/wp-content\/uploads\/2012\/11\/Abass_Kaboua_Pr\u00e9sident_du-MRC.jpg\" alt=\"\" width=\"300\" height=\"220\" \/><\/a>La strat\u00e9gie de terreur se r\u00e9pand sur la r\u00e9gion de la Kara, 430 km au nord de Lom\u00e9. Les transfuges du pouvoir sont de plus en plus vis\u00e9s dans cette r\u00e9gion suppos\u00e9e bastion du r\u00e9gime des Gnassingb\u00e9.<!--more-->\u00a0Hier dimanche 18 novembre, aux alentours de 21h GMT, des hommes arm\u00e9s sont partis attaquer la maison de l\u2019opposant Abass\u00a0Kaboua, les portes et fen\u00eatres d\u00e9fonc\u00e9es.<\/p>\n<div>Ex-activiste du RPT\u00a0reconverti avec virulence \u00e0 l\u2019opposition, Abass\u00a0Kaboua\u00a0du MRC\u00a0a \u00e9voqu\u00e9, lors du meeting\u00a0du FRAC et CST\u00a0le samedi dernier \u00e0 Lom\u00e9, les menaces entre autres d\u2019arrestation qui planent sur lui et le Commandant Olivier Poko\u00a0Amah. Ils sont tous deux originaires de la r\u00e9gion de Kara, r\u00e9gion du Chef de l\u2019Etat.<\/div>\n<p>Joint au t\u00e9l\u00e9phone par la r\u00e9daction du mo5-togo.com, Abass Kaboua\u00a0a confirm\u00e9 le saccage de la maison en ajoutant qu\u2019il a saisi le Colonel-ministre de la S\u00e9curit\u00e9 \u00a0Yark Damehane\u00a0sans suite, pour l\u2019instant. Sa famille s\u2019est rendue \u00e0 la gendarmerie de Kara\u00a0pour le triste constat. \u00ab\u00a0Nous connaissons ceux qui sont derri\u00e8re \u00e7a. Nous n\u2019allons pas fl\u00e9chir devant ces gens-l\u00e0\u00a0\u00bb, a affirm\u00e9 Abass Kaboua devenu une des b\u00eates noires du r\u00e9gime.<\/p>\n<p>Nous y reviendrons.<\/p>\n<p>B.Lawson \u00a0<strong><a href=\"http:\/\/www.mo5-togo.com\/\">www.mo5-togo.com<\/a><\/strong><\/p>\n","protected":false},"excerpt":{"rendered":"<p>La strat\u00e9gie de terreur se r\u00e9pand sur la r\u00e9gion de la Kara, 430 km au nord de Lom\u00e9. Les transfuges du pouvoir sont de plus en plus vis\u00e9s dans cette r\u00e9gion suppos\u00e9e bastion du r\u00e9gime des Gnassingb\u00e9.<\/p>\n","protected":false},"author":7,"featured_media":0,"comment_status":"closed","ping_status":"open","sticky":false,"template":"","format":"standard","meta":[],"categories":[1],"tags":[118],"_links":{"self":[{"href":"http:\/\/mtn-togo.org\/index.php?rest_route=\/wp\/v2\/posts\/2291"}],"collection":[{"href":"http:\/\/mtn-togo.org\/index.php?rest_route=\/wp\/v2\/posts"}],"about":[{"href":"http:\/\/mtn-togo.org\/index.php?rest_route=\/wp\/v2\/types\/post"}],"author":[{"embeddable":true,"href":"http:\/\/mtn-togo.org\/index.php?rest_route=\/wp\/v2\/users\/7"}],"replies":[{"embeddable":true,"href":"http:\/\/mtn-togo.org\/index.php?rest_route=%2Fwp%2Fv2%2Fcomments&post=2291"}],"version-history":[{"count":2,"href":"http:\/\/mtn-togo.org\/index.php?rest_route=\/wp\/v2\/posts\/2291\/revisions"}],"predecessor-version":[{"id":2294,"href":"http:\/\/mtn-togo.org\/index.php?rest_route=\/wp\/v2\/posts\/2291\/revisions\/2294"}],"wp:attachment":[{"href":"http:\/\/mtn-togo.org\/index.php?rest_route=%2Fwp%2Fv2%2Fmedia&parent=2291"}],"wp:term":[{"taxonomy":"category","embeddable":true,"href":"http:\/\/mtn-togo.org\/index.php?rest_route=%2Fwp%2Fv2%2Fcategories&post=2291"},{"taxonomy":"post_tag","embeddable":true,"href":"http:\/\/mtn-togo.org\/index.php?rest_route=%2Fwp%2Fv2%2Ftags&post=2291"}],"curies":[{"name":"wp","href":"https:\/\/api.w.org\/{rel}","templated":true}]}}