{"id":2295,"date":"2012-11-23T07:10:57","date_gmt":"2012-11-23T13:10:57","guid":{"rendered":"http:\/\/mtn-togo.org\/?p=2295"},"modified":"2012-11-23T07:13:05","modified_gmt":"2012-11-23T13:13:05","slug":"faure-gnassingbe-met-de-lordre-dans-la-cour-du-roi-petaud-sa-demi-soeur-tina-gnassingbe-est-expulsee-dune-residence-du-togo-a-paris-quelle-occupe-illegalement","status":"publish","type":"post","link":"http:\/\/mtn-togo.org\/?p=2295","title":{"rendered":"Faure Gnassingb\u00e9 met de l&#8217;ordre dans la cour du roi P\u00e9taud:  Sa d\u00e9mi s\u0153ur Tina Gnassingb\u00e9 est expuls\u00e9e d&#8217;une r\u00e9sidence du Togo \u00e0 Paris qu&#8217;elle occupe ill\u00e9galement"},"content":{"rendered":"<p><a href=\"http:\/\/mtn-togo.org\/wp-content\/uploads\/2012\/11\/eyadema-et-famille.jpg\"><img loading=\"lazy\" class=\"alignleft size-medium wp-image-2296\" title=\"eyadema-et-famille\" src=\"http:\/\/mtn-togo.org\/wp-content\/uploads\/2012\/11\/eyadema-et-famille-300x225.jpg\" alt=\"\" width=\"300\" height=\"225\" srcset=\"http:\/\/mtn-togo.org\/wp-content\/uploads\/2012\/11\/eyadema-et-famille-300x225.jpg 300w, http:\/\/mtn-togo.org\/wp-content\/uploads\/2012\/11\/eyadema-et-famille.jpg 600w\" sizes=\"(max-width: 300px) 100vw, 300px\" \/><\/a>L&#8217;article \u00e9crit par B. Lawson\u00a0nous vient\u00a0du site du MO5. Pour une fois nous saluons l&#8217;acte pos\u00e9 par Faure\u00a0Gnassingb\u00e9. Comme le dit le proverbe, m\u00eame si vous n&#8217;aimez pas le li\u00e8vre , il faut reconna\u00eetre qu&#8217;il sait courir. Faure met de l&#8217;ordre dans la fourmili\u00e8re des Gnassingb\u00e9 que personne d&#8217;autre ne pourrait r\u00e9aliser au risque de cr\u00e9er une guerre tribale au Togo.<\/p>\n<p><!--more-->Le patrimoine du Togo appartient \u00e0 tous les Togolais\u00a0et non \u00e0 la famille Gnassingb\u00e9. Apr\u00e8s plus de 40 ans de vie facile, de cuill\u00e8re \u00e0 la bouche \u00a0et\u00a0de \u00a0d\u00e9penses extravagantes des ressources du Togo, les enfants de Gnassingb\u00e9 et particuli\u00e8rement \u00a0Tina\u00a0Gnassingb\u00e9 doivent \u00a0apprendre \u00e0 se d\u00e9brouiller\u00a0 par eux-m\u00eames comme tous les Togolais qui gagnent durement leur vie \u00e0 la sueur de leur front.<\/p>\n<p>\u00a0Vivement qu&#8217;\u00e0pr\u00e8s les travaux\u00a0\u00e0 la r\u00e9sidence parisienne du Togo, le patrimoine redevienne la propri\u00e9t\u00e9 du Togo et non de Faure Gnassingb\u00e9&#8230;&#8230;..<\/p>\n<p>Gnagou\u00a0Matolaba\u00a0Djalima <a href=\"http:\/\/www.mtn-togo.org\/\">www.mtn-togo.org<\/a><\/p>\n<p><strong>Ci-dessous l&#8217;int\u00e9gralit\u00e9 de l&#8217;article <\/strong><\/p>\n<p>Faure\u00a0Gnassingb\u00e9 a ordonn\u00e9 l\u2019expulsion de sa demie s\u0153ur Tina\u00a0Gnassingb\u00e9, fille a\u00een\u00e9e du G\u00e9n\u00e9ral Eyadema, du domicile parisien appartenant en r\u00e9alit\u00e9 au Togo, mais que la famille tente depuis de s\u2019approprier.\u00a0\u00a0La femme est interdite d\u2019acc\u00e8s de la r\u00e9sidence sise au 29<sup>\u00e8me<\/sup> avenue du Mar\u00e9chal MAUNOURY Paris 16<sup>\u00e8me<\/sup>depuis le 15 novembre. Et elle crie au secours en d\u00e9non\u00e7ant avec v\u00e9h\u00e9mence son frangin Faure Gnassingb\u00e9.<\/p>\n<div>Tina, s\u0153ur consanguine et ut\u00e9rine d\u2019Ernest Gnassingb\u00e9 (m\u00eame p\u00e8re m\u00eame m\u00e8re), le d\u00e9funt boucher de Soudou, a plusieurs enfants mineurs \u00e0 charge, maintenant \u00e0 la rue, dans le froid quasi hivernal.<\/div>\n<p>Elle est tomb\u00e9e dans l\u2019abattement moral avec des tendances suicidaires, refuse de s\u2019alimenter et devient d\u00e9pass\u00e9e au bout de quelques jours seulement.<\/p>\n<p>L\u2019ambassadeur du Togo \u00e0 Paris, Calixte\u00a0Batossie\u00a0Madjoulba, r\u00e9put\u00e9 pour des malversations financi\u00e8res \u00e0 l\u2019ambassade, est le joyeux ex\u00e9cutant de l\u2019ordre d\u2019expulsion pr\u00e9sidentiel.<\/p>\n<p>Faure Gnassingb\u00e9 refuse de r\u00e9pondre au t\u00e9l\u00e9phone. Tina a tout de m\u00eame tent\u00e9 de joindre\u00a0\u00a0son Pr\u00e9sident de demi-fr\u00e8re, sans succ\u00e8s. De m\u00eame, elle a \u00e9chou\u00e9 de convaincre l\u2019ambassadeur Madjoulba qui aurait d\u00e9clar\u00e9 \u00eatre lui-m\u00eame &#8220;sous pression&#8221; et ne fait &#8220;qu\u2019ob\u00e9ir aux ordres&#8221;.<\/p>\n<p>Les raisons de cette expulsion ne sont pas encore officielles, mais il est de notori\u00e9t\u00e9 publique que la famille est divis\u00e9e sur le partage de l\u2019h\u00e9ritage familial. En effet, l\u2019h\u00e9ritage d\u2019Eyadema, b\u00e2ti sur le pillage de la nation togolaise, est source de multiples conflits entre les enfants. Et ces conflits, larv\u00e9s ou latents, peuvent quelquefois d\u00e9g\u00e9n\u00e9rer. Mais h\u00e2tons nous pour rappeler que l\u2019immeuble en question \u00e0 Paris est une propri\u00e9t\u00e9 de l\u2019Etat togolais\u00a0! Une source MO5-Togo \u00e9voque des travaux pr\u00e9vus par Faure Gnassingb\u00e9 dans la maison. Pour quel compte\u00a0? Il aurait fallu trouver d\u2019abord un autre appartement \u00e0 sa s\u0153ur Tina.<\/p>\n<p>De nombreux enfants d\u2019Eyad\u00e9ma n\u2019acceptent pas le leadership de Faure\u00a0Gnassingb\u00e9, ex\u00e9cuteur testamentaire, soup\u00e7onn\u00e9 d\u2019avoir fait main basse sur les biens (immat\u00e9riels et mat\u00e9riels) du p\u00e8re par le truchement d\u2019un certain Kanekatoua, ancien DG\u00a0de la BTCI\u00a0nomm\u00e9 entre temps Directeur du patrimoine du Togo \u00e0 l\u2019\u00e9tranger par Faure\u00a0Gnassingb\u00e9. Il est critiqu\u00e9 de changer frauduleusement les avoirs\u00a0d\u2019Eyad\u00e9ma et du Togo en nom propre de Faure\u00a0Essozimna Gnassingb\u00e9.<\/p>\n<p>Ceux qui osent mettre en cause le leadership de Faure\u00a0Gnassingb\u00e9 le payent ch\u00e8rement. Le sulfureux Kpatcha Gnassingb\u00e9 et certains autres de ses fr\u00e8res go\u00fbtent all\u00e8grement \u00e0 la prison pour \u00ab\u00a0atteinte \u00e0 la s\u00fbret\u00e9 de l\u2019Etat\u00a0\u00bb. Rock Gnassingb\u00e9, peu content, fut\u00a0\u00a0le premier \u00e0 parler publiquement de conflit ouvert li\u00e9 au partage de l\u2019h\u00e9ritage. R\u00e9sultat\u00a0: il fut \u00e9cart\u00e9 du commandement de la division blind\u00e9e (RBRA) et r\u00e9duit \u00e0 un r\u00f4le de directeur adjoint du Port Autonome sans pouvoir.<\/p>\n<p>Humili\u00e9e, Tina Gnassingb\u00e9 n\u2019a pas h\u00e9sit\u00e9 \u00e0 faire des r\u00e9v\u00e9lations ce jeudi 22 novembre sur une radio priv\u00e9e de la capitale.<\/p>\n<p>Nous\u00a0y reviendrons.<\/p>\n<p>( <strong>www.mo5-togo.com <\/strong>)<\/p>\n","protected":false},"excerpt":{"rendered":"<p>L&#8217;article \u00e9crit par B. Lawson\u00a0nous vient\u00a0du site du MO5. Pour une fois nous saluons l&#8217;acte pos\u00e9 par Faure\u00a0Gnassingb\u00e9. Comme le dit le proverbe, m\u00eame si vous n&#8217;aimez pas le li\u00e8vre , il faut reconna\u00eetre qu&#8217;il sait courir. Faure met de l&#8217;ordre dans la fourmili\u00e8re des Gnassingb\u00e9 que personne d&#8217;autre ne pourrait r\u00e9aliser au risque de [&hellip;]<\/p>\n","protected":false},"author":7,"featured_media":0,"comment_status":"closed","ping_status":"open","sticky":false,"template":"","format":"standard","meta":[],"categories":[1],"tags":[119],"_links":{"self":[{"href":"http:\/\/mtn-togo.org\/index.php?rest_route=\/wp\/v2\/posts\/2295"}],"collection":[{"href":"http:\/\/mtn-togo.org\/index.php?rest_route=\/wp\/v2\/posts"}],"about":[{"href":"http:\/\/mtn-togo.org\/index.php?rest_route=\/wp\/v2\/types\/post"}],"author":[{"embeddable":true,"href":"http:\/\/mtn-togo.org\/index.php?rest_route=\/wp\/v2\/users\/7"}],"replies":[{"embeddable":true,"href":"http:\/\/mtn-togo.org\/index.php?rest_route=%2Fwp%2Fv2%2Fcomments&post=2295"}],"version-history":[{"count":3,"href":"http:\/\/mtn-togo.org\/index.php?rest_route=\/wp\/v2\/posts\/2295\/revisions"}],"predecessor-version":[{"id":2298,"href":"http:\/\/mtn-togo.org\/index.php?rest_route=\/wp\/v2\/posts\/2295\/revisions\/2298"}],"wp:attachment":[{"href":"http:\/\/mtn-togo.org\/index.php?rest_route=%2Fwp%2Fv2%2Fmedia&parent=2295"}],"wp:term":[{"taxonomy":"category","embeddable":true,"href":"http:\/\/mtn-togo.org\/index.php?rest_route=%2Fwp%2Fv2%2Fcategories&post=2295"},{"taxonomy":"post_tag","embeddable":true,"href":"http:\/\/mtn-togo.org\/index.php?rest_route=%2Fwp%2Fv2%2Ftags&post=2295"}],"curies":[{"name":"wp","href":"https:\/\/api.w.org\/{rel}","templated":true}]}}