{"id":2331,"date":"2012-12-01T11:25:16","date_gmt":"2012-12-01T17:25:16","guid":{"rendered":"http:\/\/mtn-togo.org\/?p=2331"},"modified":"2012-12-01T17:01:44","modified_gmt":"2012-12-01T23:01:44","slug":"faure-gnassingbe-est-annonce-a-lome-cet-apres-midi","status":"publish","type":"post","link":"http:\/\/mtn-togo.org\/?p=2331","title":{"rendered":"Faure Gnassingb\u00e9 est annonc\u00e9 \u00e0 Lom\u00e9 ce samedi apr\u00e8s -midi"},"content":{"rendered":"<p><a href=\"http:\/\/mtn-togo.org\/wp-content\/uploads\/2012\/12\/Faure-Gnassingb\u00e9-de-retour-de-Lom\u00e9.jpg\"><img loading=\"lazy\" class=\"alignleft size-medium wp-image-2337\" title=\"Faure Gnassingb\u00e9 de retour de Lom\u00e9\" src=\"http:\/\/mtn-togo.org\/wp-content\/uploads\/2012\/12\/Faure-Gnassingb\u00e9-de-retour-de-Lom\u00e9-300x227.jpg\" alt=\"\" width=\"300\" height=\"227\" srcset=\"http:\/\/mtn-togo.org\/wp-content\/uploads\/2012\/12\/Faure-Gnassingb\u00e9-de-retour-de-Lom\u00e9-300x227.jpg 300w, http:\/\/mtn-togo.org\/wp-content\/uploads\/2012\/12\/Faure-Gnassingb\u00e9-de-retour-de-Lom\u00e9.jpg 395w\" sizes=\"(max-width: 300px) 100vw, 300px\" \/><\/a>Selon un communiqu\u00e9 du\u00a0\u00a0ministre de l&#8217;administration territoriale, de la d\u00e9centralisation et des collectivit\u00e9s locales, Gilbert Bawara, Faure\u00a0Gnassingb\u00e9 regagne Lom\u00e9 cet apr\u00e8s-midi .La mise en place doit \u00eatre termin\u00e9e \u00e0 17H, pr\u00e9cise\u00a0le texte \u00a0lu\u00a0\u00e0 la\u00a0t\u00e9l\u00e9vision\u00a0dont les airs\u00a0ont pris\u00a0\u00a0l&#8217;allure d&#8217;un accueil chaleureux\u00a0et militant \u00a0pour un retour triomphal digne du temps du d\u00e9funt dictateur Eyad\u00e9ma:<br \/>\n<!--more-->&#8220;A l&#8217;issue de la visite officielle fructueuse qu&#8217;il vient d&#8217;effectuer en Isra\u00ebl, le pr\u00e9sident de la R\u00e9publique Faure Gnassingb\u00e9 regagne Lom\u00e9 ce samedi 1er d\u00e9cembre&#8230;&#8230;En vue de r\u00e9server un accueil chaleureux au chef de l&#8217;\u00c9tat&#8221;, M.Bawara invite &#8220;les membres du gouvernement, les d\u00e9put\u00e9s pr\u00e9sents \u00e0 Lom\u00e9, les directeurs de cabinet et secr\u00e9taires g\u00e9n\u00e9raux des minist\u00e8res, les directeurs de soci\u00e9t\u00e9s, les chefs traditionnels, les diff\u00e9rents corps constitu\u00e9s et la population de Lom\u00e9 et de ses environs \u00e0 se rendre \u00e0 l&#8217;a\u00e9roport international Gnassingb\u00e9 Eyad\u00e9ma&#8230;&#8230;&#8230;&#8221;.<\/p>\n<p>Un message politique de la part du parti au pouvoir pour maquiller les ennuis de sant\u00e9 du pr\u00e9sident et\u00a0 tordre le cou aux rumeurs\u00a0 folles faisant \u00e9tat\u00a0\u00a0de son \u00a0d\u00e9c\u00e8s\u00a0 en Isra\u00ebl.<\/p>\n<p>L&#8217;opposition doit se ressaisir, monter la pression, rester mobilis\u00e9e, disposer d&#8217;une alternative cr\u00e9dible et se pr\u00e9parer\u00a0\u00e0 toutes les \u00e9ventualit\u00e9s.\u00a0Surtout ne pas se \u00a0laisser divertir pas les ennuis de sant\u00e9 de Faure\u00a0Gnassingb\u00e9, car bien qu&#8217;affaibli, le d\u00e9terminant\u00a0rappot de force reste bien \u00a0de son c\u00f4t\u00e9, du moins pour l&#8217;instant.<\/p>\n<p>Vicentey Ben Polar\u00a0 <a href=\"http:\/\/www.mtn-togo.org\/\">www.mtn-togo.org<\/a><\/p>\n<p>&nbsp;<\/p>\n","protected":false},"excerpt":{"rendered":"<p>Selon un communiqu\u00e9 du\u00a0\u00a0ministre de l&#8217;administration territoriale, de la d\u00e9centralisation et des collectivit\u00e9s locales, Gilbert Bawara, Faure\u00a0Gnassingb\u00e9 regagne Lom\u00e9 cet apr\u00e8s-midi .La mise en place doit \u00eatre termin\u00e9e \u00e0 17H, pr\u00e9cise\u00a0le texte \u00a0lu\u00a0\u00e0 la\u00a0t\u00e9l\u00e9vision\u00a0dont les airs\u00a0ont pris\u00a0\u00a0l&#8217;allure d&#8217;un accueil chaleureux\u00a0et militant \u00a0pour un retour triomphal digne du temps du d\u00e9funt dictateur Eyad\u00e9ma:<\/p>\n","protected":false},"author":7,"featured_media":0,"comment_status":"closed","ping_status":"open","sticky":false,"template":"","format":"standard","meta":[],"categories":[1],"tags":[132,158,120,121,160,159],"_links":{"self":[{"href":"http:\/\/mtn-togo.org\/index.php?rest_route=\/wp\/v2\/posts\/2331"}],"collection":[{"href":"http:\/\/mtn-togo.org\/index.php?rest_route=\/wp\/v2\/posts"}],"about":[{"href":"http:\/\/mtn-togo.org\/index.php?rest_route=\/wp\/v2\/types\/post"}],"author":[{"embeddable":true,"href":"http:\/\/mtn-togo.org\/index.php?rest_route=\/wp\/v2\/users\/7"}],"replies":[{"embeddable":true,"href":"http:\/\/mtn-togo.org\/index.php?rest_route=%2Fwp%2Fv2%2Fcomments&post=2331"}],"version-history":[{"count":6,"href":"http:\/\/mtn-togo.org\/index.php?rest_route=\/wp\/v2\/posts\/2331\/revisions"}],"predecessor-version":[{"id":2333,"href":"http:\/\/mtn-togo.org\/index.php?rest_route=\/wp\/v2\/posts\/2331\/revisions\/2333"}],"wp:attachment":[{"href":"http:\/\/mtn-togo.org\/index.php?rest_route=%2Fwp%2Fv2%2Fmedia&parent=2331"}],"wp:term":[{"taxonomy":"category","embeddable":true,"href":"http:\/\/mtn-togo.org\/index.php?rest_route=%2Fwp%2Fv2%2Fcategories&post=2331"},{"taxonomy":"post_tag","embeddable":true,"href":"http:\/\/mtn-togo.org\/index.php?rest_route=%2Fwp%2Fv2%2Ftags&post=2331"}],"curies":[{"name":"wp","href":"https:\/\/api.w.org\/{rel}","templated":true}]}}