{"id":2369,"date":"2012-12-07T08:34:32","date_gmt":"2012-12-07T14:34:32","guid":{"rendered":"http:\/\/mtn-togo.org\/?p=2369"},"modified":"2012-12-07T08:53:50","modified_gmt":"2012-12-07T14:53:50","slug":"le-quai-dorsay-exige-levacuation-sanitaire-de-loic-le-floch-prigent","status":"publish","type":"post","link":"http:\/\/mtn-togo.org\/?p=2369","title":{"rendered":"Le Quai d\u2019Orsay exige  l\u2019\u00e9vacuation sanitaire de Loic Le FLOCH PRIGENT."},"content":{"rendered":"<p><sub><sup><a href=\"http:\/\/mtn-togo.org\/wp-content\/uploads\/2012\/10\/Loik_Le_Floch_Prigent.jpg\"><img loading=\"lazy\" class=\"alignleft size-full wp-image-2043\" title=\"Loik_Le_Floch_Prigent\" src=\"http:\/\/mtn-togo.org\/wp-content\/uploads\/2012\/10\/Loik_Le_Floch_Prigent.jpg\" alt=\"\" width=\"271\" height=\"186\" \/><\/a><\/sup><\/sub><\/p>\n<p><em><sub><sup>Le cri\u00a0de detresse<\/sup><\/sub><sub><sup> lanc\u00e9 mercredi par la femme de l&#8217;ex-patron du groupe p\u00e9trolier Elf Lo\u00efk Le Floch-Prigent, d\u00e9tenu \u00e0 Lom\u00e9 pour une affaire d&#8217;escroquerie, d\u00e9clarant que son mari est \u00ab\u00a0pr\u00e8s de mourir\u00a0\u00bb et appelant le gouvernement fran\u00e7ais \u00e0 obtenir d&#8217;urgence des autorit\u00e9s togolaises une \u00e9vacuation sanitaire, semble avoir \u00e9t\u00e9 entendu.<\/sup><\/sub><\/em><\/p>\n<p><em><!--more--><\/em><\/p>\n<p><em><sub><sup>A Paris, le minist\u00e8re des Affaires \u00e9trang\u00e8res a r\u00e9agi \u00e0 l&#8217;appel de Marl\u00e8ne Le Floch-Prigent et r\u00e9affirm\u00e9 sa volont\u00e9 <strong>de le faire \u00e9vacuer vers la France.<\/strong><\/sup><\/sub><\/em><\/p>\n<p><em><sub><sup>&#8220;Nous entendons bien s\u00fbr cet appel et sommes en contact avec Mme Le Floch-Prigent&#8221;, a d\u00e9clar\u00e9 Philippe Lalliot, porte-parole du Quai d&#8217;Orsay, lors d&#8217;un point-presse.<\/sup><\/sub><\/em><\/p>\n<p><em><sub><sup>&#8220;Nous r\u00e9it\u00e9rons donc l&#8217;appel que nous avons lanc\u00e9 aux autorit\u00e9s togolaises <strong>depuis maintenant plusieurs semaines<\/strong><strong> :<\/strong> M. Le Floch-Prigent doit pouvoir b\u00e9n\u00e9ficier d&#8217;une \u00e9vacuation sanitaire lui permettant de subir en France une op\u00e9ration, d\u00e8s lors qu&#8217;elle n&#8217;est pas possible sur place&#8221;, a ajout\u00e9 le porte-parole.<\/sup><\/sub><\/em><\/p>\n<p><em><sub><sup>Le 5 octobre, Paris avait d\u00e9j\u00e0 demand\u00e9 \u00e0 Lom\u00e9 l&#8217;\u00e9vacuation sanitaire. &#8220;Comme les autorit\u00e9s fran\u00e7aises \u00e0 Paris, (l&#8217;ambassadeur de France au Togo) est totalement mobilis\u00e9 et a des contacts tr\u00e8s fr\u00e9quents avec les autorit\u00e9s togolaises sur ce sujet&#8221;, a rappel\u00e9 M. Lalliot.<\/sup><\/sub><\/em><\/p>\n<p><em><sub><sup>A Lom\u00e9, le ministre togolais\u00a0de la Justice, Tchitao\u00a0Tchalim, joint par l&#8217;AFP, a simplement indiqu\u00e9 que les autorit\u00e9s de son pays formuleraient <strong>une r\u00e9ponse \u00e0 la requ\u00eate de Paris<\/strong><strong>,<\/strong> sans plus de d\u00e9tails.<\/sup><\/sub><\/em><\/p>\n<p><em><sub><sup>source focusinfo.net<\/sup><\/sub><\/em><\/p>\n","protected":false},"excerpt":{"rendered":"<p>Le cri\u00a0de detresse lanc\u00e9 mercredi par la femme de l&#8217;ex-patron du groupe p\u00e9trolier Elf Lo\u00efk Le Floch-Prigent, d\u00e9tenu \u00e0 Lom\u00e9 pour une affaire d&#8217;escroquerie, d\u00e9clarant que son mari est \u00ab\u00a0pr\u00e8s de mourir\u00a0\u00bb et appelant le gouvernement fran\u00e7ais \u00e0 obtenir d&#8217;urgence des autorit\u00e9s togolaises une \u00e9vacuation sanitaire, semble avoir \u00e9t\u00e9 entendu.<\/p>\n","protected":false},"author":7,"featured_media":0,"comment_status":"closed","ping_status":"open","sticky":false,"template":"","format":"standard","meta":[],"categories":[1],"tags":[180,158,183,182,186,128,144,185,181,187,179,184],"_links":{"self":[{"href":"http:\/\/mtn-togo.org\/index.php?rest_route=\/wp\/v2\/posts\/2369"}],"collection":[{"href":"http:\/\/mtn-togo.org\/index.php?rest_route=\/wp\/v2\/posts"}],"about":[{"href":"http:\/\/mtn-togo.org\/index.php?rest_route=\/wp\/v2\/types\/post"}],"author":[{"embeddable":true,"href":"http:\/\/mtn-togo.org\/index.php?rest_route=\/wp\/v2\/users\/7"}],"replies":[{"embeddable":true,"href":"http:\/\/mtn-togo.org\/index.php?rest_route=%2Fwp%2Fv2%2Fcomments&post=2369"}],"version-history":[{"count":5,"href":"http:\/\/mtn-togo.org\/index.php?rest_route=\/wp\/v2\/posts\/2369\/revisions"}],"predecessor-version":[{"id":2374,"href":"http:\/\/mtn-togo.org\/index.php?rest_route=\/wp\/v2\/posts\/2369\/revisions\/2374"}],"wp:attachment":[{"href":"http:\/\/mtn-togo.org\/index.php?rest_route=%2Fwp%2Fv2%2Fmedia&parent=2369"}],"wp:term":[{"taxonomy":"category","embeddable":true,"href":"http:\/\/mtn-togo.org\/index.php?rest_route=%2Fwp%2Fv2%2Fcategories&post=2369"},{"taxonomy":"post_tag","embeddable":true,"href":"http:\/\/mtn-togo.org\/index.php?rest_route=%2Fwp%2Fv2%2Ftags&post=2369"}],"curies":[{"name":"wp","href":"https:\/\/api.w.org\/{rel}","templated":true}]}}