{"id":2397,"date":"2012-12-11T08:18:47","date_gmt":"2012-12-11T14:18:47","guid":{"rendered":"http:\/\/mtn-togo.org\/?p=2397"},"modified":"2012-12-11T08:22:47","modified_gmt":"2012-12-11T14:22:47","slug":"faure-gnassingbe-rate-son-retour-triomphal-a-kara-et-accuse-un-proche-davoir-devoile-sa-maladie","status":"publish","type":"post","link":"http:\/\/mtn-togo.org\/?p=2397","title":{"rendered":"Faure Gnassingb\u00e9 rate son retour triomphal \u00e0 Kara et accuse un proche d&#8217;avoir  d\u00e9voil\u00e9 sa maladie."},"content":{"rendered":"<p><a href=\"http:\/\/mtn-togo.org\/wp-content\/uploads\/2012\/11\/FaureGnassingb\u00e9_pensif.png\"><img loading=\"lazy\" class=\"alignleft size-full wp-image-2310\" title=\"FaureGnassingb\u00e9_pensif\" src=\"http:\/\/mtn-togo.org\/wp-content\/uploads\/2012\/11\/FaureGnassingb\u00e9_pensif.png\" alt=\"\" width=\"167\" height=\"115\" \/><\/a>Faure Gnassingb\u00e9\u00a0\u00e0 ses sympathisants:\u00a0\u00ab\u00a0Est-ce que le fait d\u2019\u00eatre malade signifie qu\u2019on est mort ?\u00a0La maladie est-elle synonyme de la mort\u00a0?\u00bb<\/p>\n<p><strong><em><!--more-->Apr\u00e8s son show \u00e0 Lom\u00e9 que ses flagorneurs ont vite fait de qualifier de \u00ab\u00a0retour triomphal\u00a0\u00bb sans que nul ne sache en quoi son retour d\u2019Isra\u00ebl \u00e9tait triomphal, Faure\u00a0Gnassingb\u00e9 \u00e9tait le samedi 08 d\u00e9cembre \u00e0 Kara. Probablement pour r\u00e9\u00e9diter cet exploit. Mais c\u2019\u00e9tait compter sans le public sorti peu nombreux \u00e0 sa rencontre et l\u2019accident des militants de l\u2019UNIR venus de Sarakawa\u00a0\u00e0 Kara, sur le chemin de retour. Un fait anecdotique mais qui a tout son sens dans la pol\u00e9mique qui agite l\u2019opinion au sujet de l\u2019\u00e9tat de sant\u00e9 de Faure Gnassingb\u00e9, c\u2019est que dans un message adress\u00e9 aux siens en langue kaby\u00e8, le Chef de l\u2019Etat a reconnu \u00eatre malade. <\/em><\/strong><\/p>\n<p>Une ambiance plut\u00f4t morose, des militants tr\u00e8s peu enthousiastes, la salle du Palais des Congr\u00e8s de Kara\u00a0\u00e0 moiti\u00e9 vide, le d\u00e9cor a contrast\u00e9 fortement avec le d\u00e9lire qui s\u2019\u00e9tait saisi des militants de l\u2019UNIR partis accueillir Faure\u00a0Gnassingb\u00e9 \u00e0 l\u2019a\u00e9roport international de Lom\u00e9-Tokoin, \u00e0 son retour d\u2019Isra\u00ebl. On est \u00e0 Kara, chef-lieu de la pr\u00e9fecture de la Kozah, consid\u00e9r\u00e9e \u00e0 tort ou \u00e0 raison comme le fief du pouvoir Gnassingb\u00e9, de p\u00e8re en fils. Et pourtant, ce ne sont pas les imaginations fertiles qui ont manqu\u00e9. La m\u00e9thode import-export qui consiste \u00e0 convoyer les militants d\u2019un coin \u00e0 un autre pour cr\u00e9er l\u2019apparence trompeuse d\u2019une popularit\u00e9, a \u00e9t\u00e9 encore une fois privil\u00e9gi\u00e9e. M\u00eame le grand march\u00e9 de Kara a \u00e9t\u00e9 ferm\u00e9. Le but inavou\u00e9 de cette mesure, contraindre les commer\u00e7ants et commer\u00e7antes \u00e0 aller \u00e0 la rencontre de Faure\u00a0Gnassingb\u00e9, bref, gonfler la foule de militants de l\u2019UNIR et faire d\u2019eux, des militants malgr\u00e9 eux du nouveau parti pr\u00e9sidentiel. Mais cette fois-ci, la mayonnaise n\u2019a pas vraiment pris. Ce n\u2019\u00e9tait pas la foule des grands jours. Cependant contre mauvaise fortune, faisant bon c\u0153ur, il s\u2019est adress\u00e9 \u00e0 son fan club. Mais pour arriver au Palais des Congr\u00e8s, Faure\u00a0Gnassingb\u00e9 a battu le macadam, de la pr\u00e9fecture de la Kozah jusqu\u2019au Palais des Congr\u00e8s et ainsi r\u00e9alis\u00e9 une performance (sic), celle d\u2019avoir parcouru une distance d\u2019environ trois cents (300) m\u00e8tres \u00e0 pied. Vraisemblablement pour d\u00e9mentir les informations alarmistes qui le disaient mort. Et pour permettre aux d\u00e9l\u00e9gations pr\u00e9sentes de c\u00e9l\u00e9brer son <em>\u00ab\u00a0retour triomphal\u00a0\u00bb<\/em>, Faure Gnassingb\u00e9 a, selon les informations recueillies, offert un b\u0153uf \u00e0 chacune d\u2019elles.<\/p>\n<p>Apr\u00e8s son intervention en langue fran\u00e7aise, il placera quelques mots en kaby\u00e8, confirmant l\u2019adage selon lequel on raconte les choses les plus pr\u00e9occupantes dans sa langue maternelle. La phrase qui aura retenu l\u2019attention de ce public \u00e9tait\u00a0: <em>\u00ab\u00a0Pouwou\u00a0Eyou\u00a0Esi\u00a0Poutobou\u00a0si esiba\u00a0\u00bb.<\/em> Litt\u00e9ralement, cette phrase signifie, selon un natif du milieu\u00a0: <em>\u00ab\u00a0Est-ce que le fait d\u2019\u00eatre malade signifie qu\u2019on est mort\u00a0? Ou encore \u00ab\u00a0La maladie signifie-elle la mort\u00a0\u00bb\u00a0<\/em>? Une phrase l\u00e2ch\u00e9e qui, loin d\u2019\u00eatre une boulette, reste l\u2019aveu de Faure\u00a0Gnassingb\u00e9 sur son \u00e9tat de sant\u00e9. Et aussi un cinglant camouflet pour ses propres flagorneurs qui nient en bloc toute information sur sa maladie. Devenant incisif, il jettera l\u2019anath\u00e8me sur un proche collaborateur qu\u2019il s\u2019est gard\u00e9 de nommer, et qui serait, selon lui, celui par qui la folle rumeur de son d\u00e9c\u00e8s s\u2019est r\u00e9pandue comme une tra\u00een\u00e9e de poudre, a-t-on appris, de sources s\u00fbres. Les m\u00eames sources assurent que le show pr\u00e9vu par Faure Gnassingb\u00e9 a tourn\u00e9 \u00e0 une d\u00e9sillusion. Jusque-l\u00e0, le Prince n\u2019\u00e9tait pas encore au bout de ses peines.<\/p>\n<p>En effet, comme si cela ne suffisait pas, les informations re\u00e7ues le m\u00eame jour, aux environs de 15 heures, ont fait \u00e9tat d\u2019un accident dont le bilan humain reste lourd pour les partisans de l\u2019UNIR. Selon quelques t\u00e9moins de la sc\u00e8ne, un camion\u00a0benne\u00a0ramenant \u00e0 Sarakawa les militants du parti venus\u00a0accueillir Faure\u00a0\u00e0 Kara, a fait un accident. Bilan\u00a0: Au moins trois (03) morts et de tr\u00e8s nombreux bless\u00e9s. Un d\u00e9placement pr\u00e9sidentiel au go\u00fbt tr\u00e8s amer\u00a0! Selon les informations recueillies, une fois l\u2019accident survenu, toute la ville de Kara a \u00e9t\u00e9 priv\u00e9e d\u2019\u00e9lectricit\u00e9. Etrange\u00a0co\u00efncidence. Selon plusieurs habitants de la ville dont les propos nous ont \u00e9t\u00e9 rapport\u00e9s, cette coupure subite d\u2019\u00e9lectricit\u00e9 visait \u00e0 emp\u00eacher les jeunes d\u2019envoyer les photos de l\u2019accident sur les r\u00e9seaux sociaux. Pour une autre frange de la population, ce raisonnement \u00e9tait \u00e0 battre en br\u00e8ches\u00a0; puisque de toute fa\u00e7on, l\u2019\u00e9lectricit\u00e9 a \u00e9t\u00e9 r\u00e9tablie quelques heures plus tard et que ce que les gens n\u2019ont pas fait instantan\u00e9ment, ils l\u2019ont probablement fait apr\u00e8s.<\/p>\n<p>En rappel, depuis l\u2019\u00e9clatement de l\u2019affaire Bodjona, du nom de l\u2019ex-homme \u00e0 tout faire de Faure\u00a0Gnassingb\u00e9 d\u00e9tenu \u00e0 la Gendarmerie nationale, le fils d\u2019Eyad\u00e9ma peine \u00e0 rassembler du monde dans la Kozah. A maintes reprises, craignant une faible mobilisation des populations de Kara\u00a0profond\u00e9ment divis\u00e9es par les affaires Kpatcha\u00a0Gnassingb\u00e9 et Pascal Bodjona, des appels \u00e0 des manifestations de soutien \u00e0 Faure Gnassingb\u00e9 annonc\u00e9s par ses affid\u00e9s ont \u00e9t\u00e9 annul\u00e9s, parfois report\u00e9s, voire renvoy\u00e9s \u00e0 la Saint Glinglin.<\/p>\n<p align=\"center\"><strong><em>Magnanus\u00a0FREEMAN\u00a0\u00a0\u00a0\u00a0\u00a0 <\/em><\/strong><strong><em><strong><a href=\"http:\/\/www.liberte-togo.com\/\">www.liberte-togo.com<\/a><\/strong> <\/em><\/strong><\/p>\n","protected":false},"excerpt":{"rendered":"<p>Faure Gnassingb\u00e9\u00a0\u00e0 ses sympathisants:\u00a0\u00ab\u00a0Est-ce que le fait d\u2019\u00eatre malade signifie qu\u2019on est mort ?\u00a0La maladie est-elle synonyme de la mort\u00a0?\u00bb<\/p>\n","protected":false},"author":7,"featured_media":0,"comment_status":"closed","ping_status":"open","sticky":false,"template":"","format":"standard","meta":[],"categories":[1],"tags":[198,120,197,200,199],"_links":{"self":[{"href":"http:\/\/mtn-togo.org\/index.php?rest_route=\/wp\/v2\/posts\/2397"}],"collection":[{"href":"http:\/\/mtn-togo.org\/index.php?rest_route=\/wp\/v2\/posts"}],"about":[{"href":"http:\/\/mtn-togo.org\/index.php?rest_route=\/wp\/v2\/types\/post"}],"author":[{"embeddable":true,"href":"http:\/\/mtn-togo.org\/index.php?rest_route=\/wp\/v2\/users\/7"}],"replies":[{"embeddable":true,"href":"http:\/\/mtn-togo.org\/index.php?rest_route=%2Fwp%2Fv2%2Fcomments&post=2397"}],"version-history":[{"count":5,"href":"http:\/\/mtn-togo.org\/index.php?rest_route=\/wp\/v2\/posts\/2397\/revisions"}],"predecessor-version":[{"id":2401,"href":"http:\/\/mtn-togo.org\/index.php?rest_route=\/wp\/v2\/posts\/2397\/revisions\/2401"}],"wp:attachment":[{"href":"http:\/\/mtn-togo.org\/index.php?rest_route=%2Fwp%2Fv2%2Fmedia&parent=2397"}],"wp:term":[{"taxonomy":"category","embeddable":true,"href":"http:\/\/mtn-togo.org\/index.php?rest_route=%2Fwp%2Fv2%2Fcategories&post=2397"},{"taxonomy":"post_tag","embeddable":true,"href":"http:\/\/mtn-togo.org\/index.php?rest_route=%2Fwp%2Fv2%2Ftags&post=2397"}],"curies":[{"name":"wp","href":"https:\/\/api.w.org\/{rel}","templated":true}]}}