{"id":2418,"date":"2012-12-15T07:51:25","date_gmt":"2012-12-15T13:51:25","guid":{"rendered":"http:\/\/mtn-togo.org\/?p=2418"},"modified":"2012-12-15T07:51:29","modified_gmt":"2012-12-15T13:51:29","slug":"les-prisonniers-de-faure-gnassingbe-nont-aucune-chance-dobtenir-sa-grace-meme-dans-lau-delas-lhomme-est-impitoyable-et-cruel","status":"publish","type":"post","link":"http:\/\/mtn-togo.org\/?p=2418","title":{"rendered":"Les prisonniers de Faure Gnassingb\u00e9 n&#8217;ont aucune chance d&#8217;obtenir sa gr\u00e2ce, m\u00eame dans l&#8217;au-del\u00e0s.L&#8217;homme est impitoyable et cruel."},"content":{"rendered":"<p><a href=\"http:\/\/mtn-togo.org\/wp-content\/uploads\/2012\/11\/Faure_Gnassingb\u00e9.jpg\"><img loading=\"lazy\" class=\"alignleft size-medium wp-image-2279\" title=\"Faure_Gnassingb\u00e9\" src=\"http:\/\/mtn-togo.org\/wp-content\/uploads\/2012\/11\/Faure_Gnassingb\u00e9-300x227.jpg\" alt=\"\" width=\"300\" height=\"227\" srcset=\"http:\/\/mtn-togo.org\/wp-content\/uploads\/2012\/11\/Faure_Gnassingb\u00e9-300x227.jpg 300w, http:\/\/mtn-togo.org\/wp-content\/uploads\/2012\/11\/Faure_Gnassingb\u00e9.jpg 395w\" sizes=\"(max-width: 300px) 100vw, 300px\" \/><\/a>Le G\u00e9n\u00e9ral Assani Tidjani, l\u2019un des officiers sup\u00e9rieurs de l\u2019arm\u00e9e ayant fait all\u00e9geance le 5 f\u00e9vrier 2005 \u00e0 Faure Gnassingb\u00e9 \u00e0 la suite du d\u00e9c\u00e8s d\u2019Eyad\u00e9ma et particip\u00e9 activement \u00e0 son installation au pouvoir en r\u00e9primant les populations en avril 2005, est pass\u00e9 de vie \u00e0 tr\u00e9pas. <!--more-->Apr\u00e8s la mise en bi\u00e8re pr\u00e9vue pour jeudi, la d\u00e9pouille sera embarqu\u00e9e le lendemain pour le Nigeria et non le Togo qui l\u2019a vu na\u00eetre et o\u00f9 il a pass\u00e9 toute sa vie. Le corps devra \u00eatre inhum\u00e9 certainement le samedi, et la page du G\u00e9n\u00e9ral tourn\u00e9e. Ainsi la vie va continuer sans lui, et ce sera le tour d\u2019un autre prochainement. Mais ce qui m\u00e9rite d\u2019\u00eatre soulign\u00e9, c\u2019est le manque d\u2019humanisme dont fait preuve Faure Gnassingb\u00e9 \u00e0 l\u2019\u00e9gard des d\u00e9tenus malades. Rappelant aussi merveilleusement le P\u00e8re Ubu.<\/p>\n<p align=\"center\"><strong>Graci\u00e9 pour aller mourir ailleurs<\/strong><\/p>\n<p>Nombre de Togolais auraient sans doute jet\u00e9 des fleurs \u00e0 Faure Gnassingb\u00e9 lorsqu\u2019ils avaient appris en d\u00e9but octobre 2011, la nouvelle de la gr\u00e2ce pr\u00e9sidentielle accord\u00e9e au G\u00e9n\u00e9ral Assani Tidjani afin de lui permettre d\u2019aller se faire soigner en France. Le geste \u00e9tait attendu depuis longtemps, vu que l\u2019homme avait d\u00e9p\u00e9ri en l\u2019espace d\u2019une semaine de d\u00e9tention en prison et fait plusieurs crises qui n\u00e9cessit\u00e8rent des hospitalisations au pavillon militaire du CHU-Tokoin. C\u2019\u00e9tait donc le soulagement lorsque le condamn\u00e9 \u00e0 20 ans de prison fut \u00e9vacu\u00e9 le 2 octobre 2011. Mais ce que le commun des Togolais ne savait pas, c\u2019est que Faure Gnassingb\u00e9 lui a accord\u00e9 la gr\u00e2ce, non pour lui permettre d\u2019aller se faire soigner en France, mais de mourir hors du Togo.<\/p>\n<p>Nous en faisions la r\u00e9v\u00e9lation dans la parution de lundi, un check-up de sa sant\u00e9 effectu\u00e9 par un m\u00e9decin tr\u00e8s proche du Prince de la R\u00e9publique ne pronostiquait au G\u00e9n\u00e9ral que trois (03) mois de vie, et c\u2019est sur la base de ces conclusions alarmantes que le plus \u00ab<em>Faure<\/em>\u00bb des Gnassingb\u00e9 aurait d\u00e9cid\u00e9 de le laisser partir. Pour \u00e9viter donc qu\u2019il tr\u00e9passe en prison au Togo, ce qui aurait suscit\u00e9 une autre pol\u00e9mique. Le pronostic des trois mois a \u00e9t\u00e9 certes d\u00e9jou\u00e9, gr\u00e2ce \u00e0 la m\u00e9decine fran\u00e7aise et Assani Tidjani est rest\u00e9 en vie durant plus de quatorze mois. Mais comme son \u00e9tat de sant\u00e9 \u00e9tait irr\u00e9versible, il a fini par rendre le dernier souffle le vendredi 7 d\u00e9cembre dernier. A Limoges en terre fran\u00e7aise. Au grand bonheur (sic) sans doute du Prince qui ne voulait pas le voir mourir sur la terre qui l\u2019a vu na\u00eetre. Qui sait, peut-\u00eatre que la vie du G\u00e9n\u00e9ral aurait \u00e9t\u00e9 sauv\u00e9e s\u2019il avait \u00e9t\u00e9 graci\u00e9 et \u00e9vacu\u00e9 un peu plus t\u00f4t en France. Mais la volont\u00e9 du <em>\u00ab\u00a0Leader nouveau\u00a0\u00bb<\/em> qui voulait co\u00fbte que co\u00fbte le coincer est pass\u00e9e d\u2019abord. De la m\u00e9chancet\u00e9, dites-vous\u00a0?<\/p>\n<p align=\"center\"><strong>Lo\u00efk Le Floch-Prigent souffre en prison<\/strong><\/p>\n<p>Il souffre<strong> <\/strong>d\u2019un psoriasis (depuis l\u2019\u00e2ge de 15 ans, selon son \u00e9pouse) qui a d\u00e9g\u00e9n\u00e9r\u00e9 en cancer et devrait subir une intervention chirurgicale le 26 septembre 2012 en France. Il s\u2019appr\u00eatait \u00e0 prendre le vol pour rejoindre son pays natal lorsqu\u2019il fut appr\u00e9hend\u00e9 \u00e0 Abidjan en C\u00f4te d\u2019Ivoire le 15 septembre, puis transf\u00e9r\u00e9 au Togo. Et depuis, il est d\u00e9tenu dans les locaux de la Gendarmerie nationale. Sans op\u00e9ration. Et le mal s\u2019empire.<\/p>\n<p>La vie de Lo\u00efk Le Floch-Prigent \u00e9tant en danger, ses avocats avaient entre-temps requis de la Justice une lib\u00e9ration provisoire, mieux, une \u00e9vacuation sanitaire en France. Apr\u00e8s des semaines de tergiversation, elle a enfin acc\u00e9d\u00e9 (sic) \u00e0 la demande le 26 octobre dernier, mais en fixant une caution lib\u00e9ratoire de 9 millions de dollars, soit pr\u00e8s de 5 milliards de francs CFA. Fantaisiste et absurde, juge son conseil qui se d\u00e9sole qu\u2019on exige une caution pour permettre l\u2019\u00e9vacuation sanitaire d\u2019un d\u00e9tenu souffrant. Une premi\u00e8re dans le monde, disent les avocats qui ne voient rien d\u2019autre qu\u2019une mise \u00e0 mort volontaire de leur client. N\u00e9anmoins, ils interjettent appel, et le 23 novembre dernier, en lieu et place d\u2019une lib\u00e9ration pure et simple, la Chambre d\u2019accusation de la Cour d\u2019appel ramena la caution \u00e0 6 millions de dollars, autour de 3 milliards FCFA donc.<\/p>\n<p>Pendant tout ce temps, la sant\u00e9 de l\u2019ancien PDG du Groupe Elf se d\u00e9grade, le rapprochant dangereusement de la mort. Ce qui a pouss\u00e9 son \u00e9pouse \u00e0 saisir Fran\u00e7ois Hollande par courrier le mercredi 5 d\u00e9cembre dernier et \u00e0 requ\u00e9rir son intercession aupr\u00e8s des autorit\u00e9s togolaises afin que son mari soit sauv\u00e9, car il est <em>\u00ab\u00a0tout pr\u00e8s de mourir\u00a0\u00bb.<\/em> Cette sortie a quelque peu fait bouger les lignes, car le Quai d\u2019Orsay a saisi quelques heures plus tard le Togo du cas du citoyen fran\u00e7ais. Mais en lieu et place d\u2019une \u00e9vacuation sanitaire, Lom\u00e9 a juste conc\u00e9d\u00e9 qu\u2019il soit soign\u00e9 ici, et un m\u00e9decin fran\u00e7ais devrait arriver dans nos murs \u00e0 cette fin. Un petit soulagement certes, mais les chances de r\u00e9ussite de l\u2019op\u00e9ration sont minces. M\u00eame si le m\u00e9decin envoy\u00e9 est un sp\u00e9cialiste confirm\u00e9, les conditions de r\u00e9ussite de l\u2019intervention sont loin d\u2019\u00eatre remplies. Les avocats du Fran\u00e7ais l\u2019ont d\u00e9j\u00e0 soulign\u00e9, les \u00e9quipements n\u00e9cessaires \u00e0 ce genre d\u2019op\u00e9ration n\u2019existent pas dans notre pays. C\u2019est un secret de Polichinelle, les h\u00f4pitaux (publics surtout) au Togo sont de v\u00e9ritables mouroirs, et c\u2019est en toute connaissance de cause que les pontes du r\u00e9gime sautent au moindre bobo dans le premier avion pour aller se faire soigner dans les h\u00f4pitaux \u00e9trangers. Un petit-fils du Baobab n\u2019avait-il pas \u00e9t\u00e9 \u00e9vacu\u00e9 entre-temps en France pour une simple fracture au bras pour \u00eatre pl\u00e2tr\u00e9\u00a0? Dans le cas de Lo\u00efk Le Floch-Prigent, il ne s\u2019agit pas d\u2019une de ces pathologies des Tropiques, comme le paludisme, et pour lesquelles il existe forc\u00e9ment des m\u00e9decins traitants et des \u00e9quipements ad\u00e9quats. Il est question d\u2019une maladie bien particuli\u00e8re que les m\u00e9decins locaux n\u2019ont sans doute jamais connue, ou du moins enregistrent rarement. Cette option de faire venir un m\u00e9decin de France pour op\u00e9rer l\u2019ancien PDG de Elf au Togo para\u00eet au demeurant comme une autre forme de sa mise \u00e0 mort. Ainsi en a voulu le Prince de la R\u00e9publique.<\/p>\n<p>Mais quel int\u00e9r\u00eat diantre a-t-il \u00e0 garder un d\u00e9tenu fran\u00e7ais souffrant et le voir mourir au Togo\u00a0? Est-ce tant au nom de sa soif de Justice\u00a0? <em>\u00ab\u00a0Apr\u00e8s l\u2019op\u00e9ration et le suivi des soins, la Justice togolaise aura tout le temps de faire son travail\u00a0\u00bb, <\/em>a promis Mme Marl\u00e8ne Le Floch-Prigent dans son courrier adress\u00e9 au Pr\u00e9sident fran\u00e7ais, pour rassurer Faure Gnassingb\u00e9 et ses disciples\u00a0; mais rien n\u2019y fit. M\u00eame si on peut redouter que la Justice fran\u00e7aise prot\u00e8ge son citoyen une fois lib\u00e9r\u00e9, le monde entier ne sera-t-il pas t\u00e9moin de cette jurisprudence si cela advenait\u00a0? Personne n\u2019est dupe, une \u00e9ventuelle lib\u00e9ration de Le Floch-Prigent enl\u00e8verait toute l\u00e9gitimit\u00e9 \u00e0 l\u2019emprisonnement de Pascal Bodjona et de son cousin Bertin Sow Agba . Et pour pouvoir les coincer (la r\u00e9elle volont\u00e9 de Faure Gnassingb\u00e9), il faut le maintenir sous contr\u00f4le. C\u2019est le v\u00e9ritable enjeu qui se joue derri\u00e8re ce refus de la Justice togolaise de permettre l\u2019\u00e9vacuation sanitaire du Fran\u00e7ais.<\/p>\n<p align=\"center\"><strong>Faure insensible aux supplications des enfants d\u2019Adjinon <\/strong><\/p>\n<p>Adjinon Lambert, voil\u00e0 un autre cas o\u00f9 se joue le manque d\u2019humanisme ou plut\u00f4t la m\u00e9chancet\u00e9 du Prince. Il souffre depuis son passage \u00e0 l\u2019Agence nationale de renseignement (Anr), d\u2019une infirmit\u00e9 auditive cons\u00e9cutive \u00e0 une inflammation de l\u2019oreille moyenne gauche. Un mal qu\u2019il a chopp\u00e9 \u00e0 la suite des tortures subies dans le royaume de Yotrof\u00e9\u00ef Massina qu\u2019il a qualifi\u00e9 lors du proc\u00e8s dans l\u2019affaire d\u2019atteinte \u00e0 la s\u00fbret\u00e9 de l\u2019Etat en septembre 2011, de monstre, de sadique, de psychopathe, <em>\u00ab\u00a0une personne qui \u00e9prouve beaucoup de plaisir \u00e0 faire du mal\u00a0\u00bb.<\/em> <em>\u00ab A chaque heure, il y avait quelqu\u2019un qui \u00e9tait charg\u00e9, avec une barre m\u00e9tallique de taper tr\u00e8s fortement sur nos portes qui sont des portes m\u00e9talliques. Les bruits \u00e9taient si forts qu\u2019un jour, voulant boucher mes oreilles, j\u2019\u00e9tais troubl\u00e9 et j\u2019ai bouch\u00e9 mes narines, et c\u2019est apr\u00e8s, que je m\u2019en suis rendu compte \u00bb<\/em>, avait-il t\u00e9moign\u00e9 \u00e0 la barre. C\u2019est sans doute l\u2019origine de son mal.<\/p>\n<p>Les tortures r\u00e9v\u00e9l\u00e9es lors du proc\u00e8s ont \u00e9t\u00e9 confirm\u00e9es par le rapport de la Commission nationale des droits de l\u2019Homme (Cndh). A la demande des autorit\u00e9s p\u00e9nitentiaires, une expertise m\u00e9dicale a \u00e9t\u00e9 effectu\u00e9e et le mal confirm\u00e9 par un sp\u00e9cialiste ORL, ensuite par scanner, puis enfin par l\u2019IRM (Imagerie par R\u00e9sonnance Magn\u00e9tique). Les m\u00e9decins ont pris soin de pr\u00e9ciser que l\u2019inflammation prenait du volume et n\u00e9cessitait une intervention chirurgicale, qui n\u2019est malheureusement pas possible au Togo, mais en France. Mais plus d\u2019un an apr\u00e8s le proc\u00e8s, les autorit\u00e9s refusent d\u2019accorder l\u2019autorisation pour l\u2019\u00e9vacuation sanitaire du malade, qui croupit toujours \u00e0 la prison civile de Lom\u00e9. Les cris des organisations de d\u00e9fense des droits de l\u2019Homme, avec en p\u00f4le position la Ligue togolaise des droits de l\u2019Homme (Ltdh) et tout r\u00e9cemment l\u2019Association des victimes de la torture au Togo (Asvitto) pr\u00e9sid\u00e9e par un certain Olivier Amah, victime lui aussi de ces traitements inhumains \u00e0 l\u2019Anr, n\u2019y ont rien fait. Le cas d\u2019Adjinon Lambert a \u00e9t\u00e9 encore r\u00e9cemment \u00e9voqu\u00e9 au Comit\u00e9 des Nations Unies contre la torture \u00e0 Gen\u00e8ve o\u00f9 le Togo \u00e9tait. Au terme des travaux, il a \u00e9t\u00e9 recommand\u00e9 express\u00e9ment aux autorit\u00e9s de notre pays d\u2019\u00e9vacuer l\u2019ancien pilote, condamn\u00e9 gratuitement dans cette affaire (l\u2019Avocat g\u00e9n\u00e9ral Missit\u00e9, auteur de la poursuite contre Kpatcha Gnassingb\u00e9 et consorts, n\u2019avait requis contre lui aucune condamnation, pour absence de preuves sur son implication\u00a0; mais le juge Abalo P\u00e9tch\u00e9l\u00e9bia a trouv\u00e9 mati\u00e8re \u00e0 prononcer \u00e0 son encontre 7 ans de r\u00e9clusion criminelle). Mais l\u2019homme est toujours maintenu en prison, dans son \u00e9tat. On retiendra surtout comme preuve de la m\u00e9chancet\u00e9 du Prince son impassibilit\u00e9 devant les supplications des enfants du Capitaine.<\/p>\n<p><em>\u00ab\u2026Mon p\u00e8re a contract\u00e9 une tumeur \u00e0 l\u2019oreille lors de son s\u00e9jour \u00e0 l\u2019ANR. Les pronostics des m\u00e9decins disent qu\u2019il doit obligatoirement subir une intervention chirurgicale qui, malheureusement, ne peut pas se faire au Togo. Je demande aux m\u00e9dias de relayer cette affaire pour que le Pr\u00e9sident puisse autoriser son \u00e9vacuation vers un h\u00f4pital europ\u00e9en de pr\u00e9f\u00e9rence\u00bb,<\/em> avait plaid\u00e9 le plus \u00e2g\u00e9 d\u2019entre eux au cours d\u2019une conf\u00e9rence de presse organis\u00e9e d\u00e9but septembre dernier par l\u2019Asvitto, en r\u00e9action au communiqu\u00e9 du Conseil des ministres du 30 ao\u00fbt 2012 laissant croire que le rapport de la Cndh \u00e9tait appliqu\u00e9 \u00e0 90 %. <em>\u00ab Je suis ici pour vous dire que depuis qu\u2019on a arr\u00eat\u00e9 mon p\u00e8re le 19 avril 2009, je ne l\u2019ai revu que le 16 septembre 2011. A tous ceux qui m\u2019entendent, qu\u2019ils sachent que c\u2019est seulement ma m\u00e8re et quelques parents qui nous viennent en aide pour l\u2019\u00e9cole, le manger. Et actuellement, c\u2019est ma m\u00e8re qui s\u2019occupe de mon p\u00e8re. Je demande au chef de l\u2019Etat \u00e0 travers les journalistes, d\u2019\u00e9vacuer mon p\u00e8re le plus vite possible afin qu\u2019il aille dans un h\u00f4pital qui pourra l\u2019op\u00e9rer, car j\u2019ai entendu dire que si la tumeur n\u2019est pas trait\u00e9e, bient\u00f4t il ne sera plus l\u00e0 parmi nous \u00bb<\/em>, avait d\u00e9clar\u00e9 pour sa part sa petite fille. Des propos qui ont cr\u00e9\u00e9 la chair de poule dans l\u2019assistance. Mais ces supplications des enfants, ces doux \u00eatres, n\u2019ont pas \u00e9mu Son Excellence Faure Gnassingb\u00e9 jusqu\u2019\u00e0 ce jour.<\/p>\n<p>Les nouveaux griots de Faure dans la corporation, de retour d\u2019Isra\u00ebl le peignaient comme J\u00e9sus Christ, du moins comme un Saint dont la visite en un lieu historique a engendr\u00e9 des signes d\u2019illumination dans le ciel. Soit. Un Saint, \u00e7a brille de vertus, de gr\u00e2ce\u00a0; \u00e7a a du c\u0153ur, \u00e7a pardonne, \u00e7a\u2026Mais celui que l\u2019on a au Togo est l\u2019incarnation m\u00eame de la m\u00e9chancet\u00e9, rappelant fort bien le P\u00e8re Ubu, ce personnage symbolisant la cruaut\u00e9 humaine dans la pi\u00e8ce th\u00e9atrale Ubu roi d\u2019Alred Jarry. Quand on refuse \u00e0 des \u00eatres humains, qui plus est des d\u00e9tenus souffrants, fussent-ils des diables, de se faire soigner, il n\u2019y a pas autre mot pour qualifier ce refus. Et dans la vie, ces genres de comportements se paient.<\/p>\n<p align=\"center\"><strong><em>Tino Kossi\u00a0\u00a0\u00a0\u00a0\u00a0\u00a0\u00a0\u00a0\u00a0\u00a0\u00a0\u00a0\u00a0\u00a0\u00a0\u00a0\u00a0\u00a0\u00a0\u00a0\u00a0\u00a0\u00a0\u00a0\u00a0\u00a0\u00a0\u00a0\u00a0\u00a0\u00a0\u00a0\u00a0\u00a0\u00a0\u00a0\u00a0\u00a0\u00a0\u00a0\u00a0\u00a0\u00a0\u00a0\u00a0\u00a0\u00a0\u00a0\u00a0 \u00a0<a href=\"http:\/\/www.liberte-togo.com\/\">www.liberte-togo.com<\/a><\/em><\/strong><\/p>\n","protected":false},"excerpt":{"rendered":"<p>Le G\u00e9n\u00e9ral Assani Tidjani, l\u2019un des officiers sup\u00e9rieurs de l\u2019arm\u00e9e ayant fait all\u00e9geance le 5 f\u00e9vrier 2005 \u00e0 Faure Gnassingb\u00e9 \u00e0 la suite du d\u00e9c\u00e8s d\u2019Eyad\u00e9ma et particip\u00e9 activement \u00e0 son installation au pouvoir en r\u00e9primant les populations en avril 2005, est pass\u00e9 de vie \u00e0 tr\u00e9pas.<\/p>\n","protected":false},"author":7,"featured_media":0,"comment_status":"closed","ping_status":"open","sticky":false,"template":"","format":"standard","meta":[],"categories":[1],"tags":[],"_links":{"self":[{"href":"http:\/\/mtn-togo.org\/index.php?rest_route=\/wp\/v2\/posts\/2418"}],"collection":[{"href":"http:\/\/mtn-togo.org\/index.php?rest_route=\/wp\/v2\/posts"}],"about":[{"href":"http:\/\/mtn-togo.org\/index.php?rest_route=\/wp\/v2\/types\/post"}],"author":[{"embeddable":true,"href":"http:\/\/mtn-togo.org\/index.php?rest_route=\/wp\/v2\/users\/7"}],"replies":[{"embeddable":true,"href":"http:\/\/mtn-togo.org\/index.php?rest_route=%2Fwp%2Fv2%2Fcomments&post=2418"}],"version-history":[{"count":3,"href":"http:\/\/mtn-togo.org\/index.php?rest_route=\/wp\/v2\/posts\/2418\/revisions"}],"predecessor-version":[{"id":2421,"href":"http:\/\/mtn-togo.org\/index.php?rest_route=\/wp\/v2\/posts\/2418\/revisions\/2421"}],"wp:attachment":[{"href":"http:\/\/mtn-togo.org\/index.php?rest_route=%2Fwp%2Fv2%2Fmedia&parent=2418"}],"wp:term":[{"taxonomy":"category","embeddable":true,"href":"http:\/\/mtn-togo.org\/index.php?rest_route=%2Fwp%2Fv2%2Fcategories&post=2418"},{"taxonomy":"post_tag","embeddable":true,"href":"http:\/\/mtn-togo.org\/index.php?rest_route=%2Fwp%2Fv2%2Ftags&post=2418"}],"curies":[{"name":"wp","href":"https:\/\/api.w.org\/{rel}","templated":true}]}}