{"id":2422,"date":"2012-12-15T07:56:12","date_gmt":"2012-12-15T13:56:12","guid":{"rendered":"http:\/\/mtn-togo.org\/?p=2422"},"modified":"2012-12-15T07:56:12","modified_gmt":"2012-12-15T13:56:12","slug":"grande-marche-rouge-des-femmes-a-lome-le-20-decembre-2012","status":"publish","type":"post","link":"http:\/\/mtn-togo.org\/?p=2422","title":{"rendered":"GRANDE MARCHE ROUGE DES FEMMES A LOME LE 20 DECEMBRE 2012"},"content":{"rendered":"<p><a href=\"http:\/\/mtn-togo.org\/wp-content\/uploads\/2012\/07\/Manif-CST-FRAC-21-juillet-20122.jpg\"><img loading=\"lazy\" class=\"alignleft size-medium wp-image-1284\" title=\"Manif-CST-FRAC-21-ao\u00fbt\" src=\"http:\/\/mtn-togo.org\/wp-content\/uploads\/2012\/07\/Manif-CST-FRAC-21-juillet-20122-300x227.jpg\" alt=\"\" width=\"300\" height=\"227\" srcset=\"http:\/\/mtn-togo.org\/wp-content\/uploads\/2012\/07\/Manif-CST-FRAC-21-juillet-20122-300x227.jpg 300w, http:\/\/mtn-togo.org\/wp-content\/uploads\/2012\/07\/Manif-CST-FRAC-21-juillet-20122.jpg 395w\" sizes=\"(max-width: 300px) 100vw, 300px\" \/><\/a>Le Collectif Sauvons le Togo\u00a0 appelle le peuple \u00e0 une mobilisation g\u00e9n\u00e9rale pour amplifier la r\u00e9sistance citoyenne pour faire \u00e9chec \u00e0 cette d\u00e9rive et le convie \u00e0 prendre part massivement aux activit\u00e9s suivantes ci-apr\u00e8s :<!--more--><\/p>\n<p><strong>1 \u2013 ACTIONS DE GRACE\u00a0POUR REMERCIER ET LOUER DIEU POUR SON AMOUR POUR LE TOGO.<\/strong><\/p>\n<p><strong><\/strong>&#8211;\u00a0\u00a0\u00a0\u00a0\u00a0\u00a0\u00a0 Trois (03) jours de je\u00fbne\u00a0 et pri\u00e8res\u00a0 les 03, 04 et 05 D\u00e9cembre 2012 qui seront\u00a0 cl\u00f4tur\u00e9s par une s\u00e9ance de pri\u00e8re sp\u00e9ciale pour le Togo le mercredi 05 D\u00e9cembre \u00e0 l\u2019Eglise SALEM \u00e0 12h30.<\/p>\n<p>&#8211;\u00a0\u00a0\u00a0\u00a0\u00a0\u00a0\u00a0 Tous les mercredis\u00a0 jusqu\u2019au mercredi 09 janvier des s\u00e9ances de pri\u00e8re seront organis\u00e9es dans les\u00a0 diff\u00e9rentes Eglises de la Capitale de 12h30 \u00e0 14h.<\/p>\n<p><strong>2 &#8211;\u00a0 UNE GRANDE MARCHE ROUGE DES FEMMES DANS LA VILLE DE LOME LE 20 DECEMBRE 2012.<\/strong><\/p>\n<p><strong>\u00a0 3 \u2013 UNE OPERATION\u00a0BAPTISEE, LES DERNIERS TOURS DE JERICHO, <\/strong>aura lieu dans plusieurs villes du Togo les 10, 11,12, Janvier 2013, et se d\u00e9roulera \u00e0 Lom\u00e9 au Carrefour D\u00e9kon, (D\u00e9kon 3), \u00e0 Dapaong, \u00e0 Kara, \u00e0 Sokod\u00e9, \u00e0 Atakpam\u00e9, \u00e0 An\u00e9ho.<\/p>\n<p>source www.\u00a0collectifsauvonsletogo.com<\/p>\n","protected":false},"excerpt":{"rendered":"<p>Le Collectif Sauvons le Togo\u00a0 appelle le peuple \u00e0 une mobilisation g\u00e9n\u00e9rale pour amplifier la r\u00e9sistance citoyenne pour faire \u00e9chec \u00e0 cette d\u00e9rive et le convie \u00e0 prendre part massivement aux activit\u00e9s suivantes ci-apr\u00e8s :<\/p>\n","protected":false},"author":7,"featured_media":0,"comment_status":"closed","ping_status":"open","sticky":false,"template":"","format":"standard","meta":[],"categories":[1],"tags":[212,156,211,209,210],"_links":{"self":[{"href":"http:\/\/mtn-togo.org\/index.php?rest_route=\/wp\/v2\/posts\/2422"}],"collection":[{"href":"http:\/\/mtn-togo.org\/index.php?rest_route=\/wp\/v2\/posts"}],"about":[{"href":"http:\/\/mtn-togo.org\/index.php?rest_route=\/wp\/v2\/types\/post"}],"author":[{"embeddable":true,"href":"http:\/\/mtn-togo.org\/index.php?rest_route=\/wp\/v2\/users\/7"}],"replies":[{"embeddable":true,"href":"http:\/\/mtn-togo.org\/index.php?rest_route=%2Fwp%2Fv2%2Fcomments&post=2422"}],"version-history":[{"count":1,"href":"http:\/\/mtn-togo.org\/index.php?rest_route=\/wp\/v2\/posts\/2422\/revisions"}],"predecessor-version":[{"id":2423,"href":"http:\/\/mtn-togo.org\/index.php?rest_route=\/wp\/v2\/posts\/2422\/revisions\/2423"}],"wp:attachment":[{"href":"http:\/\/mtn-togo.org\/index.php?rest_route=%2Fwp%2Fv2%2Fmedia&parent=2422"}],"wp:term":[{"taxonomy":"category","embeddable":true,"href":"http:\/\/mtn-togo.org\/index.php?rest_route=%2Fwp%2Fv2%2Fcategories&post=2422"},{"taxonomy":"post_tag","embeddable":true,"href":"http:\/\/mtn-togo.org\/index.php?rest_route=%2Fwp%2Fv2%2Ftags&post=2422"}],"curies":[{"name":"wp","href":"https:\/\/api.w.org\/{rel}","templated":true}]}}