{"id":2469,"date":"2012-12-28T07:44:42","date_gmt":"2012-12-28T13:44:42","guid":{"rendered":"http:\/\/mtn-togo.org\/?p=2469"},"modified":"2012-12-28T07:46:27","modified_gmt":"2012-12-28T13:46:27","slug":"togo-sous-les-rumeurs-de-coup-detat-les-fat-reaffirment-dans-un-rapport-leur-soutien-indefectible-leur-fidelite-et-leur-loyaute-a-faure-gnassingbe","status":"publish","type":"post","link":"http:\/\/mtn-togo.org\/?p=2469","title":{"rendered":"Togo: sous les rumeurs de coup d&#8217;\u00c9tat, les FAT r\u00e9affirment dans un rapport leur soutien ind\u00e9fectible, leur fid\u00e9lit\u00e9 et leur loyaut\u00e9 \u00e0 Faure Gnassingb\u00e9."},"content":{"rendered":"<p><a href=\"http:\/\/mtn-togo.org\/wp-content\/uploads\/2012\/11\/Arm\u00e9etogolaiseb\u00e9retsrouge.jpg\"><img loading=\"lazy\" class=\"alignleft size-medium wp-image-2317\" title=\"Arm\u00e9e,togolaise,b\u00e9rets,rouges\" src=\"http:\/\/mtn-togo.org\/wp-content\/uploads\/2012\/11\/Arm\u00e9etogolaiseb\u00e9retsrouge-300x227.jpg\" alt=\"\" width=\"300\" height=\"227\" srcset=\"http:\/\/mtn-togo.org\/wp-content\/uploads\/2012\/11\/Arm\u00e9etogolaiseb\u00e9retsrouge-300x227.jpg 300w, http:\/\/mtn-togo.org\/wp-content\/uploads\/2012\/11\/Arm\u00e9etogolaiseb\u00e9retsrouge.jpg 395w\" sizes=\"(max-width: 300px) 100vw, 300px\" \/><\/a><\/p>\n<p>L&#8217;int\u00e9gralit\u00e9 du rapport des FAT:<img title=\"More...\" src=\"http:\/\/mtn-togo.org\/wp-includes\/js\/tinymce\/plugins\/wordpress\/img\/trans.gif\" alt=\"\" \/><\/p>\n<p>Excellence Monsieur le Pr\u00e9sident de la R\u00e9publique, Chef des Arm\u00e9es,<\/p>\n<p>Depuis votre av\u00e8nement \u00e0 la magistrature supr\u00eame, vous avez fait de la politique de r\u00e9conciliation nationale, du d\u00e9veloppement \u00e9conomique et social et de la promotion de l\u2019Etat de droit,<!--more-->\u00a0votre fer de lance afin de permettre \u00e0 chaque togolaise\u00a0et \u00e0 chaque togolais, de mieux vivre sur la terre de nos a\u00efeux.<\/p>\n<p>Votre courage, votre pragmatisme et votre sens de l\u2019ouverture politique et du compromis ont ainsi permis \u00e0 notre pays de r\u00e9aliser des avanc\u00e9es significatives dans plusieurs domaines.\u00a0<\/p>\n<p>Au plan politique\u00a0:<\/p>\n<p>La mise en place du cadre permanent de Dialogue et de Concertation (CPDC) pour d\u00e9battre de tous les sujets d\u2019int\u00e9r\u00eat national ainsi que la Commission V\u00e9rit\u00e9 Justice R\u00e9conciliation (CVJR) dont les discussions et les travaux ont \u00e9t\u00e9 un grand succ\u00e8s, constituent autant d\u2019illustrations.<\/p>\n<p>Sur le plan sous-r\u00e9gional, vous avez su insuffler une nouvelle dynamique \u00e0 l\u2019Union Economique et Mon\u00e9taire Ouest Africaine (UEMOA) dont vos pairs vous ont renouvel\u00e9 leur confiance \u00e0 la t\u00eate de cette institution. Avec votre vision pragmatique, vous avez initi\u00e9 le chantier Paix et S\u00e9curit\u00e9 au sein de cet espace lors de la session extraordinaire de la Conf\u00e9rence des Chefs d\u2019Etat et de Gouvernement tenue \u00e0 Lom\u00e9 le 30 mai 2011. Les travaux de ce chantier sont actuellement bien avanc\u00e9s et seront pr\u00e9sent\u00e9s \u00e0 la prochaine r\u00e9union des Chefs d\u2019Etats et de Gouvernement de l\u2019Union.<\/p>\n<p>Au plan r\u00e9gional, votre d\u00e9termination aux c\u00f4t\u00e9s de vos pairs de la Communaut\u00e9 Economique des Etats de l\u2019Afrique de l\u2019Ouest (CEDEAO) pour la recherche de la paix et la reconqu\u00eate de l\u2019int\u00e9grit\u00e9 territoriale du Mali, n\u2019est plus \u00e0 d\u00e9montrer.<\/p>\n<p>Au plan \u00e9conomique\u00a0:\u00a0<\/p>\n<p>Le gouvernement togolais a engag\u00e9, sous votre conduite, des r\u00e9formes salutaires qui sont \u00e0 l&#8217;origine de la hausse des recettes fiscales et du renforcement de la ma\u00eetrise des d\u00e9penses publiques. Les changements engag\u00e9s dans les secteurs des banques, du coton, des phosphates et de l&#8217;\u00e9nergie constituent autant de leviers importants dans la relance de l&#8217;\u00e9conomie togolaise.<\/p>\n<p>La cr\u00e9ation de l\u2019Office Togolais des Recettes (OTR) permettra de mobiliser davantage de ressources internes et de faire face aux demandes sociales de plus en plus croissantes.<\/p>\n<p>Excellence Monsieur le Pr\u00e9sident de la R\u00e9publique, Chef des Arm\u00e9es,<\/p>\n<p>Dans la mise en \u0153uvre de votre nouvelle vision du Togo, vous vous \u00eates lanc\u00e9 dans la r\u00e9alisation de vastes chantiers de construction et de r\u00e9novation d\u2019infrastructures routi\u00e8res, scolaires et sanitaires doubl\u00e9s de bien d\u2019autres r\u00e9formes qui permettront \u00e0 notre pays d\u2019atteindre tr\u00e8s rapidement tous les Objectifs du Mill\u00e9naire pour le D\u00e9veloppement (OMD).\u00a0<\/p>\n<p>Le projet de budget 2013 port\u00e9 \u00e0 plus de sept cent milliards de francs CFA\u00a0 et en forte progression par rapport \u00e0 celui de 2012, devrait permettre de poursuivre les grands travaux engag\u00e9s et d\u2019am\u00e9liorer de fa\u00e7on significative, les conditions de vie des togolais.<\/p>\n<p>Vos diff\u00e9rentes visites officielles dans les pays amis t\u00e9moignent une fois encore de l\u2019importance que vous portez au bien-\u00eatre des populations togolaises.<\/p>\n<p>Au point de vue social\u00a0:\u00a0<\/p>\n<p>Excellence Monsieur le Pr\u00e9sident de la R\u00e9publique, Chef des Arm\u00e9es,<\/p>\n<p>L\u2019une de vos pr\u00e9occupations majeures, reste sans doute la r\u00e9solution des probl\u00e8mes sociaux auxquels les togolais\u00a0sont confront\u00e9s au quotidien. Ce faisant, vous avez instaur\u00e9 depuis 2006, le Conseil National du Dialogue Social (CNDS), cadre par excellence de gestion consensuelle et apais\u00e9e des enjeux et d\u00e9fis auxquels sont confront\u00e9s les acteurs du monde du travail notamment le Gouvernement, le Patronat et les Syndicats. Cette instance qui constitue un cadre permanent de dialogue, a contribu\u00e9 de fa\u00e7on significative, au redressement du tissu social au Togo.\u00a0<\/p>\n<p>Pour lutter contre la flamb\u00e9e des co\u00fbts des produits p\u00e9troliers sur le march\u00e9 international, vous avez instruit le Gouvernement qui a proc\u00e9d\u00e9 \u00e0 la subvention des prix du carburant mettant ainsi \u00e0 l\u2019abri les consommateurs togolais.<\/p>\n<p>Pour r\u00e9sorber le probl\u00e8me crucial de ch\u00f4mage et accro\u00eetre l\u2019emploi des jeunes, des concours divers de recrutements dans la fonction publique sont r\u00e9guli\u00e8rement organis\u00e9s et sous votre impulsion, le Programme de Promotion de Volontariat National au Togo (PROVONAT) a vu le jour depuis septembre 2011. Ce programme tr\u00e8s ambitieux a permis \u00e0 des milliers de jeunes dipl\u00f4m\u00e9s sans emploi, d\u2019acqu\u00e9rir une premi\u00e8re exp\u00e9rience professionnelle indispensable \u00e0 leur insertion dans le monde du travail et pour d\u2019autres, de s\u2019y int\u00e9grer directement.<\/p>\n<p>D\u2019autres actions encore louables sont \u00e0 souligner\u00a0: aides aux sinistr\u00e9s de diverses calamit\u00e9s, assistance aux victimes d\u2019accidents graves, gratuit\u00e9 de la c\u00e9sarienne, nombreuses actions en faveur de la lutte contre le SIDA, mise en \u0153uvre de l\u2019INAM, etc, etc.\u00a0 \u00a0<\/p>\n<p>S\u2019agissant des grands travaux et infrastructures\u00a0:\u00a0<\/p>\n<p>Vous vous \u00eates \u00e9galement investi dans un vaste programme d\u2019assainissement et de r\u00e9habilitation des infrastructures routi\u00e8res sur toute l\u2019\u00e9tendue du territoire national et particuli\u00e8rement \u00e0 Lom\u00e9 qui deviendra \u00e0 moyen terme, l\u2019une des plus belles capitales de la sous-r\u00e9gion.<\/p>\n<p>La construction du troisi\u00e8me quai et la darse au Port Autonome de Lom\u00e9 dont les travaux ont d\u00e9j\u00e0 d\u00e9marr\u00e9 et le Projet d\u2019extension de l\u2019A\u00e9roport International GNASSINGBE\u00a0Eyadema\u00a0de Lom\u00e9, permettront v\u00e9ritablement une relance des activit\u00e9s \u00e9conomiques et l\u2019accroissement du Produit Int\u00e9rieur Brut (PIB) et donc l\u2019am\u00e9lioration des conditions de vie des togolais.<\/p>\n<p>Il faut aussi souligner le noble engagement de l\u2019Etat togolais \u00e0 fournir aux populations des profondeurs, de l\u2019eau potable \u00e0 travers des forages ainsi que l\u2019extension du r\u00e9seau \u00e9lectrique dans les villes et l\u2019\u00e9clairage public dans les cantons et villages.<\/p>\n<p>Dans le domaine de la promotion des Droits de l\u2019homme et des libert\u00e9s\u00a0:\u00a0<\/p>\n<p>Les progr\u00e8s sont tr\u00e8s sensibles. Nous en voulons pour preuve les propos du diplomate Allemand Markus\u00a0L\u00f6ning tenus en pr\u00e9sence de l&#8217;ambassadeur d&#8217;Allemagne au Togo, Joseph Weiss, lors de sa conf\u00e9rence de presse sanctionnant la visite de trois jours qu\u2019il a effectu\u00e9e dans notre pays. Je cite\u00a0: \u00ab\u00a0J&#8217;ai pu constater des progr\u00e8s remarquables dans les domaines de la libert\u00e9 d&#8217;expression et des manifestations \u00bb.<\/p>\n<p>Le dernier rapport de la d\u00e9l\u00e9gation togolaise \u00e0 Gen\u00e8ve au cours de l\u2019Examen P\u00e9riodique Universel (EPU) a \u00e9galement r\u00e9v\u00e9l\u00e9 ces progr\u00e8s qui sont le fruit de vos efforts.\u00a0<\/p>\n<p>Toutes vos actions en faveur de la bonne gouvernance, de la d\u00e9mocratie et des libert\u00e9s publiques, retentissent bien au-del\u00e0 de nos fronti\u00e8res et suscitent admiration, assurance et confiance.<\/p>\n<p>Vous \u0153uvrez personnellement pour la garantie de la libert\u00e9 d\u2019expression. Notre presse est aujourd\u2019hui quasiment la plus libre dans la sous-r\u00e9gion surtout avec la d\u00e9p\u00e9nalisation des d\u00e9lits de presse.<\/p>\n<p>Malheureusement, les Droits de l\u2019Homme semblent \u00eatre instrumentalis\u00e9s et fortement politis\u00e9s dans notre pays o\u00f9 certains n\u2019ont que des droits et d\u2019autres, des devoirs.\u00a0<\/p>\n<p>Au plan militaire,<\/p>\n<p>Excellence Monsieur le Pr\u00e9sident de la R\u00e9publique, Chef des Arm\u00e9es,<\/p>\n<p>Votre engagement en faveur\u00a0 de la paix et de la stabilit\u00e9 dans la sous-r\u00e9gion et partout dans le monde est remarquable et suscite des \u00e9loges unanimes. Vous ne m\u00e9nagez aucun effort, en d\u00e9pit des difficult\u00e9s \u00e9conomiques que connaissent nos Etats, pour mettre \u00e0 la disposition des Forces Arm\u00e9es Togolaises, des moyens substantiels et modernes, indispensables \u00e0 leur d\u00e9ploiement sur des th\u00e9\u00e2tres ext\u00e9rieurs pour les op\u00e9rations de maintien de la paix.\u00a0<\/p>\n<p>D\u00e9j\u00e0 pr\u00e9sentes en C\u00f4te d\u2019Ivoire \u00e0 travers l\u2019ONUCI, au Soudan (Darfour) \u00e0 travers l\u2019UNAMID, les Forces Arm\u00e9es Togolaises sont aujourd\u2019hui entra\u00een\u00e9es, \u00e9quip\u00e9es et pr\u00eates pour intervenir au MALI \u00e0 travers la Mission Internationale de Soutien au Mali sous conduite Africaine (MISMA), pour asseoir la paix, la libert\u00e9 et la stabilit\u00e9 dans ce pays ami et fr\u00e8re et dans\u00a0 toute la r\u00e9gion ouest-africaine.<\/p>\n<p>Sur le plan de la formation, vous ne cessez de diversifier les possibilit\u00e9s de stages au profit des cadres militaires togolais afin de rendre plus op\u00e9rationnelle l\u2019institution militaire.<\/p>\n<p>L\u2019\u00e9lection de notre pays, le 22 octobre 2011 comme membre non permanent du Conseil de S\u00e9curit\u00e9 de l\u2019ONU que vous avez d\u2019ailleurs eu l\u2019honneur de pr\u00e9sider, est \u00e0 la fois une marque de reconnaissance et d\u2019encouragement pour vous et\u00a0 pour tout le peuple togolais. Fi\u00e8res de tous ces acquis, les Forces Arm\u00e9es ne se lasseront jamais de vous t\u00e9moigner leur profonde gratitude.<\/p>\n<p>Les FAT saisissent cette opportunit\u00e9 pour vous exprimer tr\u00e8s sinc\u00e8rement leur enti\u00e8re adh\u00e9sion \u00e0 votre politique de dialogue, de paix, de d\u00e9veloppement \u00e9conomique et de r\u00e9conciliation nationale.\u00a0<\/p>\n<p>Les FAT vous r\u00e9affirment leur soutien ind\u00e9fectible, leur fid\u00e9lit\u00e9 et leur loyaut\u00e9.<\/p>\n<p>Elles restent persuad\u00e9es qu\u2019\u00e0 l\u2019instar des \u00e9lections l\u00e9gislatives de 2007 et pr\u00e9sidentielles de 2010, les \u00e9lections l\u00e9gislatives et locales tr\u00e8s imminentes, dont le processus est irr\u00e9versiblement enclench\u00e9, se d\u00e9rouleront dans une parfaite qui\u00e9tude et dans la transparence totale.\u00a0 Elles croient fermement en des\u00a0 lendemains meilleurs pour notre pays sous votre conduite.<\/p>\n<p>Enfin, Excellence Monsieur le Pr\u00e9sident de la R\u00e9publique, \u00e0 l\u2019or\u00e9e de l\u2019ann\u00e9e 2013 qui s\u2019annonce pleine de d\u00e9fis mais aussi d\u2019espoir, les Forces Arm\u00e9es Togolaises vous formulent leurs v\u0153ux, les meilleurs, de sant\u00e9, de paix et de prosp\u00e9rit\u00e9 pour vous-m\u00eame et pour votre illustre famille.\u00a0<\/p>\n<p>Puisse Dieu Tout-Puissant, vous b\u00e9nir, vous prot\u00e9ger et vous guider, dans la poursuite de vos immenses chantiers.<\/p>\n<p>Vive les\u00a0 Forces Arm\u00e9es Togolaises<\/p>\n<p>Vive son Excellence Monsieur le Pr\u00e9sident de la R\u00e9publique,\u00a0<\/p>\n<p>Chef des Arm\u00e9es,<\/p>\n<p>Vive le Togo<\/p>\n<p>(Sans commentaire )<\/p>\n<p>Gnagou\u00a0Matolaba\u00a0Djalima\u00a0 <a href=\"http:\/\/www.mtn-togo.org\/\">www.mtn-togo.org<\/a><\/p>\n<p>&nbsp;<\/p>\n","protected":false},"excerpt":{"rendered":"<p>L&#8217;int\u00e9gralit\u00e9 du rapport des FAT: Excellence Monsieur le Pr\u00e9sident de la R\u00e9publique, Chef des Arm\u00e9es, Depuis votre av\u00e8nement \u00e0 la magistrature supr\u00eame, vous avez fait de la politique de r\u00e9conciliation nationale, du d\u00e9veloppement \u00e9conomique et social et de la promotion de l\u2019Etat de droit,<\/p>\n","protected":false},"author":7,"featured_media":0,"comment_status":"closed","ping_status":"open","sticky":false,"template":"","format":"standard","meta":[],"categories":[1],"tags":[132,156,248,120,249,121,252,250,176,251],"_links":{"self":[{"href":"http:\/\/mtn-togo.org\/index.php?rest_route=\/wp\/v2\/posts\/2469"}],"collection":[{"href":"http:\/\/mtn-togo.org\/index.php?rest_route=\/wp\/v2\/posts"}],"about":[{"href":"http:\/\/mtn-togo.org\/index.php?rest_route=\/wp\/v2\/types\/post"}],"author":[{"embeddable":true,"href":"http:\/\/mtn-togo.org\/index.php?rest_route=\/wp\/v2\/users\/7"}],"replies":[{"embeddable":true,"href":"http:\/\/mtn-togo.org\/index.php?rest_route=%2Fwp%2Fv2%2Fcomments&post=2469"}],"version-history":[{"count":3,"href":"http:\/\/mtn-togo.org\/index.php?rest_route=\/wp\/v2\/posts\/2469\/revisions"}],"predecessor-version":[{"id":2471,"href":"http:\/\/mtn-togo.org\/index.php?rest_route=\/wp\/v2\/posts\/2469\/revisions\/2471"}],"wp:attachment":[{"href":"http:\/\/mtn-togo.org\/index.php?rest_route=%2Fwp%2Fv2%2Fmedia&parent=2469"}],"wp:term":[{"taxonomy":"category","embeddable":true,"href":"http:\/\/mtn-togo.org\/index.php?rest_route=%2Fwp%2Fv2%2Fcategories&post=2469"},{"taxonomy":"post_tag","embeddable":true,"href":"http:\/\/mtn-togo.org\/index.php?rest_route=%2Fwp%2Fv2%2Ftags&post=2469"}],"curies":[{"name":"wp","href":"https:\/\/api.w.org\/{rel}","templated":true}]}}