{"id":2493,"date":"2013-01-12T01:46:40","date_gmt":"2013-01-12T07:46:40","guid":{"rendered":"http:\/\/mtn-togo.org\/?p=2493"},"modified":"2013-01-12T02:08:31","modified_gmt":"2013-01-12T08:08:31","slug":"arrestation-musclee-du-secretaire-general-de-laddialphonse-kpogo-de-laddi","status":"publish","type":"post","link":"http:\/\/mtn-togo.org\/?p=2493","title":{"rendered":"Arrestation muscl\u00e9e du secr\u00e9taire g\u00e9n\u00e9ral de l&#8217;ADDI:Alphonse KPOGO"},"content":{"rendered":"<p><a href=\"http:\/\/mtn-togo.org\/wp-content\/uploads\/2013\/01\/manif01102012gif.gif\"><img loading=\"lazy\" class=\"alignleft size-medium wp-image-2494\" title=\"Arresation du secretaire g\u00e9n\u00e9ral de l'ADDI :Alphonse kpogo\" src=\"http:\/\/mtn-togo.org\/wp-content\/uploads\/2013\/01\/manif01102012gif-300x224.gif\" alt=\"\" width=\"300\" height=\"224\" srcset=\"http:\/\/mtn-togo.org\/wp-content\/uploads\/2013\/01\/manif01102012gif-300x224.gif 300w, http:\/\/mtn-togo.org\/wp-content\/uploads\/2013\/01\/manif01102012gif.gif 520w\" sizes=\"(max-width: 300px) 100vw, 300px\" \/><\/a>L&#8217; ann\u00e9e 2013\u00a0 semble s&#8217;annoncer comme l&#8217;ann\u00e9e de tous les dangers au Togo. Le front\u00a0 politique et social se met en \u00e9bullition. Au lieu d&#8217;initier un\u00a0dialogue politique entre tous les acteurs\u00a0politiques pour cr\u00e9er un climat apais\u00e9 en vue des \u00e9lections l\u00e9gislatives et\u00a0locales\u00a0sans violence, le pouvoir de Faure Gnassingb\u00e9\u00a0s&#8217;enfonce dans\u00a0 un autisme suicidaire et choisit la voie de la r\u00e9pression\u00a0violente.<!--more--><\/p>\n<p>En effet ,\u00a0tout au d\u00e9but \u00a0de la manifestation organis\u00e9e par le CST\u00a0baptis\u00e9 \u00ab\u00a0derniers tours de Jericho\u00a0\u00bb\u00a0\u00a0 pour protester contre le r\u00e9gime\u00a0liberticide et anti\u00a0d\u00e9mocratique de Faure\u00a0Gnassingb\u00e9, le \u00a0secr\u00e9taire\u00a0g\u00e9n\u00e9ral de l&#8217;ADDi, Alphonse Kpogo\u00a0membre influent du CST\u00a0et du FRAC, \u00a0a \u00e9t\u00e9 sauvagement arr\u00e9t\u00e9 par les\u00a0 \u00e9l\u00e9ments de la\u00a0 gendarmerie . Des journalistes ont \u00e9galement \u00e9t\u00e9\u00a0 violemment agress\u00e9s et bless\u00e9s\u00a0 notamment M. No\u00ebl Tadegnon, correspondant\u00a0de Reuters.<\/p>\n<p>Le\u00a0 ministre Gilbert Bawara\u00a0en charge de l\u2019administration et des collectivit\u00e9s locales\u00a0\u00a0a mont\u00e9 le ton sous\u00a0des menaces\u00a0 \u00e0 peine voil\u00e9es aux responsables du CST\u00a0pr\u00e9figurant des arrestations et des\u00a0condamnations en cascade par une justice en coupe r\u00e9gl\u00e9e pour d\u00e9stabiliser l&#8217;opposition\u00a0 en vue d&#8217;une mascarade \u00e9lectorale\u00a0 aux r\u00e9sultats d\u00e9j\u00e0 connus\u00a0 et sans l&#8217;opposition radicale<\/p>\n<p>Nous reviendrons sur les d\u00e9tails du plan concoct\u00e9 paur les faucons du r\u00e9gime de Faure Gnassingb\u00e9<\/p>\n<p><a href=\"http:\/\/mtn-togo.org\/wp-content\/uploads\/2013\/01\/cst-arrestation-alphonse-kpogo.jpg\"><img loading=\"lazy\" class=\"alignleft size-medium wp-image-2495\" title=\"cst-arrestation-alphonse-kpogo\" src=\"http:\/\/mtn-togo.org\/wp-content\/uploads\/2013\/01\/cst-arrestation-alphonse-kpogo-300x224.jpg\" alt=\"\" width=\"300\" height=\"224\" srcset=\"http:\/\/mtn-togo.org\/wp-content\/uploads\/2013\/01\/cst-arrestation-alphonse-kpogo-300x224.jpg 300w, http:\/\/mtn-togo.org\/wp-content\/uploads\/2013\/01\/cst-arrestation-alphonse-kpogo.jpg 590w\" sizes=\"(max-width: 300px) 100vw, 300px\" \/><\/a><\/p>\n<p>Vicentey Ben Polar <a href=\"http:\/\/www.mtn-togo.org\/\">www.mtn-togo.org<\/a><\/p>\n<p>&nbsp;<\/p>\n","protected":false},"excerpt":{"rendered":"<p>L&#8217; ann\u00e9e 2013\u00a0 semble s&#8217;annoncer comme l&#8217;ann\u00e9e de tous les dangers au Togo. Le front\u00a0 politique et social se met en \u00e9bullition. Au lieu d&#8217;initier un\u00a0dialogue politique entre tous les acteurs\u00a0politiques pour cr\u00e9er un climat apais\u00e9 en vue des \u00e9lections l\u00e9gislatives et\u00a0locales\u00a0sans violence, le pouvoir de Faure Gnassingb\u00e9\u00a0s&#8217;enfonce dans\u00a0 un autisme suicidaire et choisit la [&hellip;]<\/p>\n","protected":false},"author":7,"featured_media":0,"comment_status":"closed","ping_status":"open","sticky":false,"template":"","format":"standard","meta":[],"categories":[1],"tags":[269,169,272,191,270,271],"_links":{"self":[{"href":"http:\/\/mtn-togo.org\/index.php?rest_route=\/wp\/v2\/posts\/2493"}],"collection":[{"href":"http:\/\/mtn-togo.org\/index.php?rest_route=\/wp\/v2\/posts"}],"about":[{"href":"http:\/\/mtn-togo.org\/index.php?rest_route=\/wp\/v2\/types\/post"}],"author":[{"embeddable":true,"href":"http:\/\/mtn-togo.org\/index.php?rest_route=\/wp\/v2\/users\/7"}],"replies":[{"embeddable":true,"href":"http:\/\/mtn-togo.org\/index.php?rest_route=%2Fwp%2Fv2%2Fcomments&post=2493"}],"version-history":[{"count":2,"href":"http:\/\/mtn-togo.org\/index.php?rest_route=\/wp\/v2\/posts\/2493\/revisions"}],"predecessor-version":[{"id":2500,"href":"http:\/\/mtn-togo.org\/index.php?rest_route=\/wp\/v2\/posts\/2493\/revisions\/2500"}],"wp:attachment":[{"href":"http:\/\/mtn-togo.org\/index.php?rest_route=%2Fwp%2Fv2%2Fmedia&parent=2493"}],"wp:term":[{"taxonomy":"category","embeddable":true,"href":"http:\/\/mtn-togo.org\/index.php?rest_route=%2Fwp%2Fv2%2Fcategories&post=2493"},{"taxonomy":"post_tag","embeddable":true,"href":"http:\/\/mtn-togo.org\/index.php?rest_route=%2Fwp%2Fv2%2Ftags&post=2493"}],"curies":[{"name":"wp","href":"https:\/\/api.w.org\/{rel}","templated":true}]}}