{"id":2521,"date":"2013-01-22T07:52:46","date_gmt":"2013-01-22T13:52:46","guid":{"rendered":"http:\/\/mtn-togo.org\/?p=2521"},"modified":"2013-01-22T11:02:19","modified_gmt":"2013-01-22T17:02:19","slug":"togoles-incendies-des-marches-continuent-le-marche-daklakou-meconnaissable-consume-par-le-feu","status":"publish","type":"post","link":"http:\/\/mtn-togo.org\/?p=2521","title":{"rendered":"Togo:Les incendies des march\u00e9s continuent&#8230;.Le march\u00e9 d\u2019Aklakou m\u00e9connaissable, consum\u00e9 par le feu"},"content":{"rendered":"<p><a href=\"http:\/\/mtn-togo.org\/wp-content\/uploads\/2013\/01\/Marche-dAklakou-consume-par-le-feu.jpg\"><img loading=\"lazy\" class=\"alignleft size-medium wp-image-2522\" title=\"Marche d'Aklakou consume par le feu\" src=\"http:\/\/mtn-togo.org\/wp-content\/uploads\/2013\/01\/Marche-dAklakou-consume-par-le-feu-300x227.jpg\" alt=\"\" width=\"300\" height=\"227\" srcset=\"http:\/\/mtn-togo.org\/wp-content\/uploads\/2013\/01\/Marche-dAklakou-consume-par-le-feu-300x227.jpg 300w, http:\/\/mtn-togo.org\/wp-content\/uploads\/2013\/01\/Marche-dAklakou-consume-par-le-feu.jpg 395w\" sizes=\"(max-width: 300px) 100vw, 300px\" \/><\/a>Qu&#8217;est ce qui ce passe au Togo?\u00a0Un\u00a0autre march\u00e9 vient de br\u00fbler !\u00a0Celui\u00a0\u00a0 du village d\u2019Aklakou, une localit\u00e9 situ\u00e9e \u00e0 environ 60 km \u00e0 l\u2019est de Lom\u00e9 . Le sc\u00e9nario devient r\u00e9currentet les pyromanes ne sont toujours pas connus. Pourquoi les march\u00e9s sont pris pour cible ?\u00a0\u00a0<!--more-->S&#8217;agit -il\u00a0\u00a0de signe avant coureur\u00a0d&#8217;une \u00e9ruption\u00a0de violence majeure\u00a0contre \u00a0l&#8217;\u00c9tat et ses usurpateurs\u00a0?\u00a0\u00a0\u00a0 Ou plut\u00f4t un terrorisme d&#8217;\u00c9tat ex\u00e9cut\u00e9 par les miliciens de Faure\u00a0Gnassingb\u00e9 ? L&#8217;avenir nous le dira .<\/p>\n<p>Notons que les march\u00e9s\u00a0 sont hautement\u00a0symboliques\u00a0 pour les Togolais\u00a0 sur le plan \u00e9conomique , politique\u00a0, culturel et sociologique.\u00a0Ils\u00a0constituent\u00a0un centre \u00a0de \u00a0ravitaillement des populations en produits alimentaires et en biens ,\u00a0 un\u00a0lieu d&#8217;\u00e9change, de dialogue \u00a0et de rencontre, un\u00a0 carrefour sans couleur politique, un lieu de\u00a0travail, pourvoyeur de revenu. En somme un barom\u00e8tre sociologique \u00a0pour la nation.<\/p>\n<p>S&#8217;attaquer au march\u00e9\u00a0c&#8217;est s&#8217;attaquer au coeur de la soci\u00e9t\u00e9, c&#8217;est s&#8217;attaquer \u00e0 tous les Togolais.\u00a0C&#8217;est creer\u00a0volontairement la misere\u00a0et le denuement.\u00a0\u00a0Les pouvoirs publics doivent prendre la mesure des choses au lieu\u00a0 de jouer au dilatoire avec l&#8217;arrestation des innocents\u00a0pour r\u00e9gler des comptes politiques comme le cas de Messan Agbeyom\u00e9 Kodjo.<\/p>\n<p>Gnagou\u00a0Matolaba\u00a0Djalima\u00a0 <a href=\"http:\/\/www.mtn-togo.org\/\">www.mtn-togo.org<\/a><\/p>\n<p>&nbsp;<\/p>\n","protected":false},"excerpt":{"rendered":"<p>Qu&#8217;est ce qui ce passe au Togo?\u00a0Un\u00a0autre march\u00e9 vient de br\u00fbler !\u00a0Celui\u00a0\u00a0 du village d\u2019Aklakou, une localit\u00e9 situ\u00e9e \u00e0 environ 60 km \u00e0 l\u2019est de Lom\u00e9 . Le sc\u00e9nario devient r\u00e9currentet les pyromanes ne sont toujours pas connus. Pourquoi les march\u00e9s sont pris pour cible ?\u00a0\u00a0<\/p>\n","protected":false},"author":7,"featured_media":0,"comment_status":"closed","ping_status":"open","sticky":false,"template":"","format":"standard","meta":[],"categories":[1],"tags":[],"_links":{"self":[{"href":"http:\/\/mtn-togo.org\/index.php?rest_route=\/wp\/v2\/posts\/2521"}],"collection":[{"href":"http:\/\/mtn-togo.org\/index.php?rest_route=\/wp\/v2\/posts"}],"about":[{"href":"http:\/\/mtn-togo.org\/index.php?rest_route=\/wp\/v2\/types\/post"}],"author":[{"embeddable":true,"href":"http:\/\/mtn-togo.org\/index.php?rest_route=\/wp\/v2\/users\/7"}],"replies":[{"embeddable":true,"href":"http:\/\/mtn-togo.org\/index.php?rest_route=%2Fwp%2Fv2%2Fcomments&post=2521"}],"version-history":[{"count":6,"href":"http:\/\/mtn-togo.org\/index.php?rest_route=\/wp\/v2\/posts\/2521\/revisions"}],"predecessor-version":[{"id":2527,"href":"http:\/\/mtn-togo.org\/index.php?rest_route=\/wp\/v2\/posts\/2521\/revisions\/2527"}],"wp:attachment":[{"href":"http:\/\/mtn-togo.org\/index.php?rest_route=%2Fwp%2Fv2%2Fmedia&parent=2521"}],"wp:term":[{"taxonomy":"category","embeddable":true,"href":"http:\/\/mtn-togo.org\/index.php?rest_route=%2Fwp%2Fv2%2Fcategories&post=2521"},{"taxonomy":"post_tag","embeddable":true,"href":"http:\/\/mtn-togo.org\/index.php?rest_route=%2Fwp%2Fv2%2Ftags&post=2521"}],"curies":[{"name":"wp","href":"https:\/\/api.w.org\/{rel}","templated":true}]}}