{"id":2529,"date":"2013-01-23T11:08:48","date_gmt":"2013-01-23T17:08:48","guid":{"rendered":"http:\/\/mtn-togo.org\/?p=2529"},"modified":"2013-01-23T12:54:43","modified_gmt":"2013-01-23T18:54:43","slug":"togo-jean-eklou-secretaire-national-a-la-jeunesse-de-lanc-et-alphonse-kpogo-secretaire-general-de-laddi-viennent-detre-arretes-a-lome","status":"publish","type":"post","link":"http:\/\/mtn-togo.org\/?p=2529","title":{"rendered":"Togo : Jean Eklou, Secr\u00e9taire national \u00e0 la jeunesse de l\u2019ANC et Alphonse Kpogo, Secr\u00e9taire g\u00e9n\u00e9ral de l&#8217;ADDI viennent d\u2019\u00eatre arr\u00eat\u00e9s \u00e0 Lom\u00e9"},"content":{"rendered":"<p><a href=\"http:\/\/mtn-togo.org\/wp-content\/uploads\/2013\/01\/arrestation-eklou-kpogo-lome-400.jpg\"><img loading=\"lazy\" class=\"alignleft size-medium wp-image-2532\" title=\"arrestation-eklou-kpogo-lome-400\" src=\"http:\/\/mtn-togo.org\/wp-content\/uploads\/2013\/01\/arrestation-eklou-kpogo-lome-400-300x182.jpg\" alt=\"\" width=\"300\" height=\"182\" srcset=\"http:\/\/mtn-togo.org\/wp-content\/uploads\/2013\/01\/arrestation-eklou-kpogo-lome-400-300x182.jpg 300w, http:\/\/mtn-togo.org\/wp-content\/uploads\/2013\/01\/arrestation-eklou-kpogo-lome-400.jpg 400w\" sizes=\"(max-width: 300px) 100vw, 300px\" \/><\/a>La vague d\u2019interpellations des leaders de l\u2019opposition continue au Togo, alors que le pays vient d&#8217;\u00eatre class\u00e9 au 7 \u00e8me rang des pays les plus tristes au monde par le tr\u00e8s s\u00e9rieux magazine Forbes. Jean Eklou, Secr\u00e9taire national \u00e0 la jeunesse de l\u2019Alliance Nationale pour le Changement (ANC) de Jean-Pierre Fabre, vient d\u2019\u00eatre arr\u00eat\u00e9 au si\u00e8ge du parti par les gendarmes.<!--more-->\u00a0Il s\u2019agit du second leader de l\u2019opposition interpell\u00e9 dans la journ\u00e9e de ce mercredi. Vers 8 heures du matin, le domicile du secr\u00e9taire national de l\u2019ADDi, Alphonse Kpogo, a \u00e9t\u00e9 encercl\u00e9 par les gendarmes qui ont escalad\u00e9 les murs et d\u00e9fonc\u00e9 des portes. Il a \u00e9t\u00e9 de nouveau arr\u00eat\u00e9 ce matin.<\/p>\n<div>Avec l\u2019arrestation de Jean Eklou, c\u2019est la deuxi\u00e8me personnalit\u00e9 du parti de Jean-Pierre Fabre \u00e0 \u00eatre interpell\u00e9e depuis les incendies des march\u00e9s de Lom\u00e9 et de Kara. Mme Nukafu de l\u2019ANC a \u00e9galement \u00e9t\u00e9 interpell\u00e9e il y a plus d\u2019une semaine par des gendarmes en civil. Elle est toujours d\u00e9tenue \u00e0 la gendarmerie nationale.<\/div>\n<p>L\u2019Ancien Premier ministre Agbeyom\u00e9 Kodjo, Pr\u00e9sident du parti OBUTS est aussi dans les mains de la gendarmerie apr\u00e8s la lev\u00e9e rocambolesque de son immunit\u00e9 parlementaire. Le vice-pr\u00e9sident de son parti, G\u00e9rard Adja est \u00e9galement d\u00e9tenu \u00e0 la gendarmerie pour des motifs li\u00e9s aux incendies.<\/p>\n<p>A rappeler\u00a0que d\u00e9j\u00e0 le 10 janvier dernier, Alphonse Kpogo, le Secr\u00e9taire g\u00e9n\u00e9ral de l&#8217;ADDI\u00a0du professeur Gogu\u00e9, a \u00e9t\u00e9 frapp\u00e9 et arr\u00eat\u00e9 en marge d&#8217;une manifestation de l&#8217;opposition. Il sera lib\u00e9r\u00e9 deux jours plus tard. Ce matin, plusieurs effets personnels d&#8217;Alphonse Kpogo\u00a0ont \u00e9t\u00e9 emport\u00e9s par des gendarmes aux ordres du tristement c\u00e9l\u00e8bre capitaine Akakpo.<\/p>\n<p>Jusqu\u2019\u00e0 pr\u00e9sent, le procureur de la R\u00e9publique qui, dit-on, ordonne ces arrestations n\u2019a formellement d\u00e9livr\u00e9 aucune inculpation.<\/p>\n<p>Nous y reviendrons.<\/p>\n<p>( <a title=\"http:\/\/www.mo5-togo.com\/accueil.html\" href=\"http:\/\/mo5-togo.com\/accueil.html\" target=\"_self\">www.mo5-togo.com<\/a> )<\/p>\n","protected":false},"excerpt":{"rendered":"<p>La vague d\u2019interpellations des leaders de l\u2019opposition continue au Togo, alors que le pays vient d&#8217;\u00eatre class\u00e9 au 7 \u00e8me rang des pays les plus tristes au monde par le tr\u00e8s s\u00e9rieux magazine Forbes. Jean Eklou, Secr\u00e9taire national \u00e0 la jeunesse de l\u2019Alliance Nationale pour le Changement (ANC) de Jean-Pierre Fabre, vient d\u2019\u00eatre arr\u00eat\u00e9 au [&hellip;]<\/p>\n","protected":false},"author":7,"featured_media":0,"comment_status":"closed","ping_status":"open","sticky":false,"template":"","format":"standard","meta":[],"categories":[1],"tags":[],"_links":{"self":[{"href":"http:\/\/mtn-togo.org\/index.php?rest_route=\/wp\/v2\/posts\/2529"}],"collection":[{"href":"http:\/\/mtn-togo.org\/index.php?rest_route=\/wp\/v2\/posts"}],"about":[{"href":"http:\/\/mtn-togo.org\/index.php?rest_route=\/wp\/v2\/types\/post"}],"author":[{"embeddable":true,"href":"http:\/\/mtn-togo.org\/index.php?rest_route=\/wp\/v2\/users\/7"}],"replies":[{"embeddable":true,"href":"http:\/\/mtn-togo.org\/index.php?rest_route=%2Fwp%2Fv2%2Fcomments&post=2529"}],"version-history":[{"count":4,"href":"http:\/\/mtn-togo.org\/index.php?rest_route=\/wp\/v2\/posts\/2529\/revisions"}],"predecessor-version":[{"id":2531,"href":"http:\/\/mtn-togo.org\/index.php?rest_route=\/wp\/v2\/posts\/2529\/revisions\/2531"}],"wp:attachment":[{"href":"http:\/\/mtn-togo.org\/index.php?rest_route=%2Fwp%2Fv2%2Fmedia&parent=2529"}],"wp:term":[{"taxonomy":"category","embeddable":true,"href":"http:\/\/mtn-togo.org\/index.php?rest_route=%2Fwp%2Fv2%2Fcategories&post=2529"},{"taxonomy":"post_tag","embeddable":true,"href":"http:\/\/mtn-togo.org\/index.php?rest_route=%2Fwp%2Fv2%2Ftags&post=2529"}],"curies":[{"name":"wp","href":"https:\/\/api.w.org\/{rel}","templated":true}]}}