{"id":2535,"date":"2013-01-24T03:43:30","date_gmt":"2013-01-24T09:43:30","guid":{"rendered":"http:\/\/mtn-togo.org\/?p=2535"},"modified":"2013-01-24T04:25:49","modified_gmt":"2013-01-24T10:25:49","slug":"des-experts-francais-arrives-a-lome-pour-determiner-les-causes-reelles-des-incendies","status":"publish","type":"post","link":"http:\/\/mtn-togo.org\/?p=2535","title":{"rendered":"Fran\u00e7ois Hollande envoie deux experts fran\u00e7ais  \u00e0 Lom\u00e9 pour  d\u00e9terminer les causes r\u00e9elles des incendies. Faure Gnassingb\u00e9  sera d\u00e9masqu\u00e9."},"content":{"rendered":"<p><strong><a href=\"http:\/\/mtn-togo.org\/wp-content\/uploads\/2013\/01\/Francois-Hollande.jpg\"><img loading=\"lazy\" class=\"alignleft size-medium wp-image-2540\" title=\"Francois-Hollande\" src=\"http:\/\/mtn-togo.org\/wp-content\/uploads\/2013\/01\/Francois-Hollande-300x200.jpg\" alt=\"\" width=\"300\" height=\"200\" srcset=\"http:\/\/mtn-togo.org\/wp-content\/uploads\/2013\/01\/Francois-Hollande-300x200.jpg 300w, http:\/\/mtn-togo.org\/wp-content\/uploads\/2013\/01\/Francois-Hollande.jpg 630w\" sizes=\"(max-width: 300px) 100vw, 300px\" \/><\/a>Une d\u00e9marche qui d\u00e9savoue Faure Gnassingb\u00e9 et d\u00e9l\u00e9gitime les arrestations. <\/strong><strong><strong><em>Fran\u00e7ois Hollande et la France jouent leur cr\u00e9dibilit\u00e9. <\/em><\/strong><\/strong><em>Les incendies des deux grands march\u00e9s du Togo sont r\u00e9els, et leurs traces sont encore visibles. Mais quelle en est la cause\u00a0: court-circuit, incendie accidentel, incendie criminel\u00a0? Cette \u00e9nigme, personne n\u2019est arriv\u00e9 \u00e0 la r\u00e9soudre. La recherche de ces causes n\u2019a donn\u00e9 lieu qu\u2019\u00e0 des conjectures. <!--more-->M\u00eame le gouvernement a \u00e9t\u00e9 emball\u00e9, et sans aucune base objective, a retenu l\u2019option criminelle et agit m\u00eame en cons\u00e9quence. Mais on devrait connaitre sous peu les v\u00e9ritables causes de ces incendies, fond\u00e9es sur une d\u00e9marche scientifique. Et ce sera gr\u00e2ce aux deux experts fran\u00e7ais en feu mis \u00e0 disposition du Togo par la France. <\/em><\/p>\n<p align=\"center\">Les experts \u00e0 l\u2019\u0153uvre<\/p>\n<p>Ils sont arriv\u00e9s dans notre pays vendredi\u00a0: Herv\u00e9 Bazin, ing\u00e9nieur, chef de la section ing\u00e9nierie du feu au p\u00f4le des mesures physiques et sciences de l\u2019incendie du Laboratoire central de la Pr\u00e9fecture de Police, expert pr\u00e8s la cour d\u2019appel de Paris, accompagn\u00e9 d\u2019un responsable de la cellule investigations\u00a0de la brigade des sapeurs-pompiers de Paris. Selon un communiqu\u00e9 de l\u2019Ambassade de France au Togo, cette mission fait\u00a0suite \u00e0 une requ\u00eate d\u2019assistance adress\u00e9e par Faure Gnassingb\u00e9 \u00e0 son homologue fran\u00e7ais. Ces deux experts en police scientifique, <em>\u00ab\u00a0sp\u00e9cialis\u00e9s en recherche des causes d\u2019incendie\u00a0\u00bb<\/em>, chercheront, <em>\u00ab\u00e0 partir de l\u2019\u00e9tude des lieux sinistr\u00e9s, \u00e0 comprendre les causes de ces drames\u00a0\u00bb<\/em>. <em>\u00ab\u00a0Ils travailleront en synergie avec les autorit\u00e9s togolaises afin d\u2019analyser et de pr\u00e9lever des \u00e9l\u00e9ments permettant d\u2019\u00e9tablir le point de d\u00e9part des incendies, d\u2019en expliquer la ou les causes et d\u2019en comprendre la propagation\u00a0\u00bb<\/em>. Et sans perdre de temps, ils ont effectu\u00e9 leur premi\u00e8re sortie sur le terrain le samedi dernier. Leur mission est pr\u00e9vue pour une semaine, du 19 au 26 janvier.<\/p>\n<p align=\"center\"><strong>Une d\u00e9marche fort utile<\/strong><\/p>\n<p>Cette d\u00e9marche m\u00e9rite d\u2019\u00eatre salu\u00e9e \u00e0 sa juste valeur, lorsqu\u2019on sait de quelle utilit\u00e9 les r\u00e9sultats de ces recherches seront pour la manifestation de la v\u00e9rit\u00e9. L\u2019opinion saura si les incendies ont \u00e9t\u00e9 caus\u00e9s par des courts-circuits, des maladresses quelconques ou s\u2019ils sont bien intentionnels. Certains connaisseurs du domaine des hydrocarbures dont un sapeur pompier ghan\u00e9en ont laiss\u00e9 entendre, au vu de l\u2019intensit\u00e9 et de la vitesse \u00e0 laquelle le feu s\u2019est propag\u00e9, que les pyromanes doivent avoir utilis\u00e9 du k\u00e9ros\u00e8ne. Les recherches des deux experts fran\u00e7ais auront le m\u00e9rite d\u2019\u00e9clairer l\u2019opinion, et seront fort utiles pour la progression des enqu\u00eates et l\u2019identification des auteurs et leurs commanditaires. C\u2019est en cela que cette d\u00e9marche pour laquelle a opt\u00e9 Faure Gnassingb\u00e9, sous r\u00e9serve de calculs secrets et de l\u2019usage qui sera fait des r\u00e9sultats, m\u00e9rite d\u2019\u00eatre salu\u00e9e.<\/p>\n<p align=\"center\"><strong>\u2026mais Faure Gnassingb\u00e9 se d\u00e9savoue<\/strong><\/p>\n<p>C\u2019est la piste criminelle qui a \u00e9t\u00e9 tout de suite retenue par le Gouvernement \u00e0 la suite de l\u2019incendie de Lom\u00e9. A peine\u00a0le feu a-t-il fini de consumer le b\u00e2timent qu\u2019on a commenc\u00e9 \u00e0 appr\u00e9hender les commanditaires (sic). Le premier \u00e0 tomber dans la nasse a \u00e9t\u00e9 le Premier Vice-pr\u00e9sident de l\u2019Organisation pour b\u00e2tir dans l\u2019union un Togo solidaire (Obuts) et membre actif du Collectif <em>\u00ab\u00a0Sauvons le Togo\u00a0\u00bb,<\/em>\u00a0G\u00e9rard Adja, arr\u00eat\u00e9 au lendemain de l\u2019incendie de Lom\u00e9. Il sera suivi 72 heures plus tard par son pr\u00e9sident Agb\u00e9yom\u00e9 Kodjo. Ici les choses sont all\u00e9es comme sur des chapeaux de roues. Les d\u00e9put\u00e9s ont \u00e9t\u00e9 promptement appel\u00e9s en session extraordinaire et ils ont proc\u00e9d\u00e9 \u00e0 la lev\u00e9e de l\u2019immunit\u00e9 parlementaire de l\u2019ancien pr\u00e9sident de l\u2019Assembl\u00e9e nationale. On dirait que tout le plan \u00e9tait ficel\u00e9 \u00e0 l\u2019avance et un chronogramme\u00a0bien pr\u00e9cis \u00e9labor\u00e9. Entre-temps c\u2019est la pr\u00e9sidente de la session Nukafu\u00a0de l\u2019Alliance nationale pour le changement (Anc), Mme Suzanne\u00a0Nukafu\u00a0et d\u2019autres militants anonymes du Cst qui ont \u00e9t\u00e9 appr\u00e9hend\u00e9s.<\/p>\n<p>Dans les conditions normales, l\u2019option de la piste devrait reposer sur des bases objectives. Celle criminelle particuli\u00e8rement retenue par le pouvoir devrait se fonder sur des recherches scientifiques bien fouill\u00e9es, comme celles entreprises actuellement par les deux experts fran\u00e7ais d\u00e9p\u00each\u00e9s par Fran\u00e7ois Hollande. Mais dans le cas de ces incendies, les conclusions ont \u00e9t\u00e9 tir\u00e9es et on a agi en cons\u00e9quence avant m\u00eame que les pr\u00e9misses ne soient pos\u00e9es. Et dans ce cas, c\u2019est Faure Gnassingb\u00e9 lui-m\u00eame \u2013 c\u2019est lui qui aurait personnellement sollicit\u00e9 l\u2019assistance de la France aupr\u00e8s de Hollande \u2013 qui se d\u00e9savoue finalement.<\/p>\n<p align=\"center\"><strong>N\u00e9cessit\u00e9 de ratisser large<\/strong><\/p>\n<p>Ce serait un miracle que les deux experts ne concluent pas \u00e0 l\u2019option criminelle. Mais c\u2019est l\u2019usage qui sera fait du rapport, ou plut\u00f4t l\u2019orientation \u00e0 lui donner qui devrait inqui\u00e9ter. Les auteurs de ces incendies n\u2019ont \u00e9t\u00e9 trouv\u00e9s que du c\u00f4t\u00e9 de l\u2019opposition, et particuli\u00e8rement des leaders du Cst. Et pourtant plein de faits suspects sous-jacents \u00e0 ces incendies poussent \u00e0 orienter les enqu\u00eates ailleurs. C\u2019est ici qu\u2019il est fort int\u00e9ressant de rappeler les douze (12) questionnements pertinents du Cst lors de la conf\u00e9rence de presse de jeudi dernier.<\/p>\n<p>\u00ab\u00a01- O\u00f9 \u00e9taient les agents charg\u00e9s de la protection du b\u00e2timent quand, aux alentours de 21 heures, des jeunes portefaix sentant une odeur d\u2019une fum\u00e9e provenir du b\u00e2timent sont all\u00e9s au poste de gendarmerie du grand march\u00e9 et n\u2019ont trouv\u00e9 qu\u2019un seul agent en place ? 2- Pourquoi ce n\u2019est que bien apr\u00e8s 1 heure du matin que les pompiers et les forces de l\u2019ordre se sont-ils rendus au grand march\u00e9 alors que les propri\u00e9taires des magasins, alert\u00e9s, avaient d\u00e9j\u00e0 ralli\u00e9 les lieux \u00e0 partir de 23 heures ? 3- Pourquoi l\u2019incendie a-t-il commenc\u00e9 au rez-de-chauss\u00e9e puis s\u2019est subitement propag\u00e9 au 2\u00e8me \u00e9tage de l\u2019immeuble avant de toucher le 1er \u00e9tage et en plusieurs foyers ? 4- Pourquoi, alors que le feu ne s\u2019\u00e9tait pas encore propag\u00e9 dans tout le b\u00e2timent et \u00e9tait visible par endroits, aucune initiative n\u2019a \u00e9t\u00e9 prise par les sapeurs pompiers et les forces de s\u00e9curit\u00e9 pour acc\u00e9der au b\u00e2timent et circonscrire les foyers d\u2019incendies ? 5- Comment de simples individus auraient pu avoir acc\u00e8s au b\u00e2timent ferm\u00e9 \u00e0 clefs \u00e0 18h et gard\u00e9 par des agents de s\u00e9curit\u00e9 de l\u2019EPAM et des forces de l\u2019ordre ?<\/p>\n<p>6- Pourquoi nos fronti\u00e8res sont-elles rest\u00e9es ferm\u00e9es aux pompiers ghan\u00e9ens mieux \u00e9quip\u00e9s, durant plus de 3 heures, pour des raisons de formalit\u00e9s d\u2019entr\u00e9e de leurs v\u00e9hicules \u00e0 Lom\u00e9 alors m\u00eame que ce sont les autorit\u00e9s togolaises qui les ont sollicit\u00e9s pour une urgence ?<\/p>\n<p>7- Pourquoi les engins\u00a0de la brigade motoris\u00e9e ont-ils \u00e9t\u00e9 tous d\u00e9gag\u00e9s de la rue adjacente au b\u00e2timent incendi\u00e9 qui leur servait de parking\u00a0? 8- Qui a des int\u00e9r\u00eats dans la filiale togolaise\u00a0de Nestl\u00e9 et pourquoi a-t-elle fait \u00e9vacuer toutes ses marchandises du b\u00e2timent principal quelques heures avant le d\u00e9clenchement de l\u2019incendie ? 9- Comment comprendre les d\u00e9clarations rassurantes de la Directrice de l\u2019EPAM, sur la t\u00e9l\u00e9vision togolaise 1\u00e8re cha\u00eene (TVT), la nuit m\u00eame du drame, tendant \u00e0 faire croire qu\u2019apr\u00e8s l\u2019incendie du march\u00e9 de Kara, toutes les dispositions sont prises pour qu\u2019un tel drame ne survienne pas au march\u00e9 de Lom\u00e9?<\/p>\n<p>10- Pourquoi aucun ministre ni aucun responsable de la s\u00e9curisation du b\u00e2timent n\u2019a \u00e9t\u00e9 officiellement auditionn\u00e9 pour les besoins de l\u2019enqu\u00eate ? 11- Si l\u2019on en croit les dires d\u2019un sapeur pompier ghan\u00e9en, ce serait une importante quantit\u00e9 de k\u00e9ros\u00e8ne qui aurait provoqu\u00e9 et aliment\u00e9 cet incendie. Qui au Togo a acc\u00e8s au k\u00e9ros\u00e8ne, un carburant hautement inflammable que des enqu\u00eates ont r\u00e9v\u00e9l\u00e9 comme ayant \u00e9t\u00e9 utilis\u00e9 en 2005, lors de l\u2019incendie criminel qui a ravag\u00e9 l\u2019Institut Goethe de Lom\u00e9 ? 12- Pourquoi aucune information officielle n\u2019est port\u00e9e \u00e0 la connaissance de l\u2019opinion nationale et internationale sur l\u2019arrestation d\u2019un sergent de l\u2019arm\u00e9e togolaise qui a tent\u00e9 curieusement de mettre le feu \u00e0 la station d\u2019essence MRS sise en face de la cantine de l\u2019A\u00e9roport de Lom\u00e9 ?\u00a0\u00bb. Voil\u00e0 les inqui\u00e9tudes qui triturent les m\u00e9ninges de ses responsables, sur la base des faits et des t\u00e9moignages troublants.<\/p>\n<p>Les experts fran\u00e7ais auront-ils toute la libert\u00e9 de travailler\u00a0? Les pressions ne vont-elles pas les pousser \u00e0 conc\u00e9der l\u2019option pr\u00e9cocement prise par le gouvernement et conclure \u00e0 un incendie criminel, et ainsi encourager le harc\u00e8lement contre les responsables du Cst\u00a0? Autant de questions qui m\u00e9ritent d\u2019\u00eatre pos\u00e9es. Il faut avouer que quelque part, c\u2019est la France qui joue sa cr\u00e9dibilit\u00e9 (sic) aux yeux de l\u2019opinion togolaise \u00e0 travers ces deux experts.<\/p>\n<p><strong>Tino\u00a0Kossi <a href=\"http:\/\/www.liberte-togo.com\/\">www.liberte-togo.com<\/a><\/strong><\/p>\n","protected":false},"excerpt":{"rendered":"<p>Une d\u00e9marche qui d\u00e9savoue Faure Gnassingb\u00e9 et d\u00e9l\u00e9gitime les arrestations. Fran\u00e7ois Hollande et la France jouent leur cr\u00e9dibilit\u00e9. Les incendies des deux grands march\u00e9s du Togo sont r\u00e9els, et leurs traces sont encore visibles. Mais quelle en est la cause\u00a0: court-circuit, incendie accidentel, incendie criminel\u00a0? Cette \u00e9nigme, personne n\u2019est arriv\u00e9 \u00e0 la r\u00e9soudre. La recherche [&hellip;]<\/p>\n","protected":false},"author":7,"featured_media":0,"comment_status":"closed","ping_status":"open","sticky":false,"template":"","format":"standard","meta":[],"categories":[1],"tags":[],"_links":{"self":[{"href":"http:\/\/mtn-togo.org\/index.php?rest_route=\/wp\/v2\/posts\/2535"}],"collection":[{"href":"http:\/\/mtn-togo.org\/index.php?rest_route=\/wp\/v2\/posts"}],"about":[{"href":"http:\/\/mtn-togo.org\/index.php?rest_route=\/wp\/v2\/types\/post"}],"author":[{"embeddable":true,"href":"http:\/\/mtn-togo.org\/index.php?rest_route=\/wp\/v2\/users\/7"}],"replies":[{"embeddable":true,"href":"http:\/\/mtn-togo.org\/index.php?rest_route=%2Fwp%2Fv2%2Fcomments&post=2535"}],"version-history":[{"count":6,"href":"http:\/\/mtn-togo.org\/index.php?rest_route=\/wp\/v2\/posts\/2535\/revisions"}],"predecessor-version":[{"id":2539,"href":"http:\/\/mtn-togo.org\/index.php?rest_route=\/wp\/v2\/posts\/2535\/revisions\/2539"}],"wp:attachment":[{"href":"http:\/\/mtn-togo.org\/index.php?rest_route=%2Fwp%2Fv2%2Fmedia&parent=2535"}],"wp:term":[{"taxonomy":"category","embeddable":true,"href":"http:\/\/mtn-togo.org\/index.php?rest_route=%2Fwp%2Fv2%2Fcategories&post=2535"},{"taxonomy":"post_tag","embeddable":true,"href":"http:\/\/mtn-togo.org\/index.php?rest_route=%2Fwp%2Fv2%2Ftags&post=2535"}],"curies":[{"name":"wp","href":"https:\/\/api.w.org\/{rel}","templated":true}]}}