{"id":2573,"date":"2013-01-26T11:02:22","date_gmt":"2013-01-26T17:02:22","guid":{"rendered":"http:\/\/mtn-togo.org\/?p=2573"},"modified":"2013-01-27T10:36:32","modified_gmt":"2013-01-27T16:36:32","slug":"appolinaire-atile-le-charge-de-la-securite-personnelle-de-jean-pierre-fabre-a-ete-arretee-par-la-gendarmerie","status":"publish","type":"post","link":"http:\/\/mtn-togo.org\/?p=2573","title":{"rendered":"Appolinaire Atil\u00e9, le charg\u00e9 de la s\u00e9curit\u00e9  personnelle de Jean- Pierre Fabre a \u00e9t\u00e9 arr\u00eat\u00e9e par la gendarmerie  <iframe width=\"250\" height=\"200\" src=\"http:\/\/www.youtube.com\/embed\/WUFpZYLrDeY\" frameborder=\"0\" allowfullscreen><\/iframe>"},"content":{"rendered":"","protected":false},"excerpt":{"rendered":"","protected":false},"author":7,"featured_media":0,"comment_status":"closed","ping_status":"open","sticky":false,"template":"","format":"standard","meta":[],"categories":[1],"tags":[286,169,287],"_links":{"self":[{"href":"http:\/\/mtn-togo.org\/index.php?rest_route=\/wp\/v2\/posts\/2573"}],"collection":[{"href":"http:\/\/mtn-togo.org\/index.php?rest_route=\/wp\/v2\/posts"}],"about":[{"href":"http:\/\/mtn-togo.org\/index.php?rest_route=\/wp\/v2\/types\/post"}],"author":[{"embeddable":true,"href":"http:\/\/mtn-togo.org\/index.php?rest_route=\/wp\/v2\/users\/7"}],"replies":[{"embeddable":true,"href":"http:\/\/mtn-togo.org\/index.php?rest_route=%2Fwp%2Fv2%2Fcomments&post=2573"}],"version-history":[{"count":2,"href":"http:\/\/mtn-togo.org\/index.php?rest_route=\/wp\/v2\/posts\/2573\/revisions"}],"predecessor-version":[{"id":2575,"href":"http:\/\/mtn-togo.org\/index.php?rest_route=\/wp\/v2\/posts\/2573\/revisions\/2575"}],"wp:attachment":[{"href":"http:\/\/mtn-togo.org\/index.php?rest_route=%2Fwp%2Fv2%2Fmedia&parent=2573"}],"wp:term":[{"taxonomy":"category","embeddable":true,"href":"http:\/\/mtn-togo.org\/index.php?rest_route=%2Fwp%2Fv2%2Fcategories&post=2573"},{"taxonomy":"post_tag","embeddable":true,"href":"http:\/\/mtn-togo.org\/index.php?rest_route=%2Fwp%2Fv2%2Ftags&post=2573"}],"curies":[{"name":"wp","href":"https:\/\/api.w.org\/{rel}","templated":true}]}}