{"id":2643,"date":"2013-02-09T16:01:39","date_gmt":"2013-02-09T22:01:39","guid":{"rendered":"http:\/\/mtn-togo.org\/?p=2643"},"modified":"2013-02-22T10:57:15","modified_gmt":"2013-02-22T16:57:15","slug":"alerte-sos-journaliste-en-danger-la-tete-de-notre-confrere-vicentey-ben-polar-est-mis-a-prix","status":"publish","type":"post","link":"http:\/\/mtn-togo.org\/?p=2643","title":{"rendered":"Alerte ! Sos journaliste en danger ! La t\u00eate de notre confr\u00e8re Vicentey Ben Polar est mise \u00e0 prix"},"content":{"rendered":"<p><a href=\"http:\/\/mtn-togo.org\/wp-content\/uploads\/2013\/02\/SOS-Journaliste-en-danger.jpg\"><img loading=\"lazy\" class=\"alignleft size-full wp-image-2647\" alt=\"SOS Journaliste en danger\" src=\"http:\/\/mtn-togo.org\/wp-content\/uploads\/2013\/02\/SOS-Journaliste-en-danger.jpg\" width=\"266\" height=\"190\" \/><\/a>De source proche des services de renseignement et d\u2019investigation (SRI) de la gendarmerie nationale, l\u2019ordre a \u00e9t\u00e9 donn\u00e9 de retrouver notre confr\u00e8re Vicentey Ben Polar \u00a0ou de le faire taire.<\/p>\n<p><!--more-->\u00a0Depuis la divulgation des informations\u00a0 \u00a0qui se sont av\u00e9r\u00e9es vraies sur\u00a0 la sant\u00e9 de Faure\u00a0Gnassingb\u00e9, ce dernier\u00a0 furieux\u00a0 a ordonn\u00e9 de traquer\u00a0 les responsables de la fuite. Un m\u00e9nage drastique\u00a0 a \u00e9t\u00e9 fait autour du pr\u00e9sident\u00a0 et lui-m\u00eame n\u2019est pas all\u00e9 du dos de la cuill\u00e8re lors d\u2019un meeting \u00e0 Kara pour accuser un proche. Cet innocent paie une lourde tribu aujourd\u2019hui pour rien\u2026<\/p>\n<p>\u00a0Un arsenal de moyens secrets est mis en place pour retrouver, arr\u00eater et torturer \u00e0 mort notre confr\u00e8re en vue de remonter la piste de ses sources que Faure\u00a0Gnassingb\u00e9 soup\u00e7onne \u00eatre des traitres\u00a0au tour de lui. Faure\u00a0Gnassingb\u00e9 d\u00e9teste \u00e0 mort la plume de notre confr\u00e8re qui ne fait que son travail, celui d\u2019informer objectivement le peuple togolais. C\u2019est la preuve qu\u2019il est un dictateur n\u00e9, nourri\u00a0 abondamment du lait de l\u2019autocratie. Il ne supporte gu\u00e8re la critique et est tr\u00e8s rancunier.<\/p>\n<p>\u00a0C\u2019est le lieu de lui rappeler que la libert\u00e9 d\u2019expression est garantie par la Constitution togolaise qu\u2019il est cens\u00e9 de\u00a0prot\u00e9ger \u00a0et non de continuellement violer.<\/p>\n<p>Le dossier est tr\u00e8s brulant sur la table du capitaine Akapko\u00a0qui s\u2019est sp\u00e9cialis\u00e9 dans la traque et l\u2019arrestation \u00a0des opposants\u00a0et journalistes qui donnent de l\u2019insomnie \u00e0 son ma\u00eetre autocrate, Faure Gnassingb\u00e9. Le capitaine a \u00a0mis en alerte maximum\u00a0 toute sa meute\u00a0 et \u00a0la t\u00eate de notre confr\u00e8re \u00a0mis \u00e0 prix, \u00a0est devenue leur proie \u00e0 croquer. Des sources bien\u00a0inform\u00e9es\u00a0 indiquent et conseillent \u00a0\u00e0 notre confr\u00e8re que \u00a0s\u2019il est au Togo, de ne jamais divulguer son nom de plume \u00e0 qui que ce soit car les d\u00e9lateurs sont partout et s\u2019il est\u00a0 l\u2019\u00e9tranger, de ne jamais revenir\u2026<\/p>\n<p>Nous appelons le peuple togolais \u00a0et la communaut\u00e9\u00a0 internationale \u00e0 t\u00e9moin. Nous lan\u00e7ons un appel pressant et un cri d\u2019alarme \u00e0 toutes les organisations de d\u00e9fense des \u00a0droits de l\u2019homme et \u00a0de la protection de la libert\u00e9 d\u2019expression pour\u00a0 qu\u2019elles \u00e9l\u00e8vent \u00a0un bouclier unanime \u00a0contre le musellement \u00a0de la presse et\u00a0 de la libert\u00e9 d\u2019expression au Togo.<\/p>\n<p>L\u2019\u00e9quipe de r\u00e9daction \u00a0pr\u00e9vient qu\u2019elle ne c\u00e9dera ni devant les menaces, ni devant les intimidations et qu\u2019elle continuera \u00a0en toute qui\u00e9tude \u00e0 informer objectivement le Peuple togolais.<\/p>\n<p>L\u2019\u00e9quipe de r\u00e9daction<\/p>\n<p>Gnagou\u00a0Matolaba\u00a0\u00a0Djalima<\/p>\n<p><a href=\"http:\/\/www.mtn-togo.org\/\">www.mtn-togo.org<\/a><\/p>\n<p>Ampliation<\/p>\n<p>Sos Journaliste en Danger<\/p>\n<p>SYNJIT<\/p>\n<p>Union des Journalistes Ind\u00e9pendants du Togo (UJIT)<\/p>\n<p>Reporters Sans Fronti\u00e8re<\/p>\n<p>Commettee\u00a0to\u00a0Protect\u00a0Journalists\u00a0(CPJ)<\/p>\n<p>Amesty International<\/p>\n<p>Ligue\u00a0togolaise des Droits de l\u2019Homme\u00a0 (LTDH)<\/p>\n<p>Rencontre africaine pour la D\u00e9fense des Droits de l\u2019Homme (RADHO)<\/p>\n<p>Collectif Sauvons le Togo (CST)<\/p>\n<p>Ambassades<\/p>\n<p>Partis politiques<\/p>\n","protected":false},"excerpt":{"rendered":"<p>De source proche des services de renseignement et d\u2019investigation (SRI) de la gendarmerie nationale, l\u2019ordre a \u00e9t\u00e9 donn\u00e9 de retrouver notre confr\u00e8re Vicentey Ben Polar \u00a0ou de le faire taire.<\/p>\n","protected":false},"author":7,"featured_media":0,"comment_status":"closed","ping_status":"open","sticky":false,"template":"","format":"standard","meta":[],"categories":[1],"tags":[132,323,320,158,227,319,161,325,324,326,318,321,322],"_links":{"self":[{"href":"http:\/\/mtn-togo.org\/index.php?rest_route=\/wp\/v2\/posts\/2643"}],"collection":[{"href":"http:\/\/mtn-togo.org\/index.php?rest_route=\/wp\/v2\/posts"}],"about":[{"href":"http:\/\/mtn-togo.org\/index.php?rest_route=\/wp\/v2\/types\/post"}],"author":[{"embeddable":true,"href":"http:\/\/mtn-togo.org\/index.php?rest_route=\/wp\/v2\/users\/7"}],"replies":[{"embeddable":true,"href":"http:\/\/mtn-togo.org\/index.php?rest_route=%2Fwp%2Fv2%2Fcomments&post=2643"}],"version-history":[{"count":7,"href":"http:\/\/mtn-togo.org\/index.php?rest_route=\/wp\/v2\/posts\/2643\/revisions"}],"predecessor-version":[{"id":2683,"href":"http:\/\/mtn-togo.org\/index.php?rest_route=\/wp\/v2\/posts\/2643\/revisions\/2683"}],"wp:attachment":[{"href":"http:\/\/mtn-togo.org\/index.php?rest_route=%2Fwp%2Fv2%2Fmedia&parent=2643"}],"wp:term":[{"taxonomy":"category","embeddable":true,"href":"http:\/\/mtn-togo.org\/index.php?rest_route=%2Fwp%2Fv2%2Fcategories&post=2643"},{"taxonomy":"post_tag","embeddable":true,"href":"http:\/\/mtn-togo.org\/index.php?rest_route=%2Fwp%2Fv2%2Ftags&post=2643"}],"curies":[{"name":"wp","href":"https:\/\/api.w.org\/{rel}","templated":true}]}}