{"id":2657,"date":"2013-02-11T12:45:58","date_gmt":"2013-02-11T18:45:58","guid":{"rendered":"http:\/\/mtn-togo.org\/?p=2657"},"modified":"2013-02-12T07:13:15","modified_gmt":"2013-02-12T13:13:15","slug":"le-pape-benoit-xvi-demissionne-pour-des-raisons-de-sante-en-cela-il-est-plus-grand-que-jean-paul-ii","status":"publish","type":"post","link":"http:\/\/mtn-togo.org\/?p=2657","title":{"rendered":"Le pape Beno\u00eet XVI d\u00e9missionne pour des raisons de sant\u00e9, en cela il est plus grand que Jean Paul II, son pr\u00e9d\u00e9cesseur"},"content":{"rendered":"<p><a href=\"http:\/\/mtn-togo.org\/wp-content\/uploads\/2013\/02\/Le-Pape-Benoit-XVI.jpg\"><img loading=\"lazy\" class=\"alignleft size-medium wp-image-2658\" alt=\"Le Pape Benoit XVI\" src=\"http:\/\/mtn-togo.org\/wp-content\/uploads\/2013\/02\/Le-Pape-Benoit-XVI-300x224.jpg\" width=\"300\" height=\"224\" srcset=\"http:\/\/mtn-togo.org\/wp-content\/uploads\/2013\/02\/Le-Pape-Benoit-XVI-300x224.jpg 300w, http:\/\/mtn-togo.org\/wp-content\/uploads\/2013\/02\/Le-Pape-Benoit-XVI.jpg 344w\" sizes=\"(max-width: 300px) 100vw, 300px\" \/><\/a>Le pape Beno\u00eet XVI a annonc\u00e9 sa d\u00e9mission ce lundi 11 f\u00e9vrier 2013 dans un discours prononc\u00e9 en latin. Le 265e \u00ab vicaire du Christ \u00bb mettra fin \u00e0 son minist\u00e8re le 28 f\u00e9vrier \u00e0 20 heures, un peu moins de huit ans apr\u00e8s avoir \u00e9t\u00e9 port\u00e9 sur le tr\u00f4ne de saint Pierre. Celui qui aura \u00e9t\u00e9 le premier Allemand \u00e0 diriger l\u2019Eglise catholique depuis le XIe si\u00e8cle f\u00eatera son 86e anniversaire le 16 avril.<\/p>\n<p><!--more-->Quand les cardinaux \u00e9lisent Joseph Ratzinger\u00a0le 19 avril 2005, celui qui est depuis pr\u00e8s de 25 ans le pr\u00e9fet de la Congr\u00e9gation pour la doctrine de la foi, l\u2019ex-Saint-Office, a d\u00e9j\u00e0 78 ans. Il a c\u00f4toy\u00e9 de tr\u00e8s pr\u00e8s celui \u00e0 qui il succ\u00e8de, Jean-Paul II dont la sant\u00e9 d\u00e9clinante ne pouvait plus \u00eatre cach\u00e9e depuis des ann\u00e9es. C\u2019est peut-\u00eatre cette image qui s\u2019est impos\u00e9e de plus en plus vivement \u00e0 Beno\u00eet XVI ces derni\u00e8res ann\u00e9es, alors qu\u2019il devenait \u00e9vident que la fatigue le gagnait. On se souvient notamment de c\u00e9r\u00e9monies auxquelles il n\u2019a pas pu participer lors des derni\u00e8res f\u00eates pascales alors qu\u2019on avait all\u00e9g\u00e9 le rythme \u00e9reintant de ses voyages successifs \u00e0 l\u2019\u00e9tranger.<\/p>\n<p>\u00ab <i>Je suis convaincu que mes forces, vu mon \u00e2ge avanc\u00e9, ne me permettent plus d\u2019exercer correctement mon minist\u00e8re<\/i> \u00bb, a dit le pape expliquant pourquoi il renon\u00e7ait \u00e0 sa charge. Une d\u00e9cision qui a de quoi frapper les esprits tant elle est <a href=\"http:\/\/www.lanouvellerepublique.fr\/Toute-zone\/Actualite\/24-Heures\/n\/Contenus\/Articles\/2013\/02\/11\/Demission-du-pape-Benoit-XVI-les-precedents-historiques-1330398\" target=\"_blank\">rare dans l\u2019histoire de l\u2019Eglise<\/a>\u00a0; elle ne s\u2019est produite qu&#8217;\u00e0 trois ou quatre reprises depuis le XIIIe si\u00e8cle. Une d\u00e9cision qui s\u2019inscrit aussi dans la volont\u00e9 qu\u2019avait manifest\u00e9 Beno\u00eet XVI d\u2019une plus grande transparence.<br \/>\n\u00a0<br \/>\nN\u00e9 le 16 avril 1927 dans une famille de classe moyenne de Bavi\u00e8re, tr\u00e8s pratiquante, Joseph Ratzinger est enr\u00f4l\u00e9 au d\u00e9but des ann\u00e9es 1940 dans les Jeunesses hitl\u00e9riennes, ce qui est le sort de nombreux jeunes Allemands \u00e0 l\u2019\u00e9poque. Dans ce cadre, il sera envoy\u00e9 \u00e0 la fronti\u00e8re austro-hongroise pour creuser des foss\u00e9s antichar avant de d\u00e9serter quelques jours avant la reddition allemande. Il conna\u00eetra m\u00eame les ge\u00f4les am\u00e9ricaines pendant six semaines en 1945.<br \/>\n\u00a0<br \/>\n<strong>La th\u00e9ologie avant tout<\/strong><br \/>\n\u00a0<br \/>\nLa paix revenue, Joseph Ratzinger\u00a0entame des \u00e9tudes de th\u00e9ologie et il est ordonn\u00e9 pr\u00eatre en 1951. Il ne restera qu\u2019une ann\u00e9e dans une paroisse de Munich avant d\u2019\u00eatre nomm\u00e9 professeur dans un s\u00e9minaire, puis ma\u00eetre de conf\u00e9rence \u00e0 l\u2019universit\u00e9 de Munich, une fois obtenu son doctorat en th\u00e9ologie en 1957. Th\u00e9ologien brillant, ses comp\u00e9tences passent les fronti\u00e8res et c\u2019est le concile \u0153cum\u00e9nique Vatican II de 1962 \u00e0 1965 qui lui donne l\u2019occasion de se r\u00e9v\u00e9ler comme lib\u00e9ral r\u00e9formateur. C\u2019est dans cet esprit qu\u2019il propose la r\u00e9forme du Saint-Office de m\u00eame qu\u2019il soutient une r\u00e9forme de la liturgie.<br \/>\n\u00a0<br \/>\nApr\u00e8s le concile, il enseigne la th\u00e9ologie dogmatique et son cours \u00ab\u00a0Introduction au christianisme\u00a0\u00bb deviendra un ouvrage de r\u00e9f\u00e9rence dans le monde catholique. L\u2019option r\u00e9formatrice de l\u2019Eglise que d\u00e9fend le p\u00e8re Ratzinger sera profond\u00e9ment modifi\u00e9e par les turbulences de 1968. L\u2019institution catholique est alors contest\u00e9e vigoureusement et le th\u00e9ologien adopte \u00e0 partir de l\u00e0 une position beaucoup plus d\u00e9fensive.<br \/>\n\u00a0<br \/>\nSa nomination \u00e0 l\u2019universit\u00e9 de Ratisbonne\u00a0en 1969 dont il devient le vice-pr\u00e9sident en m\u00eame temps que le titulaire de la chaire de dogmatique et d\u2019histoire des dogmes le consacre d\u00e9finitivement comme un des pr\u00e9lats qui compte, ce que vient confirmer en 1977 sa nomination comme archev\u00eaque de Munich et cardinal sous Paul VI. Quatre plus tard, il prend la t\u00eate de la <a href=\"http:\/\/www.vatican.va\/roman_curia\/congregations\/cfaith\/index_fr.htm\" target=\"_blank\">Congr\u00e9gation pour la doctrine de la foi<\/a>\u00a0ce qui en fait l\u2019\u00ab\u00a0id\u00e9ologue en chef\u00a0\u00bb du Vatican.<br \/>\n\u00a0<br \/>\n<strong>Honte et humiliation<\/strong><br \/>\n\u00a0<br \/>\nTr\u00e8s proche de Jean-Paul II, leurs positions se rejoignent dans le respect des traditions. Qu\u2019il s\u2019agisse de la th\u00e9ologie de la lib\u00e9ration en Am\u00e9rique latine, de l\u2019homosexualit\u00e9 ou a fortiori du mariage homosexuel, rien ne vient att\u00e9nuer le refus de l\u2019Eglise. A partir de 2005 quand il en prend les r\u00eanes, on s&#8217;attend pas \u00e0 ce que Beno\u00eet XVI adopte une ligne bien \u00e9loign\u00e9e de celle de son pr\u00e9d\u00e9cesseur. Au contraire, ses propos lors d\u2019un <a href=\"http:\/\/fr.wikipedia.org\/wiki\/Discours_de_Ratisbonne\" target=\"_blank\">discours prononc\u00e9 \u00e0 Ratisbonne<\/a> en 2006, associant islam et violence, consternent les musulmans.<br \/>\n\u00a0<br \/>\n<a href=\"http:\/\/www.la-croix.com\/Religion\/Actualite\/Huit-ans-de-pontificat-de-Benoit-XVI-en-images-_NG_-2013-02-11-909873\" target=\"_blank\">Le pontificat de Beno\u00eet XVI <\/a>restera n\u00e9anmoins celui au cours duquel de r\u00e9els progr\u00e8s ont\u00a0\u00e9t\u00e9 accomplis pour parvenir \u00e0 crever l\u2019abc\u00e8s des scandales de la p\u00e9dophilie. Des actes de p\u00e9dophilie commis par des pr\u00eatres et qui se sont produits durant des d\u00e9cennies, ont\u00a0\u00e9t\u00e9 r\u00e9v\u00e9l\u00e9s dans de nombreux pays et ont fini par ternir l\u2019image du pape accus\u00e9 d\u2019avoir prot\u00e9g\u00e9 des p\u00e9dophiles. Dans un climat de honte et d&#8217;humiliation, le pape a accept\u00e9 des d\u00e9missions d&#8217;\u00e9v\u00eaques, rencontr\u00e9 des victimes, reconnu que \u00ab\u00a0<i>le p\u00e9ch\u00e9 au sein de l&#8217;Eglise<\/i>\u00a0\u00bb mena\u00e7ait le catholicisme plus qu&#8217;un danger ext\u00e9rieur et qu&#8217;une \u00ab\u00a0<i>purification<\/i>\u00a0\u00bb s&#8217;imposait. Rien de plus. Des victimes irlandaises ont d\u2019ailleurs reproch\u00e9 au pape, d\u00e8s l\u2019annonce de sa d\u00e9mission, de n&#8217;avoir \u00ab <i>rien fait<\/i> \u00bb, malgr\u00e9 ses promesses, pour sanctionner les responsables.<br \/>\n\u00a0<br \/>\nLa position de l\u2019Eglise sur le sida\u00a0demeure aussi bien \u00e9nigmatique compte tenu du nombre de victimes qu\u2019il provoque. En 2009, Beno\u00eet XVI d\u00e9clare, alors qu\u2019il est en route\u00a0pour l\u2019Afrique, que les programmes antisida fond\u00e9s principalement sur le pr\u00e9servatif pouvaient \u00ab <i>aggraver le probl\u00e8me<\/i> \u00bb. Quant au mariage des homosexuels, il profite du d\u00e9bat qui agite la France en ce d\u00e9but d\u2019ann\u00e9e, pour affirmer \u00e0 nouveau l\u2019opposition de l\u2019Eglise catholique.<\/p>\n<p>La d\u00e9mission de Beno\u00eet XVI survient alors que les coulisses du Vatican sont \u00e9branl\u00e9es depuis plusieurs mois par les coups d\u2019une guerre de succession qui ne dit pas son nom.<br \/>\n\u00a0<br \/>\nD\u2019un c\u00f4t\u00e9, il y a ceux qui dans le sillage du pape allemand ont fait de la transparence et de la rigueur une priorit\u00e9 ; de l&#8217;autre, ont trouve\u00a0ceux qui pensent que la protection du Vatican va de pair avec le secret.\u00a0<br \/>\nL&#8217;\u00e9prouvant \u00e9pisode du licenciement du banquier du Vatican en mai 2012 et pire encore, l\u2019arrestation de son majordome, un homme en qui Beno\u00eet XVI avait la plus grande confiance, l\u2019ont laiss\u00e9 \u00ab\u00a0<i>attrist\u00e9 et choqu\u00e9<\/i>\u00a0\u00bb par cette \u00ab\u00a0<i>douloureuse affaire\u00a0<\/i>\u00bb, selon les termes d\u2019un proche. Le coup de gr\u00e2ce peut-\u00eatre pour un homme de 85 ans dont la sant\u00e9 ne lui permettait plus de r\u00e9sister autant qu\u2019il l\u2019aurait voulu.\u00a0<br \/>\n<strong>Transparence contre secret<\/strong><\/p>\n<p>La d\u00e9mission de Beno\u00eet XVI survient alors que les coulisses du Vatican sont \u00e9branl\u00e9es depuis plusieurs mois par les coups d\u2019une guerre de succession qui ne dit pas son nom.<br \/>\n\u00a0<br \/>\nD\u2019un c\u00f4t\u00e9, il y a ceux qui dans le sillage du pape allemand ont fait de la transparence et de la rigueur une priorit\u00e9 ; de l&#8217;autre, ont trouve\u00a0ceux qui pensent que la protection du Vatican va de pair avec le secret.<br \/>\n\u00a0<br \/>\nL&#8217;\u00e9prouvant \u00e9pisode du licenciement du banquier du Vatican en mai 2012 et pire encore, l\u2019arrestation de son majordome, un homme en qui Beno\u00eet XVI avait la plus grande confiance, l\u2019ont laiss\u00e9 \u00ab\u00a0<i>attrist\u00e9 et choqu\u00e9<\/i>\u00a0\u00bb par cette \u00ab\u00a0<i>douloureuse affaire\u00a0<\/i>\u00bb, selon les termes d\u2019un proche. Le coup de gr\u00e2ce peut-\u00eatre pour un homme de 85 ans dont la sant\u00e9 ne lui permettait plus de r\u00e9sister autant qu\u2019il l\u2019aurait voulu.<\/p>\n<p>source rfi<\/p>\n","protected":false},"excerpt":{"rendered":"<p>Le pape Beno\u00eet XVI a annonc\u00e9 sa d\u00e9mission ce lundi 11 f\u00e9vrier 2013 dans un discours prononc\u00e9 en latin. Le 265e \u00ab vicaire du Christ \u00bb mettra fin \u00e0 son minist\u00e8re le 28 f\u00e9vrier \u00e0 20 heures, un peu moins de huit ans apr\u00e8s avoir \u00e9t\u00e9 port\u00e9 sur le tr\u00f4ne de saint Pierre. Celui qui [&hellip;]<\/p>\n","protected":false},"author":7,"featured_media":0,"comment_status":"closed","ping_status":"open","sticky":false,"template":"","format":"standard","meta":[],"categories":[1],"tags":[],"_links":{"self":[{"href":"http:\/\/mtn-togo.org\/index.php?rest_route=\/wp\/v2\/posts\/2657"}],"collection":[{"href":"http:\/\/mtn-togo.org\/index.php?rest_route=\/wp\/v2\/posts"}],"about":[{"href":"http:\/\/mtn-togo.org\/index.php?rest_route=\/wp\/v2\/types\/post"}],"author":[{"embeddable":true,"href":"http:\/\/mtn-togo.org\/index.php?rest_route=\/wp\/v2\/users\/7"}],"replies":[{"embeddable":true,"href":"http:\/\/mtn-togo.org\/index.php?rest_route=%2Fwp%2Fv2%2Fcomments&post=2657"}],"version-history":[{"count":3,"href":"http:\/\/mtn-togo.org\/index.php?rest_route=\/wp\/v2\/posts\/2657\/revisions"}],"predecessor-version":[{"id":2661,"href":"http:\/\/mtn-togo.org\/index.php?rest_route=\/wp\/v2\/posts\/2657\/revisions\/2661"}],"wp:attachment":[{"href":"http:\/\/mtn-togo.org\/index.php?rest_route=%2Fwp%2Fv2%2Fmedia&parent=2657"}],"wp:term":[{"taxonomy":"category","embeddable":true,"href":"http:\/\/mtn-togo.org\/index.php?rest_route=%2Fwp%2Fv2%2Fcategories&post=2657"},{"taxonomy":"post_tag","embeddable":true,"href":"http:\/\/mtn-togo.org\/index.php?rest_route=%2Fwp%2Fv2%2Ftags&post=2657"}],"curies":[{"name":"wp","href":"https:\/\/api.w.org\/{rel}","templated":true}]}}