{"id":2662,"date":"2013-02-15T13:01:04","date_gmt":"2013-02-15T19:01:04","guid":{"rendered":"http:\/\/mtn-togo.org\/?p=2662"},"modified":"2013-02-15T20:39:08","modified_gmt":"2013-02-16T02:39:08","slug":"le-parti-socialiste-monte-au-creneau-et-reclame-la-liberation-des-prisonniers-politiques-togolais-et-l","status":"publish","type":"post","link":"http:\/\/mtn-togo.org\/?p=2662","title":{"rendered":"Le parti socialiste monte au cr\u00e9neau et r\u00e9clame la lib\u00e9ration des prisonniers politiques togolais et l&#8217;organisation dans la transparence des \u00e9lections libres et d\u00e9mocratiques"},"content":{"rendered":"<p><a href=\"http:\/\/mtn-togo.org\/wp-content\/uploads\/2013\/02\/27488.jpg\"><img loading=\"lazy\" class=\"alignleft size-medium wp-image-2663\" alt=\"Jean-Christophe Cambad\u00e9lis ,d\u00e9put\u00e9 de Paris et secr\u00e9taire international du Parti socialiste\" src=\"http:\/\/mtn-togo.org\/wp-content\/uploads\/2013\/02\/27488-300x227.jpg\" width=\"300\" height=\"227\" srcset=\"http:\/\/mtn-togo.org\/wp-content\/uploads\/2013\/02\/27488-300x227.jpg 300w, http:\/\/mtn-togo.org\/wp-content\/uploads\/2013\/02\/27488.jpg 395w\" sizes=\"(max-width: 300px) 100vw, 300px\" \/><\/a>Afreepress\u00a0(le 15 f\u00e9vrier 2013) \u2014 Jean-Christophe Cambad\u00e9lis (photo), d\u00e9put\u00e9 de Paris et secr\u00e9taire international du Parti socialiste est revenu ce vendredi sur les ondes de RFI, sur les termes utilis\u00e9s par son parti dans la lettre ouverte envoy\u00e9e aux autorit\u00e9s togolaises le 14 f\u00e9vrier 2013, <!--more-->termes d\u00e9nonc\u00e9s par l\u2019Union pour la R\u00e9publique, le parti au pouvoir au Togo dans un communiqu\u00e9 rendu public. \u00a0<\/p>\n<p>Pourquoi le Parti socialiste estime-t-il dans ce courrier que \u00ab la d\u00e9mocratie est bafou\u00e9e \u00bb au Togo ? R\u00e9pondant \u00e0 cette question \u00e0 lui pos\u00e9e par Christophe Bouabouvier, M. Cambad\u00e9lis a insist\u00e9 sur les cas d\u2019arrestations enregistr\u00e9es dans les rangs de l\u2019opposition au cours du mois de janvier 2013.<\/p>\n<p>\u00ab Depuis un mois, il y a des arrestations de personnalit\u00e9s togolaises comme G\u00e9rard Adja ou Agb\u00e9yom\u00e9 Kodjo ou encore Suzanne\u00a0Kafui\u00a0Nukafu\u00a0Dogbevi. \u00c7a nous pose un\u00a0probl\u00e8me majeur. Nous ne voulons pas nous ins\u00e9rer dans les affaires int\u00e9rieures togolaises, mais en tant que parti politique ami du Togo, nous ne souhaitons pas que ce pays se retrouve dans une situation difficile du point de vue d\u00e9mocratique. On ne fait pas un dialogue cens\u00e9 \u00eatre inclusif en arr\u00eatant ses opposants\u00a0\u00bb, a d\u00e9clar\u00e9 le Secr\u00e9taire international du Parti socialiste qui exprime son \u00ab scepticisme \u00bb quant \u00e0 ce qui est de voir une implication des opposants\u00a0politiques dans la s\u00e9rie d\u2019incendies qui a ravag\u00e9 plusieurs march\u00e9s du Togo au mois de janvier. \u00ab Il me para\u00eet difficile de penser que des opposants politiques ont mis le feu dans deux march\u00e9s pour faire valoir leur opposition \u00e0 la politique gouvernementale, je suis plut\u00f4t sceptique \u00bb, a-t-il dit.<\/p>\n<p>S\u2019adressant \u00e0 Faure Gnassingb\u00e9, Pr\u00e9sident du Togo M.\u00a0 Cambad\u00e9lis demande d&#8217;engager une r\u00e9elle \u00ab \u00e9volution sur le plan de l\u2019organisation \u00e9lectorale \u00bb, une \u00e9volution qui, selon lui, permette une \u00ab \u00e9lection sinc\u00e8re et la possibilit\u00e9 de voir toutes les sensibilit\u00e9s togolaises s\u2019exprimer \u00bb.<\/p>\n<p>Pour celui-ci, le Pr\u00e9sident de la R\u00e9publique fran\u00e7aise n\u2019a rien \u00e0 avoir dans la sortie m\u00e9diatique du PS. \u00ab Nous ne sommes pas comme cela, nous ne sommes pas dans un r\u00e9gime o\u00f9 le parti au pouvoir est \u00e0 ce point inf\u00e9od\u00e9. Le Parti socialiste dit ce qu\u2019il pense sur le sujet, et le pr\u00e9sident de la R\u00e9publique dira au pr\u00e9sident Gnassingb\u00e9 ce qu\u2019il estime juste de lui dire \u00bb, a laiss\u00e9 entendre ce dernier.<\/p>\n","protected":false},"excerpt":{"rendered":"<p>Afreepress\u00a0(le 15 f\u00e9vrier 2013) \u2014 Jean-Christophe Cambad\u00e9lis (photo), d\u00e9put\u00e9 de Paris et secr\u00e9taire international du Parti socialiste est revenu ce vendredi sur les ondes de RFI, sur les termes utilis\u00e9s par son parti dans la lettre ouverte envoy\u00e9e aux autorit\u00e9s togolaises le 14 f\u00e9vrier 2013,<\/p>\n","protected":false},"author":7,"featured_media":0,"comment_status":"closed","ping_status":"open","sticky":false,"template":"","format":"standard","meta":[],"categories":[1],"tags":[146,330,329,331,144,327,328,131],"_links":{"self":[{"href":"http:\/\/mtn-togo.org\/index.php?rest_route=\/wp\/v2\/posts\/2662"}],"collection":[{"href":"http:\/\/mtn-togo.org\/index.php?rest_route=\/wp\/v2\/posts"}],"about":[{"href":"http:\/\/mtn-togo.org\/index.php?rest_route=\/wp\/v2\/types\/post"}],"author":[{"embeddable":true,"href":"http:\/\/mtn-togo.org\/index.php?rest_route=\/wp\/v2\/users\/7"}],"replies":[{"embeddable":true,"href":"http:\/\/mtn-togo.org\/index.php?rest_route=%2Fwp%2Fv2%2Fcomments&post=2662"}],"version-history":[{"count":4,"href":"http:\/\/mtn-togo.org\/index.php?rest_route=\/wp\/v2\/posts\/2662\/revisions"}],"predecessor-version":[{"id":2665,"href":"http:\/\/mtn-togo.org\/index.php?rest_route=\/wp\/v2\/posts\/2662\/revisions\/2665"}],"wp:attachment":[{"href":"http:\/\/mtn-togo.org\/index.php?rest_route=%2Fwp%2Fv2%2Fmedia&parent=2662"}],"wp:term":[{"taxonomy":"category","embeddable":true,"href":"http:\/\/mtn-togo.org\/index.php?rest_route=%2Fwp%2Fv2%2Fcategories&post=2662"},{"taxonomy":"post_tag","embeddable":true,"href":"http:\/\/mtn-togo.org\/index.php?rest_route=%2Fwp%2Fv2%2Ftags&post=2662"}],"curies":[{"name":"wp","href":"https:\/\/api.w.org\/{rel}","templated":true}]}}