{"id":2696,"date":"2013-02-26T05:22:57","date_gmt":"2013-02-26T11:22:57","guid":{"rendered":"http:\/\/mtn-togo.org\/?p=2696"},"modified":"2013-02-26T05:32:14","modified_gmt":"2013-02-26T11:32:14","slug":"liberation-provisoire-de-messan-agbeyome-kodjo-president-dobuts","status":"publish","type":"post","link":"http:\/\/mtn-togo.org\/?p=2696","title":{"rendered":"Lib\u00e9ration provisoire de Messan Agbeyom\u00e9 Kodjo, pr\u00e9sident d&#8217;OBUTS"},"content":{"rendered":"<p><a href=\"http:\/\/mtn-togo.org\/wp-content\/uploads\/2013\/02\/Agbeyome-Kodjo.bmp\"><img class=\"alignleft size-medium wp-image-2699\" alt=\"Agbeyome Kodjo\" src=\"http:\/\/mtn-togo.org\/wp-content\/uploads\/2013\/02\/Agbeyome-Kodjo.bmp\" \/><\/a>Interpell\u00e9, puis d\u00e9f\u00e9r\u00e9 au Parquet et d\u00e9tenu dans les locaux de la gendarmerie depuis son arrestation dans l&#8217;affaire des incendies criminels\u00a0des march\u00e9s de Lom\u00e9 et Kara, Agb\u00e9yom\u00e9 Messan\u00a0Kodjo, pr\u00e9sident du Parti Obuts\u00a0 a\u00a0\u00e9t\u00e9 pr\u00e9sent\u00e9\u00a0au \u00a0doyen des juges d\u2019instruction hier lundi.<\/p>\n<p>\u00a0<!--more-->\u00c0 la suite de\u00a0son interrogatoire, le juge a trouv\u00e9 que le dossier\u00a0d&#8217;accusation\u00a0mont\u00e9 par le capitaine Akakpo et ses sbires ne tient pas la route et est ridicule. Il a donc d\u00e9cid\u00e9 de lib\u00e9rer l&#8217;ancien pr\u00e9sident de l&#8217;Assembl\u00e9e nationale et ancien premier Ministre du Togo.<\/p>\n<p>Nous saluons le courage du doyen des juges\u00a0 et esp\u00e9rons vivement \u00a0que tous les autres d\u00e9tenus recrouvriront\u00a0 rapidement la libert\u00e9.<\/p>\n<p>C&#8217;est un \u00e9chec lamentable pour le capitaine Akakpo\u00a0qui a conduit cette enqu\u00eate bacl\u00e9e et des arrestations tout azimut qui sonnent comme des r\u00e8glements de comptes politiques visant \u00e0 destabiliser l&#8217;opposition \u00e0 la veille des \u00e9lections l\u00e9gislatives.Le capitaine Akapko\u00a0doit d\u00e9misionner s&#8217;il lui reste un petit grain d&#8217;honneur<\/p>\n<p>Vicentey Ben Polar\u00a0 <a href=\"http:\/\/www.mtn-togo.org\/\">www.mtn-togo.org<\/a><\/p>\n<p>&nbsp;<\/p>\n<p>&nbsp;<\/p>\n","protected":false},"excerpt":{"rendered":"<p>Interpell\u00e9, puis d\u00e9f\u00e9r\u00e9 au Parquet et d\u00e9tenu dans les locaux de la gendarmerie depuis son arrestation dans l&#8217;affaire des incendies criminels\u00a0des march\u00e9s de Lom\u00e9 et Kara, Agb\u00e9yom\u00e9 Messan\u00a0Kodjo, pr\u00e9sident du Parti Obuts\u00a0 a\u00a0\u00e9t\u00e9 pr\u00e9sent\u00e9\u00a0au \u00a0doyen des juges d\u2019instruction hier lundi. \u00a0<\/p>\n","protected":false},"author":7,"featured_media":0,"comment_status":"closed","ping_status":"open","sticky":false,"template":"","format":"standard","meta":[],"categories":[1],"tags":[231,180,232,343],"_links":{"self":[{"href":"http:\/\/mtn-togo.org\/index.php?rest_route=\/wp\/v2\/posts\/2696"}],"collection":[{"href":"http:\/\/mtn-togo.org\/index.php?rest_route=\/wp\/v2\/posts"}],"about":[{"href":"http:\/\/mtn-togo.org\/index.php?rest_route=\/wp\/v2\/types\/post"}],"author":[{"embeddable":true,"href":"http:\/\/mtn-togo.org\/index.php?rest_route=\/wp\/v2\/users\/7"}],"replies":[{"embeddable":true,"href":"http:\/\/mtn-togo.org\/index.php?rest_route=%2Fwp%2Fv2%2Fcomments&post=2696"}],"version-history":[{"count":4,"href":"http:\/\/mtn-togo.org\/index.php?rest_route=\/wp\/v2\/posts\/2696\/revisions"}],"predecessor-version":[{"id":2701,"href":"http:\/\/mtn-togo.org\/index.php?rest_route=\/wp\/v2\/posts\/2696\/revisions\/2701"}],"wp:attachment":[{"href":"http:\/\/mtn-togo.org\/index.php?rest_route=%2Fwp%2Fv2%2Fmedia&parent=2696"}],"wp:term":[{"taxonomy":"category","embeddable":true,"href":"http:\/\/mtn-togo.org\/index.php?rest_route=%2Fwp%2Fv2%2Fcategories&post=2696"},{"taxonomy":"post_tag","embeddable":true,"href":"http:\/\/mtn-togo.org\/index.php?rest_route=%2Fwp%2Fv2%2Ftags&post=2696"}],"curies":[{"name":"wp","href":"https:\/\/api.w.org\/{rel}","templated":true}]}}