{"id":2713,"date":"2013-03-05T01:37:56","date_gmt":"2013-03-05T07:37:56","guid":{"rendered":"http:\/\/mtn-togo.org\/?p=2713"},"modified":"2013-03-05T01:37:56","modified_gmt":"2013-03-05T07:37:56","slug":"le-ministre-gilbert-badjilembayena-bawara-est-il-sur-un-siege-ejectable","status":"publish","type":"post","link":"http:\/\/mtn-togo.org\/?p=2713","title":{"rendered":"Le ministre Gilbert Badjilembay\u00e9na Bawara est -il sur un si\u00e8ge \u00e9jectable ?"},"content":{"rendered":"<p><a href=\"http:\/\/mtn-togo.org\/wp-content\/uploads\/2013\/03\/Gilbert-Bawara.bmp\"><img class=\"alignleft size-medium wp-image-2714\" alt=\"Gilbert Bawara\" src=\"http:\/\/mtn-togo.org\/wp-content\/uploads\/2013\/03\/Gilbert-Bawara.bmp\" \/><\/a>Nomm\u00e9 ministre de l\u2019Administration territoriale, de la D\u00e9centralisation et des Collectivit\u00e9s locales dans le gouvernement d\u2019Ahoomey-Zunu, Gilbert Badjilembay\u00e9na Bawara \u00e9tait tr\u00e8s visible et bavard. <!--more-->Dans ses sorties fracassantes, il ne m\u00e9nageait pas ses adversaires politiques, les traitant\u00a0de tous les noms d\u2019oiseau. Mais depuis que le feu a consum\u00e9 les grands march\u00e9s de Kara\u00a0et de Lom\u00e9 qui sont sous sa tutelle, le ministre a perdu son latin. Et pour cause, le natif de Siou serait sur la sellette et pourrait perdre son poste lors du prochain remaniement.<\/p>\n<p align=\"center\"><b>La gloire d\u2019un illustre inconnu<\/b><\/p>\n<p>\u00a0\u00a0\u00a0\u00a0\u00a0\u00a0\u00a0\u00a0\u00a0\u00a0\u00a0 Gilbert Bawara\u00a0fait partie\u00a0de ces nombreux jeunes qui ont fait leur apparition sur la sc\u00e8ne politique togolaise\u00a0d\u00e8s que le G\u00e9n\u00e9ral Gnassingb\u00e9 Eyadema\u00a0a exhal\u00e9 son dernier soupir. Surfant sur la mont\u00e9e au pouvoir de Faure\u00a0Gnassingb\u00e9, ils savaient que leur temps est enfin arriv\u00e9 de jouir de la gestion des affaires du pays. Inconnu jusqu\u2019\u00e0 la\u00a0parenth\u00e8se de sang qui a co\u00fbt\u00e9 la vie \u00e0 au moins 400 Togolais, selon les Nations Unies, Gilbert Bawara\u00a0s\u2019est fait remarquer lors de la pr\u00e9sentation du rapport de la LTDH\u00a0sur les violations des droits de l\u2019Homme de f\u00e9vrier \u00e0 avril 2005. Selon les responsables de la Ligue \u00e0 l\u2019\u00e9poque, il serait parmi les miliciens du RPT qui avaient tent\u00e9 de perturber la r\u00e9union.<\/p>\n<p>Dans le premier gouvernement de son ami Faure\u00a0Gnassingb\u00e9 dirig\u00e9 par Edem\u00a0Kodjo, Gilbert Bawara\u00a0est nomm\u00e9 ministre de la Coop\u00e9ration et du NEPAD. Sa biographie officielle affiche : \u00ab <i>N\u00e9 \u00e0 Siou (Pr\u00e9fecture de Doufelgou) le 13 mars 1968, M. Gilbert Badjilembay\u00e9na Bawara, ministre de la Coop\u00e9ration et du NEPAD\u00a0d\u00e9crocha en 1988, son Baccalaur\u00e9at s\u00e9rie A4. Inscrit \u00e0 l&#8217;Universit\u00e9 de Gen\u00e8ve (Suisse) de 1988 \u00e0 1995, il obtint successivement une licence puis un Dipl\u00f4me d&#8217;Etudes sup\u00e9rieures (postgraduate) en Droit. En marge de ses \u00e9tudes universitaires, M. Bawara\u00a0a effectu\u00e9 des recherches approfondies en droit germanique anglo-saxon, en droit international priv\u00e9 et en droit international compar\u00e9 en Grande-Bretagne, en Allemagne et \u00e0 Gen\u00e8ve. De 1994 \u00e0 2004, M. Gilbert Bawara\u00a0avait eu \u00e0 exercer diff\u00e9rentes fonctions et responsabilit\u00e9s au sein du syst\u00e8me de l&#8217;Organisation des Nations Unies au si\u00e8ge de Gen\u00e8ve et sur le terrain, notamment au Rwanda et en RDC, etc.\u00a0<\/i>\u00bb. Comme on peut le constater, rien n\u2019est dit sur son s\u00e9jour \u00e0 l\u2019Ambassade du Togo en R\u00e9publique d\u00e9mocratique du Congo (RDC) o\u00f9 il avait assum\u00e9 les t\u00e2ches de gar\u00e7on de course. Et selon les informations, c\u2019\u00e9tait dans l\u2019exercice de cette fonction qu\u2019il avait c\u00f4toy\u00e9 des hommes politiques congolais et un certain Louis Michel.<\/p>\n<p>Devenu ministre du tr\u00e8s strat\u00e9gique poste de la Coop\u00e9ration, Gilbert Bawara\u00a0a d\u00e9velopp\u00e9 ses relations avec Louis Michel et \u00e9tait pr\u00eat \u00e0 tous les sacrifices pour mettre ce dernier \u00e0 l\u2019aise et rendre possible la reprise de la coop\u00e9ration avec l\u2019Union europ\u00e9enne. M\u00eame \u00e0 Bruxelles, cette intimit\u00e9 suspecte entre les deux hommes faisait jaser nombre de fonctionnaires. Avec le soutien des r\u00e9seaux de l\u2019ex-pr\u00e9sident fran\u00e7ais Jacques Chirac, \u00ab\u00a0<i>ami personnel d\u2019Eyadema<\/i>\u00a0\u00bb et la d\u00e9crispation politique marqu\u00e9e par la signature de l\u2019Accord politique global (APG), les voies \u00e9taient balis\u00e9es pour une reprise de la coop\u00e9ration. Ce qui fut effectif apr\u00e8s les \u00e9lections l\u00e9gislatives d\u2019octobre 2012.<\/p>\n<p>\u00a0\u00a0\u00a0\u00a0\u00a0\u00a0\u00a0\u00a0\u00a0\u00a0\u00a0 Ayant occup\u00e9 ce poste de 2005 jusqu\u2019en 2010, Bawara\u00a0s\u2019est bien servi, allant jusqu\u2019\u00e0 climatiser son garage pendant que le centre de sant\u00e9 de son Siou\u00a0natal manque de tout. Il s\u2019est m\u00eame appropri\u00e9 la reprise de la coop\u00e9ration et \u00e9tait dans les bonnes gr\u00e2ces de Faure\u00a0Gnassingb\u00e9. Les deux faisaient m\u00eame tout ensemble. Il se raconte qu\u2019un jour, Edem\u00a0Kodjo, alors Premier ministre, \u00e9tait en s\u00e9ance de travail avec le chef de l\u2019Etat quand surgit Bawara\u00a0: \u00ab\u00a0<i>Mandja, fouka\u00a0fouka<\/i>\u00a0\u00bb. Avec ce mot de passe, rien ne pouvait plus faire avancer les \u00e9changes entre les deux premiers membres de l\u2019ex\u00e9cutif. Sur ces entrefaites, le ma\u00eetre des lieux avait mis fin \u00e0 la s\u00e9ance de travail, au grand dam de l\u2019Enarque.<\/p>\n<p align=\"center\"><b>L\u2019heure de la d\u00e9gringolade<\/b><\/p>\n<p><b>\u00a0\u00a0\u00a0\u00a0\u00a0\u00a0\u00a0\u00a0\u00a0\u00a0\u00a0 <\/b>En 2010, Faure\u00a0Gnassingb\u00e9 s\u2019est offert un second mandat \u00e0 la faveur d\u2019un autre hold-up \u00e9lectoral et a r\u00e9ussi \u00e0 s\u00e9duire le fameux \u00ab\u00a0<i>opposant historique<\/i>\u00a0\u00bb Gilchrist\u00a0Olympio\u00a0qui a trahi les siens pour aller conclure un accord avec le RPT. Un cocasse gouvernement d\u2019union nationale ou de cohabitation, c\u2019est selon, a \u00e9t\u00e9 mis en place. Et l\u2019unique nouveaut\u00e9 dans cette \u00e9quipe gouvernementale dirig\u00e9e encore par Gilbert Fossoun\u00a0Houngbo, \u00e9tait l\u2019absence de Gilbert Badjilembay\u00e9na Bawara. Sa mise \u00e0 l\u2019\u00e9cart \u00e9tait-elle une exigence de Gilchrist\u00a0Olympio\u00a0?<\/p>\n<p>\u00a0\u00a0\u00a0\u00a0\u00a0\u00a0\u00a0\u00a0\u00a0\u00a0\u00a0 A l\u2019\u00e9poque, beaucoup avaient r\u00e9pondu par l\u2019affirmative. Lorsqu\u2019il \u00e9tait aux affaires, Gilbert Bawara prenait plaisir \u00e0 accabler d\u2019injures le d\u00e9sormais \u00ab\u00a0<i>opposant pr\u00e9historique<\/i>\u00a0\u00bb. Combien de fois ne l\u2019avait-il pas trait\u00e9 de s\u00e9nile\u00a0? Hum\u00a0! Si au moins sur ce point, \u00ab\u00a0<i>Tamara\u00a0<\/i>\u00bb Bawara\u00a0avait eu trop t\u00f4t raison\u00a0contre tous ! Aujourd\u2019hui, Gilchrist\u00a0Olympio\u00a0est devenu non seulement un probl\u00e8me pour ses ex-amis de l\u2019UFC, mais aussi pour tout le peuple togolais qui, hier, ne jurait que par lui. Passons.<\/p>\n<p>\u00a0\u00a0\u00a0\u00a0\u00a0\u00a0\u00a0\u00a0\u00a0\u00a0\u00a0 Plus tard, on apprendra \u00e9galement que le d\u00e9part de Gilbert Bawara du gouvernement serait d\u00fb \u00e0 une bisbille qu\u2019il aurait eue avec la Directrice g\u00e9n\u00e9rale des imp\u00f4ts. On parle d\u2019une affaire banale qui aurait mis la femme \u00e0 tout faire de Monsieur le Pr\u00e9sident dans tous ses \u00e9tats. Et comme toujours, c\u2019est elle qui sort gagnante de ce bras de fer.<\/p>\n<p>\u00a0\u00a0\u00a0\u00a0\u00a0\u00a0\u00a0\u00a0\u00a0\u00a0\u00a0 Apr\u00e8s quelques mois difficiles, il fut nomm\u00e9 Conseiller \u00e0 la Pr\u00e9sidence de la R\u00e9publique. Monsieur le ministre qui faisait la pluie et le beau temps au CASEF, qui signait les conventions de financement des diff\u00e9rents partenaires devant les cam\u00e9ras, devrait se contenter d\u2019un petit bureau au Palais de la Marina. L\u00e0, il n\u2019avait rien \u00e0 faire, \u00e9tant oblig\u00e9 tout comme les autres conseillers \u00e0 ronger les ongles \u00e0 longueur de journ\u00e9e. En plus, il lui \u00e9tait difficile de voir son ami Faure\u00a0Gnassingb\u00e9. De peur d\u2019ab\u00eemer ses ongles, il avait commenc\u00e9 \u00e0 r\u00e9fl\u00e9chir sur sa vie\u00a0: retourner en RDC\u00a0o\u00f9 il a gard\u00e9 de bonnes relations et abandonner \u00e0 Lom\u00e9 la somptueuse villa au garage climatis\u00e9 ou rester au Togo tout en supportant les humiliations\u00a0? Mauvais math\u00e9maticien, il planchait\u00a0sur cette \u00e9quation quand Faure\u00a0Gnassingb\u00e9 a d\u00e9cid\u00e9 de noyer son ami de l\u2019Administration territoriale, de la D\u00e9centralisation et des Collectivit\u00e9s locales, Pascal Bodjona, dans l\u2019affaire d\u2019\u00ab\u00a0<i>escroquerie internationale<\/i>\u00a0\u00bb.<\/p>\n<p>\u00a0\u00a0\u00a0\u00a0\u00a0\u00a0\u00a0\u00a0\u00a0\u00a0\u00a0 La nature ayant\u00a0horreur du vide, Gilbert Bawara\u00a0qui avait entre-temps profit\u00e9 de cette descente au purgatoire pour assainir ses relations avec Gilchrist\u00a0Olympio, savait qu\u2019il avait sa chance. Il est l\u2019un de ceux qui ont travaill\u00e9 \u00e0 l\u2019accouchement d\u2019UNIR, ce parti dont les pratiques sont les m\u00eames que celles du RPT. Dans le m\u00eame temps, les manifestations du Collectif \u00ab\u00a0<i>Sauvons le Togo<\/i>\u00a0\u00bb faisaient trembler le pouvoir, mais il n\u2019y avait aucune grande gueule qui puisse d\u00e9fendre l\u2019ind\u00e9fendable. Mais Gilbert Bawara\u00a0\u00e9tait pr\u00eat \u00e0 accomplir le sale boulot. Re\u00e7u dans une \u00e9mission sur une radio de la place, il a eu le toupet de traiter les responsables du CST et leurs militants de \u00ab\u00a0<i>badauds\u00a0<\/i>\u00bb. Un acte condamn\u00e9 par tout le monde, sauf Faure\u00a0Gnassingb\u00e9 qui l\u2019a r\u00e9compens\u00e9 en le nommant ministre de l\u2019Administration territoriale en remplacement de Pascal Bodjona.<\/p>\n<p align=\"center\"><b>Un come-back compliqu\u00e9<\/b><\/p>\n<p><b>\u00a0\u00a0\u00a0\u00a0\u00a0\u00a0\u00a0\u00a0\u00a0\u00a0\u00a0 <\/b>En effet, Faure\u00a0Gnassingb\u00e9 qui a la rancune tenace, a nomm\u00e9 Gilbert Bawara\u00a0pour se venger et se moquer de ses opposants\u00a0r\u00e9unis au sein du CST. Mais comme le disait par le pass\u00e9 le sage de la Radio Lom\u00e9, \u00ab\u00a0<i>le mouton qui salit la place publique, publie sa propre salet\u00e9\u00a0<\/i>\u00bb. En le nommant, c\u2019est Faure Gnassingb\u00e9 lui-m\u00eame qui montre aux yeux du monde ses propres limites en tant que premier magistrat du pays, garant de l\u2019unit\u00e9 nationale. Une chef de l\u2019Etat qui a le sens de la d\u00e9mocratie doit toujours avoir un peu d\u2019\u00e9gard pour ses opposants.<\/p>\n<p>\u00a0\u00a0\u00a0\u00a0\u00a0\u00a0\u00a0\u00a0\u00a0\u00a0\u00a0 Il faut le dire, cette nomination de Bawara\u00a0au poste de ministre de l\u2019Administration territoriale ne pouvait que raviver la tension dans le pays et bloquer toute initiative de r\u00e9conciliation. Au lieu de faire preuve de tact et de circonspection, Bawara ne cesse de voir les autres de haut. Oblig\u00e9 parfois de travestir la r\u00e9alit\u00e9 comme ce fut le cas lors de l\u2019organisation des manifestations du CST\u00a0en ao\u00fbt 2012. Le ministre avait, dans un communiqu\u00e9 diffus\u00e9 sur les m\u00e9dias publics, signifi\u00e9 que les deux parties \u2013 gouvernement et CST \u2013 s\u2019\u00e9taient mises d\u2019accord sur l\u2019interdiction de la manifestation \u00e0 Deckon alors qu\u2019il n\u2019en \u00e9tait rien.\u00a0\u00ab\u00a0<i>Le CST\u00a0est d\u2019autant plus choqu\u00e9 que le ministre Gilbert Bawara\u00a0pr\u00e9sume d\u2019avance que m\u00eame les manifestations \u00e0 venir sont d\u2019ores et d\u00e9j\u00e0 dangereuses et comporteraient des risques av\u00e9r\u00e9s de d\u00e9rapages et de d\u00e9gradation des biens publics et priv\u00e9s et donc interdites syst\u00e9matiquement. Face \u00e0 l\u2019outrecuidance du ministre Gilbert Bawara, personnage sans scrupule connu pour ses propos inconvenants, impudents, outranciers et d\u00e9sobligeants \u00e0 l\u2019endroit du peuple togolais, et son m\u00e9pris av\u00e9r\u00e9 des leaders de l\u2019opposition, dont le retour au Gouvernement a \u00e9t\u00e9 ressenti comme une provocation par la population et qui vient d\u2019\u00eatre pris en flagrant d\u00e9lit de mensonge, le Collectif \u00ab\u00a0Sauvons le Togo\u00a0\u00bb ne peut qu\u2019exprimer son indignation, sa profonde d\u00e9ception et son d\u00e9go\u00fbt<\/i>\u00a0\u00bb, avait protest\u00e9 le CST.<\/p>\n<p>\u00a0\u00a0\u00a0\u00a0\u00a0\u00a0\u00a0\u00a0\u00a0\u00a0\u00a0 En d\u00e9pit de ce z\u00e8le, les relations se d\u00e9graderaient entre Faure Gnassingb\u00e9 et son ministre. \u00ab\u00a0<i>Bawara fait partie de l\u2019aile dure qui avait dit au chef de l\u2019Etat qu\u2019elle allait organiser les \u00e9lections l\u00e9gislatives sans aucun probl\u00e8me. Ces gens lui ont m\u00eame fait croire que les partenaires du Togo, surtout l\u2019UE, allaient financer les \u00e9lections. Mais les nombreuses missions occultes de Gilbert Bawara en Europe n\u2019ont rien apport\u00e9. M\u00eame Louis Michel ne peut grand-chose. On a m\u00eame l\u2019impression que l\u2019UE durcit sa position vis-\u00e0-vis du pouvoir de Lom\u00e9. Ce qui ne pla\u00eet pas \u00e0 Faure Gnassingb\u00e9\u00a0<\/i>\u00bb, affirme un ancien diplomate. Soit dit en passant, Bruxelles conditionne le financement des prochaines \u00e9lections l\u00e9gislatives et locales \u00e0 l\u2019effectivit\u00e9 des r\u00e9formes constitutionnelles et institutionnelles ainsi qu\u2019\u00e0 la mise en \u0153uvre des recommandations des missions d\u2019observation \u00e9lectorale de 2007 et 2010.<\/p>\n<p>\u00a0\u00a0\u00a0\u00a0\u00a0\u00a0\u00a0\u00a0\u00a0\u00a0\u00a0 Il nous revient en outre que Bawara\u00a0aurait donn\u00e9 quelque part son avis sur le sort qui est r\u00e9serv\u00e9 \u00e0 son pr\u00e9d\u00e9cesseur Pascal Bodjona. \u00ab\u00a0<i>Il faut reconna\u00eetre que c\u2019est m\u00e9chant, ce que le chef de l\u2019Etat a fait \u00e0 Pascal<\/i>\u00a0\u00bb, aurait-il dit oubliant que les comm\u00e9rages restent la chose la mieux partag\u00e9e dans l\u2019entourage de Faure Gnassingb\u00e9. Naturellement, cette remarque a \u00e9t\u00e9 port\u00e9e \u00e0 la connaissance de qui de droit.<\/p>\n<p>Par ailleurs, le tr\u00e8s volubile ministre de l\u2019Administration territoriale qui, pour interdire les manifestations du CST\u00a0\u00e0 Deckon, proclamait urbi\u00a0et orbi\u00a0qu\u2019il d\u00e9fendait les int\u00e9r\u00eats des commer\u00e7ants, s\u2019est mur\u00e9 dans un silence p\u00e9taradant apr\u00e8s les incendies qui ont frapp\u00e9 les grands march\u00e9s de Kara\u00a0et de Lom\u00e9. Un mutisme qui fait jaser nombre de Togolais. \u00ab\u00a0<i>O\u00f9 est le ministre Bawara\u00a0? Pourquoi ne parle-t-il pas depuis la survenance de ces incendies\u00a0?<\/i>\u00a0\u00bb, se demande-t-on.<\/p>\n<p>\u00a0\u00a0\u00a0\u00a0\u00a0\u00a0\u00a0\u00a0\u00a0\u00a0\u00a0 En fait, Bawara n\u2019a pas appr\u00e9ci\u00e9 ce qui s\u2019est pass\u00e9 et pense que ces incendies visent \u00e0 saboter son travail \u00e0 la t\u00eate du minist\u00e8re de l\u2019Administration, et par ricochet la gouvernance de Faure\u00a0Gnassingb\u00e9. Selon les informations, ceux qui orientent les enqu\u00eates pour d\u00e9capiter le CST\u00a0auraient exerc\u00e9 des pressions sur lui afin qu\u2019il se pr\u00eate \u00e0 la com\u00e9die offerte fin janvier dernier par le Colonel Yark\u00a0Damehame. Mais il aurait refus\u00e9 de porter cette lourde responsabilit\u00e9 devant l\u2019histoire. Depuis, ceux-ci auraient jur\u00e9 lui faire payer ce culot. Il se susurre\u00a0qu\u2019il pourrait perdre son poste et conna\u00eetre le m\u00eame sort que Pascal Bodjona. \u00ab\u00a0<i>La m\u00e9thode est la m\u00eame. Il suffit seulement de ressusciter un ancien dossier dans lequel il est mouill\u00e9 et son sort est r\u00e9gl\u00e9\u00a0<\/i>\u00bb, confie un haut cadre.<\/p>\n<p>\u00a0\u00a0\u00a0\u00a0\u00a0\u00a0\u00a0\u00a0\u00a0\u00a0\u00a0 Avec le pouvoir Faure Gnassingb\u00e9, tout est possible et il n\u2019est pas exclu que Gilbert Badjilembay\u00e9na Bawara soit, \u00e0 son tour, bouff\u00e9 par la dictature. Comme le dirait l\u2019autre, la roue tourne.<\/p>\n<p align=\"center\"><b>R. K\u00e9djagni <a href=\"http:\/\/www.liberte-togo.com\/\">www.liberte-togo.com<\/a><\/b><\/p>\n","protected":false},"excerpt":{"rendered":"<p>Nomm\u00e9 ministre de l\u2019Administration territoriale, de la D\u00e9centralisation et des Collectivit\u00e9s locales dans le gouvernement d\u2019Ahoomey-Zunu, Gilbert Badjilembay\u00e9na Bawara \u00e9tait tr\u00e8s visible et bavard.<\/p>\n","protected":false},"author":7,"featured_media":0,"comment_status":"closed","ping_status":"open","sticky":false,"template":"","format":"standard","meta":[],"categories":[1],"tags":[348,351,347,350,349,153],"_links":{"self":[{"href":"http:\/\/mtn-togo.org\/index.php?rest_route=\/wp\/v2\/posts\/2713"}],"collection":[{"href":"http:\/\/mtn-togo.org\/index.php?rest_route=\/wp\/v2\/posts"}],"about":[{"href":"http:\/\/mtn-togo.org\/index.php?rest_route=\/wp\/v2\/types\/post"}],"author":[{"embeddable":true,"href":"http:\/\/mtn-togo.org\/index.php?rest_route=\/wp\/v2\/users\/7"}],"replies":[{"embeddable":true,"href":"http:\/\/mtn-togo.org\/index.php?rest_route=%2Fwp%2Fv2%2Fcomments&post=2713"}],"version-history":[{"count":2,"href":"http:\/\/mtn-togo.org\/index.php?rest_route=\/wp\/v2\/posts\/2713\/revisions"}],"predecessor-version":[{"id":2716,"href":"http:\/\/mtn-togo.org\/index.php?rest_route=\/wp\/v2\/posts\/2713\/revisions\/2716"}],"wp:attachment":[{"href":"http:\/\/mtn-togo.org\/index.php?rest_route=%2Fwp%2Fv2%2Fmedia&parent=2713"}],"wp:term":[{"taxonomy":"category","embeddable":true,"href":"http:\/\/mtn-togo.org\/index.php?rest_route=%2Fwp%2Fv2%2Fcategories&post=2713"},{"taxonomy":"post_tag","embeddable":true,"href":"http:\/\/mtn-togo.org\/index.php?rest_route=%2Fwp%2Fv2%2Ftags&post=2713"}],"curies":[{"name":"wp","href":"https:\/\/api.w.org\/{rel}","templated":true}]}}