{"id":2717,"date":"2013-03-06T07:28:39","date_gmt":"2013-03-06T13:28:39","guid":{"rendered":"http:\/\/mtn-togo.org\/?p=2717"},"modified":"2013-03-06T07:29:39","modified_gmt":"2013-03-06T13:29:39","slug":"mort-dhugo-chavez-adios-comandante","status":"publish","type":"post","link":"http:\/\/mtn-togo.org\/?p=2717","title":{"rendered":"Mort d&#8217;Hugo Chavez: Adios Comandante!"},"content":{"rendered":"<p><a href=\"http:\/\/mtn-togo.org\/wp-content\/uploads\/2013\/03\/CHAVEZ_0_1.jpg\"><img loading=\"lazy\" class=\"alignleft size-medium wp-image-2718\" alt=\"CHAVEZ_0_1\" src=\"http:\/\/mtn-togo.org\/wp-content\/uploads\/2013\/03\/CHAVEZ_0_1-300x224.jpg\" width=\"300\" height=\"224\" srcset=\"http:\/\/mtn-togo.org\/wp-content\/uploads\/2013\/03\/CHAVEZ_0_1-300x224.jpg 300w, http:\/\/mtn-togo.org\/wp-content\/uploads\/2013\/03\/CHAVEZ_0_1.jpg 344w\" sizes=\"(max-width: 300px) 100vw, 300px\" \/><\/a>A 58 ans, le pr\u00e9sident v\u00e9n\u00e9zu\u00e9lien Hugo\u00a0Chavez est d\u00e9c\u00e9d\u00e9 des suites de son cancer. Il a r\u00e9gn\u00e9 pendant 14 ans sur le pays\u00a0(&#8230;.) <!--more-->Aujourd&#8217;hui, le Venezuela tourne une page importante de son histoire, m\u00eame si l\u2019annonce de la mort de Chavez n\u2019\u00e9tait pas vraiment une surprise.<\/p>\n<p>L\u2019incertitude sur son \u00e9tat de sant\u00e9 planait depuis quelques mois, depuis qu\u2019il \u00e9tait parti \u00e0 Cuba pour se faire op\u00e9rer de son cancer, le 10 d\u00e9cembre dernier. Il y a deux semaines, Hugo Chavez est rentr\u00e9 par surprise et en catimini \u00e0 Caracas. Depuis quelques jours, les communiqu\u00e9s distill\u00e9s au compte-gouttes par le gouvernement \u00e9taient de plus en plus alarmistes. Avec le recul, on peut dire que les autorit\u00e9s pr\u00e9paraient la population au pire.<\/p>\n<p>C\u2019est le vice-pr\u00e9sident Nicolas Maduro, dauphin d\u00e9sign\u00e9 par Hugo\u00a0Chavez, qui a annonc\u00e9 le d\u00e9c\u00e8s d\u2019<em>El\u00a0Comandante<\/em> \u00e0 la t\u00e9l\u00e9vision. \u00ab\u00a0<em>Nous avons re\u00e7u l&#8217;information la plus \u00e9prouvante et la plus tragique que nous puissions annoncer \u00e0 notre peuple<\/em>, dit-il, la voix \u00e9touff\u00e9e. <em>A 16h25 cet apr\u00e8s-midi, aujourd\u2019hui 5 mars, est mort notre commandant pr\u00e9sident Hugo Chavez\u00a0Frias<\/em>\u00a0\u00bb&#8230;&#8230;&#8230;&#8230;.<\/p>\n<p>Source:\u00a0Achim\u00a0Lippold\u00a0Rfi.fr<\/p>\n<p>Vive Le Commandante\u00a0 Hugo\u00a0Chavez\u00a0 et que la terre te soit l\u00e9g\u00e8re. <a href=\"http:\/\/www.mtn-togo.org\/\">www.mtn-togo.org<\/a><\/p>\n","protected":false},"excerpt":{"rendered":"<p>A 58 ans, le pr\u00e9sident v\u00e9n\u00e9zu\u00e9lien Hugo\u00a0Chavez est d\u00e9c\u00e9d\u00e9 des suites de son cancer. Il a r\u00e9gn\u00e9 pendant 14 ans sur le pays\u00a0(&#8230;.)<\/p>\n","protected":false},"author":7,"featured_media":0,"comment_status":"closed","ping_status":"open","sticky":false,"template":"","format":"standard","meta":[],"categories":[1],"tags":[353,352,190,354],"_links":{"self":[{"href":"http:\/\/mtn-togo.org\/index.php?rest_route=\/wp\/v2\/posts\/2717"}],"collection":[{"href":"http:\/\/mtn-togo.org\/index.php?rest_route=\/wp\/v2\/posts"}],"about":[{"href":"http:\/\/mtn-togo.org\/index.php?rest_route=\/wp\/v2\/types\/post"}],"author":[{"embeddable":true,"href":"http:\/\/mtn-togo.org\/index.php?rest_route=\/wp\/v2\/users\/7"}],"replies":[{"embeddable":true,"href":"http:\/\/mtn-togo.org\/index.php?rest_route=%2Fwp%2Fv2%2Fcomments&post=2717"}],"version-history":[{"count":3,"href":"http:\/\/mtn-togo.org\/index.php?rest_route=\/wp\/v2\/posts\/2717\/revisions"}],"predecessor-version":[{"id":2720,"href":"http:\/\/mtn-togo.org\/index.php?rest_route=\/wp\/v2\/posts\/2717\/revisions\/2720"}],"wp:attachment":[{"href":"http:\/\/mtn-togo.org\/index.php?rest_route=%2Fwp%2Fv2%2Fmedia&parent=2717"}],"wp:term":[{"taxonomy":"category","embeddable":true,"href":"http:\/\/mtn-togo.org\/index.php?rest_route=%2Fwp%2Fv2%2Fcategories&post=2717"},{"taxonomy":"post_tag","embeddable":true,"href":"http:\/\/mtn-togo.org\/index.php?rest_route=%2Fwp%2Fv2%2Ftags&post=2717"}],"curies":[{"name":"wp","href":"https:\/\/api.w.org\/{rel}","templated":true}]}}