{"id":2722,"date":"2013-03-08T05:03:03","date_gmt":"2013-03-08T11:03:03","guid":{"rendered":"http:\/\/mtn-togo.org\/?p=2722"},"modified":"2013-03-08T05:13:17","modified_gmt":"2013-03-08T11:13:17","slug":"message-a-la-nation-de-jean-pierre-fabre-president-de-lanc","status":"publish","type":"post","link":"http:\/\/mtn-togo.org\/?p=2722","title":{"rendered":"Message \u00e0 la Nation de Jean Pierre Fabre, Pr\u00e9sident de l\u2019ANC"},"content":{"rendered":"<div>\n<p>Mes Chers compatriotes,<\/p>\n<p><a href=\"http:\/\/mtn-togo.org\/wp-content\/uploads\/2011\/10\/Jean-Pierre-Fabres-PR\u00e9sident-de-lANC-en-tourn\u00e9e.jpg\"><img loading=\"lazy\" class=\"alignleft size-medium wp-image-886\" alt=\"Jean-Pierre Fabres, Pr\u00e9sident de l'ANC en tourn\u00e9e\" src=\"http:\/\/mtn-togo.org\/wp-content\/uploads\/2011\/10\/Jean-Pierre-Fabres-PR\u00e9sident-de-lANC-en-tourn\u00e9e-300x225.jpg\" width=\"300\" height=\"225\" srcset=\"http:\/\/mtn-togo.org\/wp-content\/uploads\/2011\/10\/Jean-Pierre-Fabres-PR\u00e9sident-de-lANC-en-tourn\u00e9e-300x225.jpg 300w, http:\/\/mtn-togo.org\/wp-content\/uploads\/2011\/10\/Jean-Pierre-Fabres-PR\u00e9sident-de-lANC-en-tourn\u00e9e.jpg 570w\" sizes=\"(max-width: 300px) 100vw, 300px\" \/><\/a>Notre pays vit une crise sociopolitique\u00a0qui s\u2019aggrave consid\u00e9rablement au fil du temps, pour constituer aujourd\u2019hui, faute d\u2019une r\u00e9elle volont\u00e9 de r\u00e8glement juste et durable, <!--more-->une source de blocage absolu du progr\u00e8s social, de l\u2019\u00e9panouissement et du bien-\u00eatre\u00a0 des Togolaises\u00a0et des Togolais.<\/p>\n<p>En effet, depuis plus de cinq d\u00e9cennies, le Togo est pris en otage par une dictature qui \u00e9rige l\u2019impunit\u00e9, les coups de force et le tribalisme en mode de gouvernement. Le pays est mis en coupe r\u00e9gl\u00e9e et plong\u00e9 dans la tourmente, dans une spirale de violence politique, de d\u00e9ni de droits et de justice, de violations massives des droits de l\u2019homme, de mensonge, de d\u00e9lation, de falsification, de pillage et de bradage des richesses nationales.<\/p>\n<p>C\u2019est dans ce contexte de mal gouvernance et d\u2019imposture, que les populations togolaises, d\u00e9j\u00e0 fragilis\u00e9es par la pr\u00e9carit\u00e9, la mis\u00e8re et la mendicit\u00e9, sont frapp\u00e9es, ce mois de janvier 2013, par des incendies qui ont d\u00e9vast\u00e9 les march\u00e9s de Kara, de Lom\u00e9 et d\u2019autres localit\u00e9s du pays, sans que les pouvoirs publics, manifestement d\u00e9faillants, puissent apporter des secours appropri\u00e9s pour ma\u00eetriser les feux ou prot\u00e9ger et sauver les marchandises.<\/p>\n<p>Depuis cette trag\u00e9die, nous ne manquons aucune occasion pour exprimer notre solidarit\u00e9 et procurer un r\u00e9confort moral \u00e0 toutes les victimes de ces incendies, \u00e0 toutes les femmes revendeuses des march\u00e9s d\u00e9truits. L\u2019ANC, par ma voix, renouvelle une fois encore sa compassion \u00e0 toutes les personnes sinistr\u00e9es, \u00e0 leurs familles et \u00e0 leurs proches.<\/p>\n<p>Le changement et la bonne gouvernance, auxquels nous aspirons tous, ont notamment pour finalit\u00e9, non seulement la pr\u00e9vention de telles catastrophes, mais aussi et surtout la r\u00e9paration des torts, dommages et autres spoliations inflig\u00e9s aux populations togolaises depuis tant d\u2019ann\u00e9es, par l\u2019incurie du r\u00e9gime RPT\/UNIR.<\/p>\n<p>\u00a0Mes chers compatriotes,<\/p>\n<p>Soyons clairs : aucun dirigeant ou militant de l\u2019ANC, aucun dirigeant ou militant du CST, n\u2019est, ni de pr\u00e8s ni de loin, m\u00eal\u00e9 aux incendies des march\u00e9s de Kara, de Lom\u00e9 ou des autres localit\u00e9s du pays. C\u2019est donc sous des accusations fallacieuses, grossi\u00e8rement mont\u00e9es \u00e0 partir de d\u00e9nonciations calomnieuses, c\u2019est-\u00e0-dire sans aucune preuve que, d\u00e8s le lendemain des incendies, des dirigeants et militants de l\u2019opposition sont arr\u00eat\u00e9s et d\u00e9tenus par les services de la gendarmerie nationale.<\/p>\n<p>Les populations togolaises ne sont pas dupes. Elles comprennent parfaitement la situation et leur conviction est faite car elles connaissent les m\u00e9thodes et les pratiques qui permettent au r\u00e9gime RPT\/UNIR de se maintenir au pouvoir.<\/p>\n<p>C\u2019est pourquoi, tout en saluant la vigilance dont elles font preuve, nous r\u00e9it\u00e9rons aux populations togolaises, notre gratitude pour le soutien\u00a0 qu\u2019elles ne cessent de nous apporter.<\/p>\n<p>Nous continuons donc d\u2019exiger, non seulement la lib\u00e9ration imm\u00e9diate de toutes les personnes encore d\u00e9tenues dans le cadre de cette affaire, mais aussi la mise en place sans d\u00e9lai d\u2019une commission d\u2019enqu\u00eate internationale ind\u00e9pendante pour d\u00e9terminer les vraies causes de ces incendies, en identifier les vrais auteurs et situer les responsabilit\u00e9s quant aux d\u00e9faillances des secours et interventions d\u2019urgence.<\/p>\n<p>Nous d\u00e9non\u00e7ons et condamnons avec fermet\u00e9, la strat\u00e9gie de la violence et de la terreur que le syst\u00e8me RPT continue de mettre en \u0153uvre en d\u00e9signant un bouc \u00e9missaire pour prot\u00e9ger les vrais criminels<\/p>\n<p>Nous d\u00e9non\u00e7ons et condamnons avec fermet\u00e9 cette strat\u00e9gie de la violence et son cort\u00e8ge d\u2019incendies criminels, de violations de la Constitution et des lois, de violations des droits et libert\u00e9s des citoyens, d\u2019assassinats politiques, de massacres de populations, d\u2019ex\u00e9cutions sommaires et de disparitions de personnes, d\u2019enl\u00e8vements, de tortures, de mutilations, de r\u00e9pression sanglante des manifestations publiques pacifiques, de b\u00e2illonnement et de musellement des m\u00e9dias.<\/p>\n<p>Nous d\u00e9non\u00e7ons et condamnons avec fermet\u00e9 cette strat\u00e9gie de la violence destin\u00e9e \u00e0 \u00e9craser les populations togolaises et \u00e0 briser la jeunesse, toutes massivement mobilis\u00e9es et d\u00e9termin\u00e9es \u00e0 r\u00e9aliser l\u2019alternance et le changement.<\/p>\n<p>Nous d\u00e9non\u00e7ons et condamnons avec fermet\u00e9 cette strat\u00e9gie de la violence qui a permis d\u2019infliger quarante jours de souffrance \u00e0 notre coll\u00e8gue KODJO Agb\u00e9yom\u00e9, dont la lib\u00e9ration d\u00e9montre la vacuit\u00e9 des accusations port\u00e9es contre les dirigeants et les militants du CST.<\/p>\n<p>Nous d\u00e9non\u00e7ons et condamnons avec fermet\u00e9 cette strat\u00e9gie de la violence qui se traduit par le harc\u00e8lement et l\u2019inculpation des trois avocats, membres du bureau du CST, apr\u00e8s les nombreuses interpellations arbitraires et ill\u00e9gales de dirigeants et militants de l\u2019opposition, dans le but de d\u00e9capiter la mobilisation populaire et la contestation, d\u2019\u00e9chapper \u00e0 un dialogue politique s\u00e9rieux et d\u2019\u00e9carter les forces d\u00e9mocratiques des prochaines \u00e9lections.<\/p>\n<p>\u00a0C\u2019est le lieu de marquer notre pleine solidarit\u00e9 avec le Coordonnateur G\u00e9n\u00e9ral du CST, Me Ata\u00a0Messan\u00a0Zeus\u00a0AJAVON, le Rapporteur G\u00e9n\u00e9ral, Me Rapha\u00ebl ADZARE-KPANDE et le Tr\u00e9sorier G\u00e9n\u00e9ral-Adjoint, Me Gil-Beno\u00eet AFANGBEDJI, pour leur\u00a0 courage et leur foi en la lutte que nous menons.<\/p>\n<p>\u00a0Mes chers compatriotes,<\/p>\n<p>N\u2019ayez pas peur ! N\u2019ayons pas peur de revendiquer nos droits l\u00e9gitimes.<\/p>\n<p>Le d\u00e9ni d\u2019\u00c9tat de droit, ainsi que les violations massives et r\u00e9p\u00e9t\u00e9es des droits de l\u2019homme, qui sont au coeur de la crise togolaise, interpellent chaque citoyen et justifient pleinement l\u2019implication des Organisations de D\u00e9fense des Droits de l\u2019Homme dans toute initiative de sortie de crise.<\/p>\n<p>Nos revendications l\u00e9gitimes sont d\u00e9finies dans la plate-forme du CST, en date du 04 juin 2012, transmise au gouvernement et largement m\u00e9diatis\u00e9e. Ce document, soutenu par l\u2019ensemble des populations togolaises, identifie les vrais probl\u00e8mes de notre pays et envisage les vraies solutions.<\/p>\n<p>L\u2019heure est donc venue de faire face avec courage et d\u00e9termination, au r\u00e8glement de la crise togolaise\u00a0par un dialogue politique s\u00e9rieux et responsable, c\u2019est-\u00e0-dire un dialogue politique structur\u00e9, franc et serein, dans un climat sociopolitique apais\u00e9 et assaini.<\/p>\n<p>A cet \u00e9gard, je r\u00e9affirme notre attachement \u00e0 un tel dialogue, mettant face \u00e0 face, les v\u00e9ritables protagonistes de la crise, \u00e0 savoir le pouvoir (RPT\/UNIR-UFC) et l\u2019opposition (FRAC\/CST-Coalition Arc-en-ciel)<\/p>\n<p>Ce dialogue, qui implique le respect des engagements pris et des accords sign\u00e9s, permet l\u2019adoption et la mise en \u0153uvre consensuelles des r\u00e9formes constitutionnelles et institutionnelles contenues dans l\u2019Accord Politique Global (APG), ainsi que l\u2019am\u00e9lioration du cadre \u00e9lectoral. Son caract\u00e8re formel et transparent est en soi une garantie de bonnes fins.<\/p>\n<p>Pour la pr\u00e9paration et l\u2019organisation consensuelles des consultations \u00e9lectorales, il convient de mettre en place notamment, une CENI \u00e9quilibr\u00e9e, un d\u00e9coupage \u00e9lectoral \u00e9quitable, un fichier \u00e9lectoral fiable \u00e0 partir d\u2019un nouveau recensement \u00e9lectoral, des proc\u00e9dures de r\u00e9sultats s\u00e9curis\u00e9es et transparentes.<\/p>\n<p>Il est souhaitable que les travaux soient conduits par un m\u00e9diateur ext\u00e9rieur qui, pour conclure les discussions sur les diff\u00e9rents points, aura comme rep\u00e8res les standards internationaux g\u00e9n\u00e9ralement admis en mati\u00e8re d\u2019\u00c9tat de droit et de respect des droits de l\u2019homme.<\/p>\n<p>\u00a0L\u2019ANC n\u2019entend prendre part \u00e0 aucun simulacre de dialogue\u00a0!<\/p>\n<p>L\u2019objectif primordial de l\u2019ANC et des autres partis politiques de l\u2019opposition, est d\u2019ouvrir la voie \u00e0 une alternance d\u00e9mocratique, \u00e0 travers la mise en \u0153uvre consensuelle des r\u00e9formes politiques n\u00e9cessaires \u00e0 l\u2019instauration de l\u2019\u00c9tat de droit, de la d\u00e9mocratie et de la bonne gouvernance au Togo.<\/p>\n<p>Pour cela, nous comptons, non seulement sur les populations togolaises massivement mobilis\u00e9es \u00e0 cet effet, mais aussi sur l\u2019assistance de tous les partenaires et amis du Togo et sur l\u2019indispensable accompagnement de la communaut\u00e9 internationale, particuli\u00e8rement l\u2019Union Europ\u00e9enne.<\/p>\n<p>Nous nous f\u00e9licitons du soutien unanime de la communaut\u00e9 internationale et nous saluons les efforts d\u00e9ploy\u00e9s par les uns et les autres pour enclencher une dynamique d\u2019apaisement dans le pays. En d\u00e9non\u00e7ant l\u2019arbitraire manifeste des arrestations, en demandant la lib\u00e9ration imm\u00e9diate des personnes arr\u00eat\u00e9es, et en appelant \u00e0 la tenue d\u2019un dialogue s\u00e9rieux et inclusif ainsi qu\u2019\u00e0 l\u2019organisation consensuelle des prochaines \u00e9lections, la communaut\u00e9 internationale et les amis du Togo se situent dans la droite ligne de nos revendications et d\u00e9montrent ainsi la l\u00e9gitimit\u00e9 et le bien fond\u00e9 de nos exigences.<\/p>\n<p>Nous nous f\u00e9licitons tout particuli\u00e8rement de la r\u00e9cente mission conduite au Togo par l\u2019Union Interparlementaire (UIP), sur la question des neuf d\u00e9put\u00e9s ANC r\u00e9voqu\u00e9s de leur mandat parlementaire. Cette mission illustre la volont\u00e9 de la prestigieuse institution, de ne pas laisser impunie, la forfaiture commise. Elle d\u00e9montre \u00e9galement l\u2019attachement de l\u2019UIP au r\u00e9tablissement des d\u00e9put\u00e9s dans leurs droits.<\/p>\n<p>Je ne saurai terminer mon propos sans rendre un vibrant hommage \u00e0 l\u2019engagement et au courage de tous les compagnons de lutte, hommes et femmes, dirigeants et militants, abusivement embastill\u00e9s ou port\u00e9s disparus dans cette path\u00e9tique affaire d\u2019incendie. Ils sont nombreux.<\/p>\n<p>ADJA\u00a0G\u00e9rard, AGNITEY\u00a0Massana\u00a0Esso\u00a0(Alias Guillaume Soro), AKPOVI\u00a0Ta\u00efrou, ATHILEY\u00a0Apollinaire, BODE\u00a0Tchakoura, DOGBEVI\u00a0Suzanne\u00a0Kafui\u00a0Nukafu, EKLOU\u00a0Jean, KPOGO\u00a0Alphonse, NAPO\u00a0Tchin, OURO-AKPO Tchagnaou, SENOU Herv\u00e9 et tous les autres, vous \u00eates des d\u00e9tenus politiques. Vous \u00eates les otages d\u2019un r\u00e9gime r\u00e9trograde.<\/p>\n<p>Nous partageons vos souffrances et celles de vos familles. Nous ressentons comme vous, les brimades et les humiliations. Nous \u00e9prouvons la col\u00e8re et la r\u00e9volte qui bouillonnent en vous, face \u00e0 la calomnie et \u00e0 la diffamation, face \u00e0 l\u2019arbitraire et \u00e0 l\u2019injustice. Nous sommes confiants que vous serez bient\u00f4t d\u00e9livr\u00e9s des cha\u00eenes sc\u00e9l\u00e9rates de l\u2019imposture.<\/p>\n<p>Mes chers compatriotes,<\/p>\n<p>C\u2019est ensemble avec vous et avec tous ces braves et vaillants compagnons de lutte, que l\u2019ANC et les forces d\u00e9mocratiques entendent mettre fin \u00e0 la dictature.<\/p>\n<p>Pour cela, nous assurons le peuple togolais tout entier, qu\u2019aujourd\u2019hui plus que jamais, ni la lassitude ni l\u2019abandon, ni la trahison ni la d\u00e9fection, ni la r\u00e9pression aveugle ni les tentatives de d\u00e9stabilisation, d\u2019o\u00f9 qu\u2019elles viennent, ne sauraient avoir raison de notre d\u00e9termination \u00e0 poursuivre le combat pour lib\u00e9rer le Togo, pour sauver le Togo.<\/p>\n<p>\u00a0Que Dieu vous prot\u00e8ge tous !<\/p>\n<p>Et que Dieu prot\u00e8ge notre cher pays, le Togo !\u00a0\u00a0\u00a0\u00a0\u00a0\u00a0\u00a0\u00a0\u00a0\u00a0\u00a0\u00a0\u00a0\u00a0\u00a0\u00a0\u00a0\u00a0\u00a0\u00a0\u00a0\u00a0\u00a0 Lom\u00e9, le 6 mars 2013<\/p>\n<p>\u00a0<strong>Jean-Pierre FABRE<\/strong><\/p>\n<p><strong>Pr\u00e9sident National de l\u2019ANC<\/strong><\/p>\n<\/div>\n<p><!--        < ?php   --><!--\t\tif ( arras_get_option('display_author') ) {  --><!--\t\t\tarras_post_aboutauthor();  --><!--\t\t}  --><!--        ?>  --><\/p>\n","protected":false},"excerpt":{"rendered":"<p>Mes Chers compatriotes, Notre pays vit une crise sociopolitique\u00a0qui s\u2019aggrave consid\u00e9rablement au fil du temps, pour constituer aujourd\u2019hui, faute d\u2019une r\u00e9elle volont\u00e9 de r\u00e8glement juste et durable,<\/p>\n","protected":false},"author":7,"featured_media":0,"comment_status":"closed","ping_status":"open","sticky":false,"template":"","format":"standard","meta":[],"categories":[1],"tags":[132,158,254,290,161,355,356,357,263],"_links":{"self":[{"href":"http:\/\/mtn-togo.org\/index.php?rest_route=\/wp\/v2\/posts\/2722"}],"collection":[{"href":"http:\/\/mtn-togo.org\/index.php?rest_route=\/wp\/v2\/posts"}],"about":[{"href":"http:\/\/mtn-togo.org\/index.php?rest_route=\/wp\/v2\/types\/post"}],"author":[{"embeddable":true,"href":"http:\/\/mtn-togo.org\/index.php?rest_route=\/wp\/v2\/users\/7"}],"replies":[{"embeddable":true,"href":"http:\/\/mtn-togo.org\/index.php?rest_route=%2Fwp%2Fv2%2Fcomments&post=2722"}],"version-history":[{"count":3,"href":"http:\/\/mtn-togo.org\/index.php?rest_route=\/wp\/v2\/posts\/2722\/revisions"}],"predecessor-version":[{"id":2725,"href":"http:\/\/mtn-togo.org\/index.php?rest_route=\/wp\/v2\/posts\/2722\/revisions\/2725"}],"wp:attachment":[{"href":"http:\/\/mtn-togo.org\/index.php?rest_route=%2Fwp%2Fv2%2Fmedia&parent=2722"}],"wp:term":[{"taxonomy":"category","embeddable":true,"href":"http:\/\/mtn-togo.org\/index.php?rest_route=%2Fwp%2Fv2%2Fcategories&post=2722"},{"taxonomy":"post_tag","embeddable":true,"href":"http:\/\/mtn-togo.org\/index.php?rest_route=%2Fwp%2Fv2%2Ftags&post=2722"}],"curies":[{"name":"wp","href":"https:\/\/api.w.org\/{rel}","templated":true}]}}