{"id":2728,"date":"2013-03-08T06:39:49","date_gmt":"2013-03-08T12:39:49","guid":{"rendered":"http:\/\/mtn-togo.org\/?p=2728"},"modified":"2013-03-08T06:51:09","modified_gmt":"2013-03-08T12:51:09","slug":"complot-que-cache-encore-le-retour-dolusegun-obasanjo-au-chevet-du-pouvoir-decadent-de-faure-gnassingbe-a-la-veille-des-elections-legislatives-au-togo","status":"publish","type":"post","link":"http:\/\/mtn-togo.org\/?p=2728","title":{"rendered":"Complot: Que cache encore le retour d&#8217;Olusegun Obasanjo au chevet du pouvoir d\u00e9cadent de Faure Gnassingb\u00e9, \u00e0 la veille des \u00e9lections l\u00e9gislatives au Togo ?"},"content":{"rendered":"<p><a href=\"http:\/\/mtn-togo.org\/wp-content\/uploads\/2013\/03\/Obansanjo-Olusegun-ancien-prsident-du-Nigeria.jpg\"><img loading=\"lazy\" class=\"alignleft size-full wp-image-2729\" alt=\"Obansanjo Olusegun, ancien prsident du Nigeria\" src=\"http:\/\/mtn-togo.org\/wp-content\/uploads\/2013\/03\/Obansanjo-Olusegun-ancien-prsident-du-Nigeria.jpg\" width=\"259\" height=\"194\" \/><\/a>L\u2019ancien pr\u00e9sident du Nig\u00e9ria, Olusegun\u00a0Obasanjo, l&#8217;homme par qui le malheur\u00a0est arriv\u00e9 au peuple togolais\u00a0est de retour sur la sc\u00e8ne potique togolaise\u00a0. Que\u00a0 trame t-il contre le peuple togolais ?<!--more--><\/p>\n<p>En effet,\u00a0Gilchrist\u00a0Olympio\u00a0pr\u00e9sident de l\u2019UFC, s&#8217;est rendu \u00e0 Ab\u00e9okouta \u00e0 l&#8217;ouest du Nig\u00e9ria , le fief de\u00a0\u00a0l\u2019ancien chef de l\u2019Etat nig\u00e9rian, Olusegun\u00a0Obasanjo\u00a0pour faire \u00a0le point avec lui\u00a0\u00e0 propos du \u00a0deal\u00a0 mafieux\u00a0contre le peuple togolais\u00a0dont il est le garant depuis la mort\u00a0d&#8217;\u00c9yadema en 2005. Faure\u00a0Gnassingb\u00e9 r\u00e9chine \u00e0 honorer les termes du contrat, Gilchrist\u00a0 s&#8217;en plaint \u00e0 l&#8217;homme\u00a0 garant de l&#8217;accord du partage de pouvoir entre les deux fils de pr\u00e9sident\u00a0et qui\u00a0 a roul\u00e9 le peuple togolais\u00a0 dans la farine en 2005 en faisant mine de ne jamais accepter la succession dynastique et chaotique au Togo.<\/p>\n<p>L\u2019ancien chef de l\u2019Etat nig\u00e9rian, Olusegun\u00a0Obasanjo\u00a0n&#8217;a pas h\u00e9sit\u00e9 \u00e0\u00a0 r\u00e9affimer son soutien \u00e0 l\u2019accord intervenu entre Faure\u00a0Gnassingb\u00e9 et Gilchrist\u00a0Olympio et d\u00e9clar\u00e9 que c&#8217;est &#8220;C\u2019est ce qui pouvait arriver de mieux pour le Togo &#8220;.<\/p>\n<p>Il s&#8217;est rendu imm\u00e9diatement\u00a0\u00e0 Lom\u00e9 apr\u00e9s les plaintes du pr\u00e9sident de l&#8217;UFC\u00a0pour rencontrer Faure\u00a0Gnassingb\u00e9. Ce dernier entendra t-il raison\u00a0 dans ce march\u00e9 de dupe qui a vu circuler beaucoup d&#8217;argent et d&#8217;enrichissement ilicite\u00a0\u00a0et dont la finalit\u00e9 est de garantir\u00a0 son pouvoir dynastique \u00a0?<\/p>\n<p>\u00c0 la veille des \u00e9lections l\u00e9gislatives togolaises \u00a0dont les d\u00e9s sont d\u00e9j\u00e0 pip\u00e9s, le roublard Obasanjo,\u00a0soutien ind\u00e9fectible du pouvoir de Faure\u00a0Gnassingb\u00e9 s&#8217;est juste\u00a0 content\u00e9 de d\u00e9clarer apr\u00e8s sa rencontre\u00a0 avec son mentor\u00e9, que: \u00abJe tiens \u00e0 f\u00e9liciter le leadership togolais pour tout ce qui est fait dans le cadre des prochaines \u00e9lections l\u00e9gislatives. Je salue toutes les formations politiques pour leur foi en la d\u00e9mocratie\u00a0\u00bb.<\/p>\n<p>Notons qu&#8217; Obansanjo\u00a0n&#8217;a pas pu faire grand chose pour sauver son &#8221; fr\u00e8re&#8221; le g\u00e9n\u00e9ral \u00a0Assani Tidjani, accus\u00e9 de coup d&#8217;\u00c9tat, emprisonn\u00e9 et condamn\u00e9 , il d\u00e9c\u00e9de de maladie et de chagrin \u00a0en France\u00a0puis ent\u00e9rr\u00e9 au Nig\u00e9ria, la terre de ses anc\u00eatres.<\/p>\n<p>Gilchrist\u00a0Olympio, n&#8217;aura que ses yeux pour pleurer. Il se contentera des miettes du pouvoir pour assurer une retraite tranquille dans une r\u00e9sidence de personnes \u00e2g\u00e9es en attendant sa mort. Il ne sera pas pr\u00e9sident du Togo . Apr\u00e8s plus de 40 ans de lutte acharn\u00e9e contre l&#8217;une des pires dictatures en Afrique, c&#8217;est quand une pi\u00e8tre sortie pour un opposant &#8221;\u00a0historique&#8221; qui port\u00e9\u00a0aussi longtemps l&#8217;espoir de lib\u00e9ration de tout un peuple\u00a0 mobilis\u00e9 pour le changement et la d\u00e9mocratie.<\/p>\n<p>Vicentey Ben Polar <a href=\"http:\/\/www.mtn-togo.org\/\">www.mtn-togo.org<\/a><\/p>\n<p>&nbsp;<\/p>\n","protected":false},"excerpt":{"rendered":"<p>L\u2019ancien pr\u00e9sident du Nig\u00e9ria, Olusegun\u00a0Obasanjo, l&#8217;homme par qui le malheur\u00a0est arriv\u00e9 au peuple togolais\u00a0est de retour sur la sc\u00e8ne potique togolaise\u00a0. Que\u00a0 trame t-il contre le peuple togolais ?<\/p>\n","protected":false},"author":7,"featured_media":0,"comment_status":"closed","ping_status":"open","sticky":false,"template":"","format":"standard","meta":[],"categories":[1],"tags":[360,362,361,121,359,358],"_links":{"self":[{"href":"http:\/\/mtn-togo.org\/index.php?rest_route=\/wp\/v2\/posts\/2728"}],"collection":[{"href":"http:\/\/mtn-togo.org\/index.php?rest_route=\/wp\/v2\/posts"}],"about":[{"href":"http:\/\/mtn-togo.org\/index.php?rest_route=\/wp\/v2\/types\/post"}],"author":[{"embeddable":true,"href":"http:\/\/mtn-togo.org\/index.php?rest_route=\/wp\/v2\/users\/7"}],"replies":[{"embeddable":true,"href":"http:\/\/mtn-togo.org\/index.php?rest_route=%2Fwp%2Fv2%2Fcomments&post=2728"}],"version-history":[{"count":4,"href":"http:\/\/mtn-togo.org\/index.php?rest_route=\/wp\/v2\/posts\/2728\/revisions"}],"predecessor-version":[{"id":2731,"href":"http:\/\/mtn-togo.org\/index.php?rest_route=\/wp\/v2\/posts\/2728\/revisions\/2731"}],"wp:attachment":[{"href":"http:\/\/mtn-togo.org\/index.php?rest_route=%2Fwp%2Fv2%2Fmedia&parent=2728"}],"wp:term":[{"taxonomy":"category","embeddable":true,"href":"http:\/\/mtn-togo.org\/index.php?rest_route=%2Fwp%2Fv2%2Fcategories&post=2728"},{"taxonomy":"post_tag","embeddable":true,"href":"http:\/\/mtn-togo.org\/index.php?rest_route=%2Fwp%2Fv2%2Ftags&post=2728"}],"curies":[{"name":"wp","href":"https:\/\/api.w.org\/{rel}","templated":true}]}}