{"id":2736,"date":"2013-03-13T00:00:46","date_gmt":"2013-03-13T05:00:46","guid":{"rendered":"http:\/\/mtn-togo.org\/?p=2736"},"modified":"2013-03-13T00:09:50","modified_gmt":"2013-03-13T05:09:50","slug":"jean-pierre-fabre-et-abass-kaboua-sont-sortis-libres-du-bureau-du-doyen-des-juges-dinstruction-a-la-suite-de-leur-convocation-a-gendarmerie","status":"publish","type":"post","link":"http:\/\/mtn-togo.org\/?p=2736","title":{"rendered":"Jean Pierre Fabre et Abass Kaboua sont sortis libres du bureau du doyen des juges d&#8217;instruction \u00e0 la suite de leur convocation \u00e0 la gendarmerie."},"content":{"rendered":"<p><a href=\"http:\/\/mtn-togo.org\/wp-content\/uploads\/2013\/03\/Jean-Pierre-Fabres.jpg\"><img loading=\"lazy\" class=\"alignleft size-medium wp-image-2723\" alt=\"Jean-Pierre Fabres\" src=\"http:\/\/mtn-togo.org\/wp-content\/uploads\/2013\/03\/Jean-Pierre-Fabres-300x118.jpg\" width=\"300\" height=\"118\" srcset=\"http:\/\/mtn-togo.org\/wp-content\/uploads\/2013\/03\/Jean-Pierre-Fabres-300x118.jpg 300w, http:\/\/mtn-togo.org\/wp-content\/uploads\/2013\/03\/Jean-Pierre-Fabres.jpg 470w\" sizes=\"(max-width: 300px) 100vw, 300px\" \/><\/a>Jean Pierre\u00a0Fabre, pr\u00e9sident de l\u2019Alliance Nationale pour le Changement (ANC) et Abass\u00a0Kaboua, pr\u00e9sident du Mouvement des R\u00e9publicains centristes ont \u00e9t\u00e9 convoqu\u00e9s<!--more-->\u00a0ce mardi 12 mars 2013 au Service de Renseignements et d\u2019Investigations (SRI), dans le cadre de l\u2019affaire d\u2019incendie des march\u00e9s au Togo. L&#8217;ANC\u00a0\u00a0a appel\u00e9 \u00e0 la mobilisation de la population\u00a0. Les deux leaders de l&#8217;opposition s&#8217;estiment tr\u00e8s sereins.<\/p>\n<p>\u00a0Un d\u00e9but d&#8217;\u00e9meute a\u00a0\u00e9t\u00e9 constat\u00e9\u00a0\u00a0\u00a0devant la gendarmerie et ses alentours ainsi que dans\u00a0certains quartiers de Lom\u00e9.<\/p>\n<p>Dans l&#8217;apr\u00e8s-midi\u00a0 le leader de l&#8217;ANC a \u00e9t\u00e9 conduit sous bonne escorte\u00a0par des \u00a0gendarmes lourdement arm\u00e9s pour une perquisition muscl\u00e9e au si\u00e8ge de son parti et \u00e0 son domicile.<\/p>\n<p>Plus tard dans la nuit,\u00a0 Jean-Pierre Fabre\u00a0et Abass\u00a0Kaboua ont \u00e9t\u00e9 pr\u00e9sent\u00e9s au doyen des juges d&#8217;instruction et apr\u00e8s une longue audition, ils sont rentr\u00e9s libres\u00a0\u00e0 la maison. Ils restent cependant \u00e0 la disposition de la justice . Nous y reviendrons avec un dossier complet .<\/p>\n<p>Gnagou\u00a0Matolaba\u00a0Djalima <a href=\"http:\/\/www.mtn-togo.org\/\">www.mtn-togo.org<\/a><\/p>\n<p>&nbsp;<\/p>\n<p>&nbsp;<\/p>\n","protected":false},"excerpt":{"rendered":"<p>Jean Pierre\u00a0Fabre, pr\u00e9sident de l\u2019Alliance Nationale pour le Changement (ANC) et Abass\u00a0Kaboua, pr\u00e9sident du Mouvement des R\u00e9publicains centristes ont \u00e9t\u00e9 convoqu\u00e9s<\/p>\n","protected":false},"author":7,"featured_media":0,"comment_status":"closed","ping_status":"open","sticky":false,"template":"","format":"standard","meta":[],"categories":[1],"tags":[132,205,363,221,256,254,309,364,255],"_links":{"self":[{"href":"http:\/\/mtn-togo.org\/index.php?rest_route=\/wp\/v2\/posts\/2736"}],"collection":[{"href":"http:\/\/mtn-togo.org\/index.php?rest_route=\/wp\/v2\/posts"}],"about":[{"href":"http:\/\/mtn-togo.org\/index.php?rest_route=\/wp\/v2\/types\/post"}],"author":[{"embeddable":true,"href":"http:\/\/mtn-togo.org\/index.php?rest_route=\/wp\/v2\/users\/7"}],"replies":[{"embeddable":true,"href":"http:\/\/mtn-togo.org\/index.php?rest_route=%2Fwp%2Fv2%2Fcomments&post=2736"}],"version-history":[{"count":5,"href":"http:\/\/mtn-togo.org\/index.php?rest_route=\/wp\/v2\/posts\/2736\/revisions"}],"predecessor-version":[{"id":2738,"href":"http:\/\/mtn-togo.org\/index.php?rest_route=\/wp\/v2\/posts\/2736\/revisions\/2738"}],"wp:attachment":[{"href":"http:\/\/mtn-togo.org\/index.php?rest_route=%2Fwp%2Fv2%2Fmedia&parent=2736"}],"wp:term":[{"taxonomy":"category","embeddable":true,"href":"http:\/\/mtn-togo.org\/index.php?rest_route=%2Fwp%2Fv2%2Fcategories&post=2736"},{"taxonomy":"post_tag","embeddable":true,"href":"http:\/\/mtn-togo.org\/index.php?rest_route=%2Fwp%2Fv2%2Ftags&post=2736"}],"curies":[{"name":"wp","href":"https:\/\/api.w.org\/{rel}","templated":true}]}}