{"id":2743,"date":"2013-03-14T07:38:23","date_gmt":"2013-03-14T12:38:23","guid":{"rendered":"http:\/\/mtn-togo.org\/?p=2743"},"modified":"2013-03-14T07:38:23","modified_gmt":"2013-03-14T12:38:23","slug":"vatican-largentin-bergoglio-elu-papele-premier-pape-du-sud-de-lhistoire-de-leglise","status":"publish","type":"post","link":"http:\/\/mtn-togo.org\/?p=2743","title":{"rendered":"Vatican: l&#8217;Argentin Bergoglio \u00e9lu pape,le premier pape du sud de l&#8217;histoire de l&#8217;\u00c9glise"},"content":{"rendered":"<p><a href=\"http:\/\/mtn-togo.org\/wp-content\/uploads\/2013\/03\/Le-Nouveau-Pape-Francois-1er.jpg\"><img loading=\"lazy\" class=\"alignleft size-medium wp-image-2744\" alt=\"Le Nouveau Pape Francois 1er\" src=\"http:\/\/mtn-togo.org\/wp-content\/uploads\/2013\/03\/Le-Nouveau-Pape-Francois-1er-300x149.jpg\" width=\"300\" height=\"149\" srcset=\"http:\/\/mtn-togo.org\/wp-content\/uploads\/2013\/03\/Le-Nouveau-Pape-Francois-1er-300x149.jpg 300w, http:\/\/mtn-togo.org\/wp-content\/uploads\/2013\/03\/Le-Nouveau-Pape-Francois-1er.jpg 410w\" sizes=\"(max-width: 300px) 100vw, 300px\" \/><\/a>La formule \u00abHabemus papam\u00bb a \u00e9t\u00e9 prononc\u00e9e par le cardinal fran\u00e7ais Jean-Louis Taurant. Le 266e pape dans l&#8217;histoire du catholicisme, l&#8217;argentin Jorge\u00a0Mario\u00a0Bergoglio, qui s&#8217;appellera Fran\u00e7ois, tout simplement, est \u00e2g\u00e9 de 76 ans.<!--more-->\u00a0Il est apparu sur la \u00abLoggia des b\u00e9n\u00e9dictions\u00bb pour y prononcer sa premi\u00e8re b\u00e9n\u00e9diction \u00aburbi et orbi\u00bb. Edition\u00a0sp\u00e9ciale sur RFI jeudi 14 mars de 6h TU \u00e0 8h TU.<\/p>\n<div>\u00a0<strong>19h 40 TU :<\/strong>\u00a0L&#8217;annonce de l&#8217;\u00e9lection de l&#8217;Argentin Jorge\u00a0Bergoglio\u00a0comme nouveau pape a \u00e9t\u00e9 accueillie dans un tonnerre d&#8217;applaudissements et une longue ovation de centaines de fid\u00e8les qui assistaient \u00e0 une messe dans la cath\u00e9drale de Buenos Aires.<\/div>\n<div>\n<div>\n<p><strong>19h33 TU :<\/strong> Fran\u00e7ois invite les fid\u00e8les \u00e0 \u00ab<em>\u00a0entreprendre un chemin de fraternit\u00e9, d&#8217;amour et d&#8217;\u00e9vang\u00e9lisation<\/em> \u00bb et a demand\u00e9 \u00e0 la foule une minute de silence : \u00ab <em>Priez pour moi et donnez-moi votre b\u00e9n\u00e9diction<\/em> \u00bb.<\/p>\n<p><strong>19h27 TU :<\/strong> \u00ab<em> Les cardinaux sont all\u00e9s me chercher au bout du monde <\/em>\u00bb, d\u00e9clare le pape Fran\u00e7ois, qui ajoute \u00ab<em> prier pour Beno\u00eet XVI<\/em> \u00bb.<\/p>\n<p><strong>19h22 TU : <\/strong>Fran\u00e7ois est apparu sur la \u00abLoggia des b\u00e9n\u00e9dictions\u00bb pour y prononcer sa premi\u00e8re b\u00e9n\u00e9diction \u00ab urbi et orbi \u00bb.<\/p>\n<p><strong>19h12 TU<\/strong>\u00a0: Le 266e pape de l&#8217;histoire est l&#8217;Argentin Bergoglio, premier pape sud-am\u00e9ricain, et premier j\u00e9suite \u00e0 acc\u00e9der \u00e0 la charge pontificale.<\/p>\n<p><strong>19h12 TU : <\/strong>La formule \u00abHabemus papam\u00bb a \u00e9t\u00e9 prononc\u00e9e par le cardinal fran\u00e7ais Jean-Louis Taurant.<\/p>\n<p><strong>18h46 TU :<\/strong> La clameur monte sur la place Saint-Pierre o\u00f9 la foule s&#8217;impatiente.<\/p>\n<p>18h 42 TU : La fanfare militaire des Gardes suisses a jou\u00e9 l&#8217;hymne pontifical sur la place Saint-Pierre.<\/p>\n<p><strong>18h32 TU :<\/strong>\u00a0L&#8217;effervescence monte place Saint-Pierre, rapportent les envoy\u00e9s sp\u00e9ciaux de RFI.<\/p>\n<p><strong>18h20 TU :<\/strong> Le nouveau pape doit \u00e0 pr\u00e9sent se choisir un pr\u00e9nom, puis il va se diriger vers la \u00ab\u00a0Chambre des larmes \u00bb, une pi\u00e8ce dans laquelle, selon la tradition, il pleure devant l\u2019ampleur de la t\u00e2che qui l\u2019attend. Il ira ensuite se recueillir dans la Chapelle Pauline.<\/p>\n<p><strong>18h10 TU :<\/strong> Les cloches de la Basilique Saint-Pierre se sont mises \u00e0 sonner \u00e0 toute vol\u00e9e comme les jours de f\u00eate, confirmant le choix d&#8217;un nouveau pape, dont le nom ne devrait pas \u00eatre connu avant au moins une demi-heure.<\/p>\n<p><strong>18h05 TU :<\/strong>\u00a0Une fum\u00e9e blanche s&#8217;\u00e9chappe de la Chapelle Sixtine, signalant l&#8217;\u00e9lection d&#8217;un nouveau pape<\/p>\n<p>Source RFi<\/p>\n<\/div>\n<\/div>\n","protected":false},"excerpt":{"rendered":"<p>La formule \u00abHabemus papam\u00bb a \u00e9t\u00e9 prononc\u00e9e par le cardinal fran\u00e7ais Jean-Louis Taurant. Le 266e pape dans l&#8217;histoire du catholicisme, l&#8217;argentin Jorge\u00a0Mario\u00a0Bergoglio, qui s&#8217;appellera Fran\u00e7ois, tout simplement, est \u00e2g\u00e9 de 76 ans.<\/p>\n","protected":false},"author":7,"featured_media":0,"comment_status":"closed","ping_status":"open","sticky":false,"template":"","format":"standard","meta":[],"categories":[1],"tags":[344,366,262,365],"_links":{"self":[{"href":"http:\/\/mtn-togo.org\/index.php?rest_route=\/wp\/v2\/posts\/2743"}],"collection":[{"href":"http:\/\/mtn-togo.org\/index.php?rest_route=\/wp\/v2\/posts"}],"about":[{"href":"http:\/\/mtn-togo.org\/index.php?rest_route=\/wp\/v2\/types\/post"}],"author":[{"embeddable":true,"href":"http:\/\/mtn-togo.org\/index.php?rest_route=\/wp\/v2\/users\/7"}],"replies":[{"embeddable":true,"href":"http:\/\/mtn-togo.org\/index.php?rest_route=%2Fwp%2Fv2%2Fcomments&post=2743"}],"version-history":[{"count":1,"href":"http:\/\/mtn-togo.org\/index.php?rest_route=\/wp\/v2\/posts\/2743\/revisions"}],"predecessor-version":[{"id":2745,"href":"http:\/\/mtn-togo.org\/index.php?rest_route=\/wp\/v2\/posts\/2743\/revisions\/2745"}],"wp:attachment":[{"href":"http:\/\/mtn-togo.org\/index.php?rest_route=%2Fwp%2Fv2%2Fmedia&parent=2743"}],"wp:term":[{"taxonomy":"category","embeddable":true,"href":"http:\/\/mtn-togo.org\/index.php?rest_route=%2Fwp%2Fv2%2Fcategories&post=2743"},{"taxonomy":"post_tag","embeddable":true,"href":"http:\/\/mtn-togo.org\/index.php?rest_route=%2Fwp%2Fv2%2Ftags&post=2743"}],"curies":[{"name":"wp","href":"https:\/\/api.w.org\/{rel}","templated":true}]}}