{"id":2778,"date":"2013-03-29T13:29:09","date_gmt":"2013-03-29T18:29:09","guid":{"rendered":"http:\/\/mtn-togo.org\/?p=2778"},"modified":"2013-03-29T13:29:09","modified_gmt":"2013-03-29T18:29:09","slug":"conference-de-presse-cstarc-en-ciel-du-26-mars-2013","status":"publish","type":"post","link":"http:\/\/mtn-togo.org\/?p=2778","title":{"rendered":"CONFERENCE DE PRESSE CST\/ARC-EN-CIEL DU 26 MARS 2013"},"content":{"rendered":"<p><strong><a href=\"http:\/\/mtn-togo.org\/wp-content\/uploads\/2012\/10\/CST_ARC_Ciel.png\"><img loading=\"lazy\" class=\"alignleft size-medium wp-image-2173\" alt=\"CST_ARC_Ciel\" src=\"http:\/\/mtn-togo.org\/wp-content\/uploads\/2012\/10\/CST_ARC_Ciel-300x148.png\" width=\"300\" height=\"148\" srcset=\"http:\/\/mtn-togo.org\/wp-content\/uploads\/2012\/10\/CST_ARC_Ciel-300x148.png 300w, http:\/\/mtn-togo.org\/wp-content\/uploads\/2012\/10\/CST_ARC_Ciel.png 505w\" sizes=\"(max-width: 300px) 100vw, 300px\" \/><\/a>DECLARATION LIMINAIRE<\/strong><\/p>\n<p>Il y a deux semaines, le Collectif \u00ab SAUVONS LE TOGO\u00a0\u00bb\u00a0 et la Coalition ARC-EN-CIEL ont appel\u00e9 les populations togolaises \u00e0 aller se faire recenser et ont demand\u00e9 aux responsables locaux de partis membres des deux organisations, <!--more-->de se regrouper en comit\u00e9s de vigilance, dans toutes les pr\u00e9fectures, cantons, villages, quartiers et hameaux, afin de d\u00e9noncer les irr\u00e9gularit\u00e9s constat\u00e9es, et de faire \u00e9chec, dans le strict respect de la loi, aux man\u0153uvres frauduleuses<strong> <\/strong>qui pourraient avoir lieu dans les centres de recensement.<\/p>\n<p>Pr\u00e9vu du 15 au 24 mars 2013 dans les 19 pr\u00e9fectures de la zone 1, le recensement \u00e9lectoral vient d\u2019\u00eatre prolong\u00e9 d\u2019une semaine, pour prendre fin le 31 mars prochain. A ce jour, les informations qui nous sont parvenues des pr\u00e9fectures, font \u00e9tat des principaux constats, irr\u00e9gularit\u00e9s et man\u0153uvres frauduleuses ci-apr\u00e8s.<\/p>\n<ul>\n<li><strong><em>Au titre de la sensibilisation et des communications vers les populations\u00a0:<\/em><\/strong><\/li>\n<\/ul>\n<p>&#8211;\u00a0\u00a0\u00a0\u00a0\u00a0 d\u00e9ficit de communication pr\u00e9alable, de la part de la CENI, sur l\u2019op\u00e9ration de recensement, entrainant une faible mobilisation de la population\u00a0dans la plupart des pr\u00e9fectures\u00a0;<\/p>\n<p>&#8211;\u00a0\u00a0\u00a0\u00a0\u00a0 Diffusion de fausses informations et de rumeurs sur la non participation de certains partis de l\u2019opposition afin de d\u00e9mobiliser leurs \u00e9lecteurs potentiels pour le recensement.<\/p>\n<ul>\n<li><strong><em>Au titre des ressources humaines d\u00e9ploy\u00e9es<\/em><\/strong><\/li>\n<\/ul>\n<p>&#8211;\u00a0\u00a0\u00a0\u00a0\u00a0 faible ma\u00eetrise de l\u2019utilisation des kits par les agents de recensement en raison de leur formation b\u00e2cl\u00e9e. De ce fait, le temps consacr\u00e9 \u00e0 l\u2019enregistrement d\u2019une seule personne, atteint parfois 20 \u00e0 30 minutes\u00a0;<\/p>\n<p>&#8211;\u00a0\u00a0\u00a0\u00a0\u00a0 mauvaises conditions de travail des op\u00e9rateurs et paiement tardif de leurs \u00e9moluments.<\/p>\n<ul>\n<li><strong><em>Au titre du d\u00e9ploiement des mat\u00e9riels et de leur fonctionnement<\/em><\/strong><\/li>\n<\/ul>\n<p>&#8211;\u00a0\u00a0\u00a0\u00a0\u00a0 dotation insuffisante de kits au niveau de plusieurs centres de recensement, alors que la population en \u00e2ge de voter a augment\u00e9, ce qui entra\u00eene ainsi la lenteur dans l\u2019\u00e9tablissement des cartes et une exasp\u00e9ration des personnes venues se faire recenser;<\/p>\n<p>&#8211;\u00a0\u00a0\u00a0\u00a0\u00a0 r\u00e9partition peu judicieuse des kits dans plusieurs centres des localit\u00e9s jug\u00e9es favorables \u00e0 l\u2019opposition, avec une dotation de kits moins inf\u00e9rieure \u00e0 celle de la r\u00e9vision de listes \u00e9lectorales en 2010\u00a0;<\/p>\n<p>&#8211;\u00a0\u00a0\u00a0\u00a0\u00a0 mauvais fonctionnement et pannes des kits de recensement\u00a0dont certains sont ceux qui furent utilis\u00e9s, lors des r\u00e9visions de listes \u00e9lectorales de 2007 et 2010\u00a0;<\/p>\n<p>&#8211;\u00a0\u00a0\u00a0\u00a0\u00a0 probl\u00e8mes d\u2019imprimantes pour l\u2019impression des cartes dont certaines sont floues apr\u00e8s leur \u00e9dition\u00a0;<\/p>\n<p>&#8211;\u00a0\u00a0\u00a0\u00a0\u00a0 d\u00e9ploiement tardif de plus d\u2019une centaine de groupes \u00e9lectrog\u00e8nes, \u00e0 compter du mercredi 20 mars 2013, soit cinq jours apr\u00e8s le d\u00e9but des op\u00e9rations\u00a0;<\/p>\n<p>&#8211;\u00a0\u00a0\u00a0\u00a0\u00a0 pannes r\u00e9p\u00e9t\u00e9es de groupes \u00e9lectrog\u00e8nes dont un grand nombre fut hors d\u2019usage d\u00e8s les premiers jours de l\u2019op\u00e9ration\u00a0;<\/p>\n<p>&#8211;\u00a0\u00a0\u00a0\u00a0\u00a0 probl\u00e8mes de ravitaillement en carburant entra\u00eenant l\u2019arr\u00eat des op\u00e9rations pendant plusieurs jours, dans certaines zones difficiles d\u2019acc\u00e8s.<\/p>\n<ul>\n<li><strong><em>Au titre des irr\u00e9gularit\u00e9s et man\u0153uvres frauduleuses<\/em><\/strong><\/li>\n<\/ul>\n<p>&#8211;\u00a0\u00a0\u00a0\u00a0\u00a0 d\u00e9livrance de cartes d\u2019\u00e9lecteurs portant la signature de Monsieur Taffa\u00a0TABIOU, ancien pr\u00e9sident de la CENI\u00a0et membre de l\u2019actuelle CENI, ce qui pose un probl\u00e8me juridique, alors m\u00eame qu\u2019il est techniquement possible de changer la signature dans le logiciel des kits, confirmant ainsi les informations relatives aux possibilit\u00e9s de fraudes \u00e9lectroniques, tout comme en 2010, lors de la r\u00e9vision des listes;<\/p>\n<p>&#8211;\u00a0\u00a0\u00a0\u00a0\u00a0 inscriptions de mineurs, notamment dans les localit\u00e9s de Tiampialim\u00a0et Tomangue\u00a0(pr\u00e9f\u00e9cture de Tandjoar\u00e9), Krikri\u00a0et Kambol\u00e9 (pr\u00e9fecture de Tchamba) ainsi que dans les pr\u00e9fectures de Blitta, Binah, Kozah et la sous-pr\u00e9fecture de M\u00f4 ;<\/p>\n<p>&#8211;\u00a0\u00a0\u00a0\u00a0\u00a0 refus d\u2019inscription de militants proches de l\u2019opposition\u00a0dans la pr\u00e9fecture de Sotouboua en l\u2019occurrence, dans les cantons de Tabind\u00e9 et de D\u00e9r\u00e9boua;<\/p>\n<p>&#8211;\u00a0\u00a0\u00a0\u00a0\u00a0 inscription de nomades non togolais\u00a0effectuant la transhumance de b\u00e9tails, \u00e0\u00a0 Warkamou \u00e0 la fronti\u00e8re Togo-Ghana dans la pr\u00e9fecture de Tandjoar\u00e9 ainsi que dans les localit\u00e9s de Boko (pr\u00e9fecture de l\u2019Ogou) et de Mor\u00e9tan (Est-Mono)\u00a0;<\/p>\n<p>&#8211;\u00a0\u00a0\u00a0\u00a0\u00a0 saisie des noms des ascendants des personnes recens\u00e9es, sans mention de leurs pr\u00e9noms, ce qui est de nature \u00e0 rendre inefficace les traitements \u00e0 la phase de d\u00e9doublonnage, lors de la finalisation du fichier \u00e9lectoral.<\/p>\n<p>\u00a0Au regard de ces constats, irr\u00e9gularit\u00e9s et man\u0153uvres frauduleuses, le Collectif \u00ab SAUVONS LE TOGO\u00a0\u00bb et la Coalition ARC-EN-CIEL tiennent \u00e0 faire la mise au point suivante\u00a0:<\/p>\n<ul>\n<li>la prolongation du recensement dans la zone 1, r\u00e9sulte de la pr\u00e9cipitation et de l\u2019impr\u00e9paration que nous avions d\u00e9nonc\u00e9es et induit des d\u00e9penses significatives suppl\u00e9mentaires relatives \u00e0 la logistique et \u00e0 la r\u00e9mun\u00e9ration des agents \u00e9lectoraux\u00a0;<\/li>\n<li>bien que rendue n\u00e9cessaire, cette prolongation ne constitue pas un gage de r\u00e9ussite du recensement dans ces pr\u00e9fectures o\u00f9, apr\u00e8s plus d\u2019une semaine d\u2019activit\u00e9s, le taux d\u2019enregistrement de la population en \u00e2ge de voter n\u2019exc\u00e8de pas 30%.<\/li>\n<\/ul>\n<p>\u00a0<strong>Eu \u00e9gard aux dysfonctionnements et aux irr\u00e9gularit\u00e9s pr\u00e9cit\u00e9s, et en l\u2019absence d\u2019un consensus de la classe politique sur le processus \u00e9lectoral, le Collectif \u00ab SAUVONS LE TOGO \u00bb\u00a0 et la Coalition ARC-EN-CIEL, exigent qu\u2019un audit des op\u00e9rations de recensement dans la zone 1, soit effectu\u00e9 par une institution ind\u00e9pendante comp\u00e9tente en mati\u00e8re \u00e9lectorale, avant la poursuite de la deuxi\u00e8me phase.\u00a0 <\/strong><\/p>\n<p>\u00a0Par ailleurs, s\u2019agissant de l\u2019affaire des incendies des grands march\u00e9s de Lom\u00e9 et de Kara, les r\u00e9v\u00e9lations faites par Toussaint TOMETY\u00a0alias Mohamed\u00a0LOUM, constituent un cinglant d\u00e9menti des accusations port\u00e9es contre les personnes inculp\u00e9es. C\u2019est pourquoi, le Collectif\u00a0\u00a0\u00a0\u00a0\u00a0\u00a0\u00a0\u00a0\u00a0\u00a0\u00a0\u00a0\u00a0\u00a0\u00a0\u00a0\u00a0\u00a0\u00a0 \u00ab SAUVONS LE TOGO \u00bb et la Coalition ARC-EN-CIEL, interpellent le ministre de la s\u00e9curit\u00e9 et de la protection civile ainsi que les autorit\u00e9s judiciaires en charge de cette affaire, afin qu\u2019ils tirent respectivement, les cons\u00e9quences administratives et les cons\u00e9quences de droit qui en d\u00e9coulent.<\/p>\n<p>\u00a0Le Collectif \u00ab SAUVONS LE TOGO \u00bb et la Coalition ARC-EN-CIEL invitent, la Commission Nationale des Droits de l\u2019Homme (CNDH) et les organisations de d\u00e9fense des droits de l\u2019Homme \u00e0 s\u2019autosaisir pour mener des investigations, sur les cas de torture all\u00e9gu\u00e9s par ce inculp\u00e9 et exigent, la lib\u00e9ration imm\u00e9diate de toutes les personnes d\u00e9tenues dans cette affaire ainsi que la lev\u00e9e des charges qui p\u00e8sent injustement contre elles.<\/p>\n<p>\u00a0Enfin, en vue d\u2019une d\u00e9crispation du climat sociopolitique\u00a0avant la tenue des prochaines consultations \u00e9lectorales, le Collectif \u00ab SAUVONS LE TOGO \u00bb et la Coalition ARC-EN-CIEL, r\u00e9it\u00e8rent une fois de plus, leur appel au pouvoir en place, pour la mise sur pied d\u2019un comit\u00e9 pr\u00e9paratoire pour la tenue d\u2019un dialogue structur\u00e9, franc et sinc\u00e8re dont les d\u00e9cisions consensuelles doivent \u00eatre de plein effet.<\/p>\n<p>\u00a0En attendant qu\u2019un<strong>\u00a0audit des op\u00e9rations de la zone 1 soit effectu\u00e9, le Collectif \u00ab SAUVONS LE TOGO \u00bb et la Coalition ARC-EN-CIEL, appellent les populations de ces pr\u00e9fectures \u00e0 continuer \u00e0 s\u2019inscrire sur les listes \u00e9lectorales et \u00e0 demeurer vigilantes pour d\u00e9noncer toute irr\u00e9gularit\u00e9.<\/strong><\/p>\n<p>\u00a0<strong>Peuple togolais, par ta foi, ton courage et tes sacrifices, la Nation togolaise doit rena\u00eetre !<\/strong><\/p>\n<p>\u00a0Fait \u00e0 Lom\u00e9, le 26 mars 2013<\/p>\n<table border=\"0\" cellspacing=\"0\" cellpadding=\"0\">\n<tbody>\n<tr>\n<td valign=\"top\" width=\"230\">\n<p align=\"center\"><strong>Pour le Collectif \u00ab SAUVONS LE TOGO \u00bb<\/strong><strong><\/strong><\/p>\n<p align=\"center\"><strong>SIGNE<\/strong><strong><\/strong><\/p>\n<p align=\"center\">Me Ata\u00a0Messan\u00a0Zeus\u00a0AJAVON<\/p>\n<p align=\"center\">Coordinateur<strong><\/strong><\/p>\n<\/td>\n<td valign=\"top\" width=\"252\">\n<p align=\"center\"><strong>Pour la Coalition ARC-EN-CIEL<\/strong><strong><\/strong><\/p>\n<p align=\"center\"><strong>SIGNE<\/strong><strong><\/strong><\/p>\n<p align=\"center\">Mme Brigitte Kafui\u00a0ADJAMAGBO\u00a0JOHNSON<\/p>\n<p align=\"center\">Pr\u00e9sidente, Coordinateur G\u00e9n\u00e9ral<\/p>\n<\/td>\n<\/tr>\n<\/tbody>\n<\/table>\n<p><!--        < ?php   --><!--\t\tif ( arras_get_option('display_author') ) {  --><!--\t\t\tarras_post_aboutauthor();  --><!--\t\t}  --><!--        ?>  --><\/p>\n","protected":false},"excerpt":{"rendered":"<p>DECLARATION LIMINAIRE Il y a deux semaines, le Collectif \u00ab SAUVONS LE TOGO\u00a0\u00bb\u00a0 et la Coalition ARC-EN-CIEL ont appel\u00e9 les populations togolaises \u00e0 aller se faire recenser et ont demand\u00e9 aux responsables locaux de partis membres des deux organisations,<\/p>\n","protected":false},"author":7,"featured_media":0,"comment_status":"closed","ping_status":"open","sticky":false,"template":"","format":"standard","meta":[],"categories":[1],"tags":[346,386,279,385,158,130,345,280],"_links":{"self":[{"href":"http:\/\/mtn-togo.org\/index.php?rest_route=\/wp\/v2\/posts\/2778"}],"collection":[{"href":"http:\/\/mtn-togo.org\/index.php?rest_route=\/wp\/v2\/posts"}],"about":[{"href":"http:\/\/mtn-togo.org\/index.php?rest_route=\/wp\/v2\/types\/post"}],"author":[{"embeddable":true,"href":"http:\/\/mtn-togo.org\/index.php?rest_route=\/wp\/v2\/users\/7"}],"replies":[{"embeddable":true,"href":"http:\/\/mtn-togo.org\/index.php?rest_route=%2Fwp%2Fv2%2Fcomments&post=2778"}],"version-history":[{"count":1,"href":"http:\/\/mtn-togo.org\/index.php?rest_route=\/wp\/v2\/posts\/2778\/revisions"}],"predecessor-version":[{"id":2779,"href":"http:\/\/mtn-togo.org\/index.php?rest_route=\/wp\/v2\/posts\/2778\/revisions\/2779"}],"wp:attachment":[{"href":"http:\/\/mtn-togo.org\/index.php?rest_route=%2Fwp%2Fv2%2Fmedia&parent=2778"}],"wp:term":[{"taxonomy":"category","embeddable":true,"href":"http:\/\/mtn-togo.org\/index.php?rest_route=%2Fwp%2Fv2%2Fcategories&post=2778"},{"taxonomy":"post_tag","embeddable":true,"href":"http:\/\/mtn-togo.org\/index.php?rest_route=%2Fwp%2Fv2%2Ftags&post=2778"}],"curies":[{"name":"wp","href":"https:\/\/api.w.org\/{rel}","templated":true}]}}