{"id":2795,"date":"2013-04-09T12:38:25","date_gmt":"2013-04-09T17:38:25","guid":{"rendered":"http:\/\/mtn-togo.org\/?p=2795"},"modified":"2013-04-11T18:57:00","modified_gmt":"2013-04-11T23:57:00","slug":"des-delegations-du-cst-et-de-la-coalition-arc-en-ciel-au-quai-dorsay-mercredi","status":"publish","type":"post","link":"http:\/\/mtn-togo.org\/?p=2795","title":{"rendered":"Des d\u00e9l\u00e9gations du CST et de la Coalition Arc-En-Ciel au Quai d\u2019Orsay mercredi"},"content":{"rendered":"<p><a href=\"http:\/\/mtn-togo.org\/wp-content\/uploads\/2012\/10\/CST_ARC_Ciel.png\"><img loading=\"lazy\" class=\"alignleft size-medium wp-image-2173\" alt=\"CST_ARC_Ciel\" src=\"http:\/\/mtn-togo.org\/wp-content\/uploads\/2012\/10\/CST_ARC_Ciel-300x148.png\" width=\"300\" height=\"148\" srcset=\"http:\/\/mtn-togo.org\/wp-content\/uploads\/2012\/10\/CST_ARC_Ciel-300x148.png 300w, http:\/\/mtn-togo.org\/wp-content\/uploads\/2012\/10\/CST_ARC_Ciel.png 505w\" sizes=\"(max-width: 300px) 100vw, 300px\" \/><\/a>Me Zeus\u00a0Ajavon, Jean-Pierre Fabre\u00a0et Olivier Amah du Collectif \u00ab\u00a0<i>Sauvons le Togo<\/i>\u00a0\u00bb, Me Dodji\u00a0Apevon\u00a0et Mme Brigitte Kafui Adjamagbo-Johnson de la Coalition Arc-En-Ciel entament cette semaine une tourn\u00e9e en Europe.<!--more-->\u00a0Selon les informations, le Pr\u00e9sident national de l\u2019Alliance nationale pour le changement (ANC) et le Pr\u00e9sident de l\u2019ASVITTO sont d\u00e9j\u00e0 arriv\u00e9s dans la capitale fran\u00e7aise o\u00f9 ils seront rejoints aujourd\u2019hui et demain par les deux responsables de la Coalition Arc-En-Ciel et le Coordonnateur du CST actuellement en visite \u00e0 Libreville.<\/p>\n<p>Durant leur s\u00e9jour, ils se rendront \u00e0 Bruxelles, Paris et Berlin o\u00f9 ils auront \u00e0 rencontrer les officiels de ces pays et de l\u2019Union europ\u00e9enne. Seront au c\u0153ur des \u00e9changes les r\u00e9formes institutionnelles et constitutionnelles n\u00e9cessaires \u00e0 la tenue d\u2019\u00e9lections l\u00e9gislatives cr\u00e9dibles et transparentes, l\u2019affaire des incendies, la situation des droits de l\u2019Homme, la question de l\u2019arm\u00e9e \u2026 Selon les informations, les leaders du CST seront re\u00e7us dans la matin\u00e9e du mercredi 10 avril au Quai d\u2019Orsay. Et dans l\u2019apr\u00e8s-midi, ce sera au tour de la Coalition d\u2019Arc-En-Ciel.<\/p>\n<p>De retour de ce p\u00e9riple europ\u00e9en, ils mettront le cap sur le Benin, le Ghana et le Burkina Faso\u00a0pour pr\u00e9senter \u00e9galement aux dirigeants de ces pays le tableau politique togolais, apprend-on<\/p>\n<p>CT<\/p>\n<p><a href=\"http:\/\/www.liberte-togo.com\/\">www.liberte-togo.com<\/a><\/p>\n<p>&nbsp;<\/p>\n<p align=\"center\"><b><i><\/i><\/b>\u00a0<\/p>\n<p>&nbsp;<\/p>\n<p>&nbsp;<\/p>\n<p>&nbsp;<\/p>\n","protected":false},"excerpt":{"rendered":"<p>Me Zeus\u00a0Ajavon, Jean-Pierre Fabre\u00a0et Olivier Amah du Collectif \u00ab\u00a0Sauvons le Togo\u00a0\u00bb, Me Dodji\u00a0Apevon\u00a0et Mme Brigitte Kafui Adjamagbo-Johnson de la Coalition Arc-En-Ciel entament cette semaine une tourn\u00e9e en Europe.<\/p>\n","protected":false},"author":7,"featured_media":0,"comment_status":"closed","ping_status":"open","sticky":false,"template":"","format":"standard","meta":[],"categories":[1],"tags":[],"_links":{"self":[{"href":"http:\/\/mtn-togo.org\/index.php?rest_route=\/wp\/v2\/posts\/2795"}],"collection":[{"href":"http:\/\/mtn-togo.org\/index.php?rest_route=\/wp\/v2\/posts"}],"about":[{"href":"http:\/\/mtn-togo.org\/index.php?rest_route=\/wp\/v2\/types\/post"}],"author":[{"embeddable":true,"href":"http:\/\/mtn-togo.org\/index.php?rest_route=\/wp\/v2\/users\/7"}],"replies":[{"embeddable":true,"href":"http:\/\/mtn-togo.org\/index.php?rest_route=%2Fwp%2Fv2%2Fcomments&post=2795"}],"version-history":[{"count":5,"href":"http:\/\/mtn-togo.org\/index.php?rest_route=\/wp\/v2\/posts\/2795\/revisions"}],"predecessor-version":[{"id":2798,"href":"http:\/\/mtn-togo.org\/index.php?rest_route=\/wp\/v2\/posts\/2795\/revisions\/2798"}],"wp:attachment":[{"href":"http:\/\/mtn-togo.org\/index.php?rest_route=%2Fwp%2Fv2%2Fmedia&parent=2795"}],"wp:term":[{"taxonomy":"category","embeddable":true,"href":"http:\/\/mtn-togo.org\/index.php?rest_route=%2Fwp%2Fv2%2Fcategories&post=2795"},{"taxonomy":"post_tag","embeddable":true,"href":"http:\/\/mtn-togo.org\/index.php?rest_route=%2Fwp%2Fv2%2Ftags&post=2795"}],"curies":[{"name":"wp","href":"https:\/\/api.w.org\/{rel}","templated":true}]}}