{"id":2801,"date":"2013-04-11T19:26:01","date_gmt":"2013-04-12T00:26:01","guid":{"rendered":"http:\/\/mtn-togo.org\/?p=2801"},"modified":"2013-04-11T19:28:34","modified_gmt":"2013-04-12T00:28:34","slug":"premieres-reactions-de-pascal-bodjona-a-sa-mise-en-liberte-cest-par-une-procedure-bancale-acrobatique-scandaleuse-atypique-et-illegale-a-tout-point-de-vue-quon-m","status":"publish","type":"post","link":"http:\/\/mtn-togo.org\/?p=2801","title":{"rendered":"Premi\u00e8res r\u00e9actions de Pascal Bodjona \u00e0 sa mise en libert\u00e9 : \u00ab C\u2019est par une proc\u00e9dure bancale, acrobatique, scandaleuse, atypique et ill\u00e9gale \u00e0 tout point de vue qu\u2019on m\u2019a arr\u00eat\u00e9 et d\u00e9tenu \u00bb"},"content":{"rendered":"<p>\u00a0<a href=\"http:\/\/mtn-togo.org\/wp-content\/uploads\/2012\/09\/bodjona_pascal_en-prison_gendarmerie.jpg\"><img loading=\"lazy\" class=\"alignleft size-medium wp-image-1842\" alt=\"bodjona_pascal_en-prison_gendarmerie\" src=\"http:\/\/mtn-togo.org\/wp-content\/uploads\/2012\/09\/bodjona_pascal_en-prison_gendarmerie-300x201.jpg\" width=\"300\" height=\"201\" srcset=\"http:\/\/mtn-togo.org\/wp-content\/uploads\/2012\/09\/bodjona_pascal_en-prison_gendarmerie-300x201.jpg 300w, http:\/\/mtn-togo.org\/wp-content\/uploads\/2012\/09\/bodjona_pascal_en-prison_gendarmerie.jpg 455w\" sizes=\"(max-width: 300px) 100vw, 300px\" \/><\/a>L\u2019ancien Directeur de cabinet de Faure Gnassingb\u00e9 et ex-ministre de l\u2019Administration territoriale, de la d\u00e9centralisation et des collectivit\u00e9s locales \u00e9crou\u00e9 depuis le 1 er septembre 2012 dans une affaire d\u2019escroquerie dite \u00ab internationale \u00bb a \u00e9t\u00e9 remis en libert\u00e9 \u00ab provisoire \u00bb mardi en d\u00e9but de soir\u00e9e. <!--more-->Le Procureur de la R\u00e9publique pr\u00e8s du Tribunal de Premi\u00e8re instance de Lom\u00e9, dans un communiqu\u00e9 rendu public quelques heures apr\u00e8s cette relaxation a indiqu\u00e9 que cet ancien bras droit du Pr\u00e9sident de la R\u00e9publique Faure Gnassingb\u00e9 avait b\u00e9n\u00e9fici\u00e9 d\u2019une remise en \u00ab libert\u00e9 provisoire \u00bb suite \u00e0 une demande \u00e0 cet effet, introduite le 5 avril dernier par ses avocats. \u00ab Apr\u00e8s examen de cette demande, le Juge d\u2019instruction a d\u00e9cid\u00e9 de le mettre en libert\u00e9 provisoire sous contr\u00f4le judiciaire \u00e0 compter de ce mardi 9 avril 2013 \u00bb, a indiqu\u00e9 Blaise Essolissam\u00a0Poyodi dans son communiqu\u00e9.<\/p>\n<p>Accueilli en h\u00e9ros \u00e0 son domicile d\u2019Agb\u00e9l\u00e9p\u00e9dogan (Lom\u00e9), l\u2019homme a livr\u00e9 ses premi\u00e8res impressions \u00e0 la presse dont voici la teneur. Lire l\u2019entretien.<\/p>\n<p><b>Afreepress<\/b>\u00a0: Bonjour M. Pascal Bodjona, qu\u2019avez-vous \u00e0 dire \u00e0 l&#8217;opinion apr\u00e8s votre sortie de prison plus de sept (7) mois apr\u00e8s votre arrestation ?<\/p>\n<p><b>Pascal Bodjona :<\/b> J\u2019adresse mes louanges \u00e0 Dieu qui, en cette p\u00e9riode d\u2019\u00e9preuves difficiles, m\u2019a donn\u00e9 la sant\u00e9, le courage et le moral de supporter ce qui me paraissait impossible \u00e0 supporter au regard de l\u2019injustice dont j\u2019ai fait l\u2019objet.<\/p>\n<p>Mes premi\u00e8res impressions vont \u00e0 cette admiration permanente que je dois \u00e0 mon \u00e9pouse courageuse et digne, \u00e0 mes enfants qui sont rest\u00e9s courageux, \u00e0 mes parents, \u00e0 mes amis et \u00e0 vous tous journalistes. De tout temps nous avons chemin\u00e9, les \u00e9preuves de la vie peuvent amener certains \u00e0 succomber \u00e0 des tentations. Mais \u00e0 tous, je vous remercie pour tout votre combat.<\/p>\n<p>Je pense que l\u2019affaire Bodjona\u00a0a r\u00e9v\u00e9l\u00e9 en vous, je ne dirais pas des juristes de circonstances, mais de vrais juristes ma\u00eetrisant la proc\u00e9dure et le fond des dossiers. Je vous dis merci pour votre soutien, \u00e0 l\u2019ensemble des Togolaises\u00a0et des Togolais\u00a0pour leur mis\u00e9ricorde infinie. Les hommes politiques et la soci\u00e9t\u00e9 civile, \u00e0 toutes les confessions religieuses, je dis merci et je voudrais aussi dire merci \u00e0 tous les Togolais qui dans leur pri\u00e8re demandaient que justice soit faite.<\/p>\n<p>Les mots me manquent en cette circonstance pour leur dire ma gratitude. Je dis merci \u00e0 tous ceux qui l\u00e9gitimement n\u2019avaient rien \u00e0 avoir dans ce dossier, mais qui se sont dit que bien qu\u2019ils fussent notre adversaire politique, ils n\u2019allaient pas se taire, qu\u2019ils allaient s\u2019\u00e9lever contre cette injustice, je leur dis merci. \u00c0 mes amis politiques d\u2019hier, \u00e0 mes fr\u00e8res je leur dis merci et je pardonne.<\/p>\n<p>\u00c0 tous ceux qui maladroitement, je dis bien, maladroitement ont pens\u00e9 initier cette proc\u00e9dure cousue de fils blancs contre ma personne, je ne leur souhaite pas cette privation, cette \u00e9preuve.<\/p>\n<p>Je sors d\u2019une \u00e9preuve injuste qui m\u2019a donn\u00e9 de me conna\u00eetre et de conna\u00eetre l\u2019homme. J\u2019ai \u00e9t\u00e9 arr\u00eat\u00e9 pour une affaire dont je ne connais ni les tenants, ni les aboutissants, ni ceux-l\u00e0 qui l\u2019ont maladroitement et de fa\u00e7on immorale et inhumaine initi\u00e9e contre moi, mais je n\u2019ai aucune envie de vengeance contre personne. On peut s\u2019\u00e9lever contre moi pour toute chose, mais pas pour ce d\u00e9lit qu\u2019on me reproche. Que la proc\u00e9dure suive son cours.<\/p>\n<p><strong>Afreepress<\/strong> : Savez-vous ce qui a motiv\u00e9 le Doyen des juges \u00e0 d\u00e9cider votre mise en libert\u00e9 provisoire ?<\/p>\n<p><b>Pascal Bodjona :<\/b> Je n\u2019ai pas \u00e9t\u00e9 \u00e9cout\u00e9 par le doyen des juges. Le juge qui a le dossier depuis plus de deux (2) ans, c\u2019est le juge charg\u00e9 du 4<sup>e<\/sup>\u00a0cabinet. Je l\u2019ai dit et je le r\u00e9p\u00e8te, Bodjona n\u2019a jamais \u00e9t\u00e9 dans la dynamique d\u2019une justice de mis\u00e9ricorde, d\u2019une justice pour services rendus. Je demandais seulement une justice de raison, je pense que la raison semble revenir.<\/p>\n<p><b>Afreepress<\/b> : Avez-vous l\u2019impression qu\u2019il s\u2019agit l\u00e0 d\u2019une affaire purement politique ?<\/p>\n<p><b>Pascal Bodjona : <\/b>C\u2019est \u00e0 vous de le d\u00e9duire. Je dis que je ne sais pas ce que j\u2019ai fait. Il faut faire la diff\u00e9rence entre un t\u00e9moin simple et un t\u00e9moin assist\u00e9 comme en France et un t\u00e9moin sous la foi du serment. Lorsqu\u2019on pr\u00eate serment, cela veut dire que le juge qui a le dossier sait qu\u2019il n\u2019y a aucun indice contre vous. On a ouvert d\u2019abord l\u2019information et on m\u2019a \u00e9cout\u00e9 sur la foi d&#8217;un serment. C\u2019est par une proc\u00e9dure bancale, acrobatique, scandaleuse, atypique et ill\u00e9gale \u00e0 tout point de vue qu\u2019on m\u2019a arr\u00eat\u00e9 et d\u00e9tenu. Je pense qu\u2019il n\u2019ya pas \u00e0 se dire quoi que ce soit, Bodjona veut que la proc\u00e9dure suive son cours, je suis l\u00e0, je ne me soustrairais jamais \u00e0 la justice, mais j\u2019estime que je ne sais pas de quoi il s\u2019agit. Vous \u00eates des journalistes, analystes des faits, il ne m\u2019appartient pas de vous dire plus que cela, tirez vous-m\u00eames les conclusions.<\/p>\n<p><b>Afreepress<\/b> : Le ministre est lib\u00e9r\u00e9 en pleine pr\u00e9paration d\u2019\u00e9lections, rejoindra-t-il sa formation politique ?<\/p>\n<p><b>Pascal Bodjona : <\/b>Donnez-moi le temps apr\u00e8s huit mois de privation de libert\u00e9 de donner de la chaleur \u00e0 ma famille, \u00e0 mon \u00e9pouse et \u00e0 mes amis que vous \u00eates. Ne voulez-vous pas de ma chaleur ? J\u2019aurai ensuite tout le temps qu\u2019il faut pour faire la r\u00e9flexion en tenant compte du contexte. \u00c0 tout ce peuple togolais\u00a0que mes actions politiques depuis ont frustr\u00e9, ont caus\u00e9 du tort, je leur demande pardon, qu\u2019ils sachent que rien ne peut sauver ce pays que le dialogue. Que le Chef de l\u2019Etat se l\u00e8ve pour r\u00e9unir tous les Togolais de tous les bords pour que notre pays soit dans l\u2019apaisement total.<\/p>\n<p><b>Afreepress<\/b> : La situation politique est tr\u00e8s crisp\u00e9e au Togo et certainement de votre cellule vous avez tout suivi. Qu\u2019est-ce que vous pouvez pr\u00e9coniser pour aider le pays \u00e0 sortir de cette crise ?<\/p>\n<p><b>Pascal Bodjona : <\/b>Il ne me para\u00eet pas inutile de vous rappeler les grandes responsabilit\u00e9s que j\u2019ai eues \u00e0 assumer. Premier Directeur de cabinet du Pr\u00e9sident de la R\u00e9publique, ce n\u2019\u00e9tait pas donn\u00e9 \u00e0 qui que ce soit. Ministre d\u2019\u00c9tat, ministre de X et Y et j\u2019ai apport\u00e9 ma petite contribution lorsque j\u2019\u00e9tais \u00e0 ces fonctions dans le cadre du r\u00e8glement de certaines difficult\u00e9s, qu\u2019elles soient d\u2019ordre sportif, syndical et politique. Apr\u00e8s sept (7) mois de d\u00e9tention, je reste toujours fid\u00e8le et je crois bien que le Pr\u00e9sident restera toujours attacher \u00e0 cette vertu de dialogue pour que toutes les voies du dialogue puissent permettre d\u2019apaiser ce pays. Les conseillers ne sont pas les bons ma\u00eetres.<\/p>\n<p>Interview transcrite par Olivier A.<\/p>\n<p>\u00a0Afreepress<\/p>\n","protected":false},"excerpt":{"rendered":"<p>\u00a0L\u2019ancien Directeur de cabinet de Faure Gnassingb\u00e9 et ex-ministre de l\u2019Administration territoriale, de la d\u00e9centralisation et des collectivit\u00e9s locales \u00e9crou\u00e9 depuis le 1 er septembre 2012 dans une affaire d\u2019escroquerie dite \u00ab internationale \u00bb a \u00e9t\u00e9 remis en libert\u00e9 \u00ab provisoire \u00bb mardi en d\u00e9but de soir\u00e9e.<\/p>\n","protected":false},"author":7,"featured_media":0,"comment_status":"closed","ping_status":"open","sticky":false,"template":"","format":"standard","meta":[],"categories":[1],"tags":[202,393,343,394],"_links":{"self":[{"href":"http:\/\/mtn-togo.org\/index.php?rest_route=\/wp\/v2\/posts\/2801"}],"collection":[{"href":"http:\/\/mtn-togo.org\/index.php?rest_route=\/wp\/v2\/posts"}],"about":[{"href":"http:\/\/mtn-togo.org\/index.php?rest_route=\/wp\/v2\/types\/post"}],"author":[{"embeddable":true,"href":"http:\/\/mtn-togo.org\/index.php?rest_route=\/wp\/v2\/users\/7"}],"replies":[{"embeddable":true,"href":"http:\/\/mtn-togo.org\/index.php?rest_route=%2Fwp%2Fv2%2Fcomments&post=2801"}],"version-history":[{"count":4,"href":"http:\/\/mtn-togo.org\/index.php?rest_route=\/wp\/v2\/posts\/2801\/revisions"}],"predecessor-version":[{"id":2803,"href":"http:\/\/mtn-togo.org\/index.php?rest_route=\/wp\/v2\/posts\/2801\/revisions\/2803"}],"wp:attachment":[{"href":"http:\/\/mtn-togo.org\/index.php?rest_route=%2Fwp%2Fv2%2Fmedia&parent=2801"}],"wp:term":[{"taxonomy":"category","embeddable":true,"href":"http:\/\/mtn-togo.org\/index.php?rest_route=%2Fwp%2Fv2%2Fcategories&post=2801"},{"taxonomy":"post_tag","embeddable":true,"href":"http:\/\/mtn-togo.org\/index.php?rest_route=%2Fwp%2Fv2%2Ftags&post=2801"}],"curies":[{"name":"wp","href":"https:\/\/api.w.org\/{rel}","templated":true}]}}