{"id":2832,"date":"2013-04-27T17:07:44","date_gmt":"2013-04-27T22:07:44","guid":{"rendered":"http:\/\/mtn-togo.org\/?p=2832"},"modified":"2013-04-27T17:08:00","modified_gmt":"2013-04-27T22:08:00","slug":"message-de-gilchrist-olympio-a-l-occasion-de-la-commemoration-du-27-avril-2013","status":"publish","type":"post","link":"http:\/\/mtn-togo.org\/?p=2832","title":{"rendered":"Message de Gilchrist Olympio \u00e0 l\u2019 occasion de la comm\u00e9moration du 27 avril 2013"},"content":{"rendered":"<p>Mes Chers compatriotes,<br \/>\n<a href=\"http:\/\/mtn-togo.org\/wp-content\/uploads\/2013\/04\/31076.jpg\"><img loading=\"lazy\" class=\"alignleft size-medium wp-image-2833\" alt=\"31076\" src=\"http:\/\/mtn-togo.org\/wp-content\/uploads\/2013\/04\/31076-300x227.jpg\" width=\"300\" height=\"227\" srcset=\"http:\/\/mtn-togo.org\/wp-content\/uploads\/2013\/04\/31076-300x227.jpg 300w, http:\/\/mtn-togo.org\/wp-content\/uploads\/2013\/04\/31076.jpg 395w\" sizes=\"(max-width: 300px) 100vw, 300px\" \/><\/a>Le Togo, notre pays, c\u00e9l\u00e8bre le 27 Avril 2013, le 53eme Anniversaire de son accession \u00e0 la souverainet\u00e9 internationale. Cet \u00e9v\u00e9nement qui se veut l\u2019occasion id\u00e9ale pour faire le bilan du chemin parcouru, doit \u00eatre \u00e9galement mis \u00e0 profit pour permettre \u00e0 la nation togolaise tout enti\u00e8re, et surtout \u00e0 sa jeunesse, de se rappeler les \u00e9normes sacrifices consentis par les p\u00e8res de l\u2019\u00e9mancipation de notre peuple.<!--more--><br \/>\nA l\u2019occasion de cette comm\u00e9moration, qu\u2019il me soit permis de rendre un vibrant hommage \u00e0 tous ceux qui sont morts en d\u00e9fendant des causes justes.<\/p>\n<p>Evidemment, en ces moments particuliers, nos pens\u00e9es vont aux jeunes Anselme SINANDARE\u00a0et Alain DOUTI qui ont perdu la vie aux cours des \u00e9v\u00e9nements dramatiques survenus \u00e0 Dapaong ; nos pens\u00e9es vont aussi aux familles \u00e9plor\u00e9es \u00e0 qui nous r\u00e9it\u00e9rons nos condol\u00e9ances les plus attrist\u00e9es, notre enti\u00e8re et fraternelle solidarit\u00e9 ; notre compassion \u00e0 tous les bless\u00e9s \u00e0 qui nous souhaitons un prompt r\u00e9tablissement.<\/p>\n<p>Chers compatriotes,<br \/>\nCette comm\u00e9moration vient par ailleurs, nous rappeler notre engagement \u00e0 faire de ce pays, un pays apais\u00e9 et r\u00e9concili\u00e9 o\u00f9 le d\u00e9veloppement doit \u00eatre la seule pr\u00e9occupation de tous les togolais.<br \/>\nC\u2019est parce qu\u2019elle a pris conscience de la n\u00e9cessit\u00e9 de cette paix, de cette r\u00e9conciliation et de ce d\u00e9veloppement, que l\u2019UFC a accept\u00e9 de participer \u00e0 l\u2019action gouvernementale, une initiative appr\u00e9ci\u00e9e par la grande majorit\u00e9 de nos partenaires au d\u00e9veloppement dont l\u2019implication et le soutien aux togolais n\u2019ont jamais fait d\u00e9faut d\u00e8s lors qu\u2019il s\u2019agit de nous aider \u00e0 nous parler. Qu\u2019ils en soient sinc\u00e8rement remerci\u00e9s !<\/p>\n<p>Le 27 Avril 2013, c\u2019est \u00e9galement la veille d\u2019une importante \u00e9ch\u00e9ance \u00e9lectorale o\u00f9 le peuple togolais\u00a0fortement mobilis\u00e9, si l\u2019on s\u2019en tient \u00e0 l\u2019engouement manifest\u00e9 pour le recensement \u00e9lectoral, fait preuve d\u2019une maturit\u00e9 politique exceptionnelle et d\u00e9montre par la m\u00eame occasion, que le moment est venu de mettre en place un parlement capable de proc\u00e9der aux r\u00e9formes des institutions, gage d\u2019une vitalit\u00e9 d\u00e9mocratique retrouv\u00e9e.<\/p>\n<p>Mes Chers compatriotes,<br \/>\nNous sommes donc \u00e0 un tournant d\u00e9cisif de notre histoire commune et il ne saurait y avoir aucun autre moyen de conqu\u00eate du pouvoir d\u2019Etat en dehors des \u00e9lections qui demeurent le fondement m\u00eame de la d\u00e9mocratie.<\/p>\n<p>Je ne saurais terminer mon propos sans me r\u00e9jouir du dernier accord intervenu entre les syndicats et le gouvernement et qui a permis aux uns et aux autres, d\u2019\u00e9viter que le Togo s\u2019enlise dans une crise sociale sans fin. J\u2019exhorte les deux parties \u00e0 toujours privil\u00e9gier le dialogue et la concertation pour la r\u00e9solution des conflits.<\/p>\n<p>Nos incompr\u00e9hensions, nos tergiversations, nos surench\u00e8res inutiles et nos ambitions personnelles ruinent les \u00e9nergies que nous devons mettre au service du d\u00e9veloppement de notre pays.<\/p>\n<p>Nous devons avoir foi en nous car, notre pays dispose de ressorts insoup\u00e7onn\u00e9s pour rebondir dignement et positivement et reprendre la place qui doit \u00eatre la sienne dans le concert des nations.<br \/>\nBonne f\u00eate \u00e0 tous, sans oublier nos fr\u00e8res et s\u0153urs de la diaspora !<br \/>\nQue l\u2019Eternel b\u00e9nisse le Togo !<\/p>\n<p>Ablode\u00a0! Ablode\u00a0! Ablode\u00a0gbadjaaaa !<\/p>\n","protected":false},"excerpt":{"rendered":"<p>Mes Chers compatriotes, Le Togo, notre pays, c\u00e9l\u00e8bre le 27 Avril 2013, le 53eme Anniversaire de son accession \u00e0 la souverainet\u00e9 internationale. Cet \u00e9v\u00e9nement qui se veut l\u2019occasion id\u00e9ale pour faire le bilan du chemin parcouru, doit \u00eatre \u00e9galement mis \u00e0 profit pour permettre \u00e0 la nation togolaise tout enti\u00e8re, et surtout \u00e0 sa jeunesse, [&hellip;]<\/p>\n","protected":false},"author":7,"featured_media":0,"comment_status":"closed","ping_status":"open","sticky":false,"template":"","format":"standard","meta":[],"categories":[1],"tags":[],"_links":{"self":[{"href":"http:\/\/mtn-togo.org\/index.php?rest_route=\/wp\/v2\/posts\/2832"}],"collection":[{"href":"http:\/\/mtn-togo.org\/index.php?rest_route=\/wp\/v2\/posts"}],"about":[{"href":"http:\/\/mtn-togo.org\/index.php?rest_route=\/wp\/v2\/types\/post"}],"author":[{"embeddable":true,"href":"http:\/\/mtn-togo.org\/index.php?rest_route=\/wp\/v2\/users\/7"}],"replies":[{"embeddable":true,"href":"http:\/\/mtn-togo.org\/index.php?rest_route=%2Fwp%2Fv2%2Fcomments&post=2832"}],"version-history":[{"count":2,"href":"http:\/\/mtn-togo.org\/index.php?rest_route=\/wp\/v2\/posts\/2832\/revisions"}],"predecessor-version":[{"id":2835,"href":"http:\/\/mtn-togo.org\/index.php?rest_route=\/wp\/v2\/posts\/2832\/revisions\/2835"}],"wp:attachment":[{"href":"http:\/\/mtn-togo.org\/index.php?rest_route=%2Fwp%2Fv2%2Fmedia&parent=2832"}],"wp:term":[{"taxonomy":"category","embeddable":true,"href":"http:\/\/mtn-togo.org\/index.php?rest_route=%2Fwp%2Fv2%2Fcategories&post=2832"},{"taxonomy":"post_tag","embeddable":true,"href":"http:\/\/mtn-togo.org\/index.php?rest_route=%2Fwp%2Fv2%2Ftags&post=2832"}],"curies":[{"name":"wp","href":"https:\/\/api.w.org\/{rel}","templated":true}]}}