{"id":2900,"date":"2013-05-30T07:32:24","date_gmt":"2013-05-30T12:32:24","guid":{"rendered":"http:\/\/mtn-togo.org\/?p=2900"},"modified":"2013-05-30T07:32:51","modified_gmt":"2013-05-30T12:32:51","slug":"arrestation-abass-kaboua-defere-a-la-prison-civile-de-lome","status":"publish","type":"post","link":"http:\/\/mtn-togo.org\/?p=2900","title":{"rendered":"Arrestation: Abass Kaboua d\u00e9f\u00e9r\u00e9 \u00e0 la prison civile de Lom\u00e9"},"content":{"rendered":"<p><a href=\"http:\/\/mtn-togo.org\/wp-content\/uploads\/2013\/05\/abasskaboua.jpg\"><img loading=\"lazy\" class=\"alignleft size-full wp-image-2901\" alt=\"abasskaboua\" src=\"http:\/\/mtn-togo.org\/wp-content\/uploads\/2013\/05\/abasskaboua.jpg\" width=\"300\" height=\"220\" \/><\/a>Tu ne t\u2019en prendras pas aux concubines du chef de l\u2019Etat. Pour avoir enfreint \u00e0 cette loi non \u00e9crite et bien pr\u00e9sente dans la t\u00eate des juges togolais, Abass\u00a0kaboua, le pr\u00e9sident du Mouvement des r\u00e9publicains centristes (MRC), va dormir ce soir \u00e0 la prison civile de Lom\u00e9.<!--more--><\/p>\n<p>Il vient d\u2019\u00eatre d\u00e9f\u00e9r\u00e9 \u00e0 la prison ce mercredi matin par le doyen des juges d\u2019instruction.<\/p>\n<p>On lui reproche d\u2019avoir cit\u00e9 le nom d\u2019Ingrid Awad\u00e9, un des intimes du chef de l\u2019Etat Faure Gnassingb\u00e9 comme l\u2019un des responsables de l\u2019incendie du march\u00e9 de Lom\u00e9.<\/p>\n<p>Abass\u00a0kaboua avait \u00e9t\u00e9 inculp\u00e9 sans mandat de d\u00e9p\u00f4t dans le cadre de l\u2019enqu\u00eate des incendies des march\u00e9s de Lom\u00e9. On lui reproche d&#8217;avoir tenu une r\u00e9union relative \u00e0 l&#8217;incendie au moment o\u00f9 il \u00e9tait \u00e0 l&#8217;h\u00f4pital en Europe. &#8221; Je n&#8217;ai pas le don d&#8217;ubiquit\u00e9&#8221;, a-t-il d\u00e9clar\u00e9 en produisant \u00e0 l&#8217;appui des documents de son voyage.<\/p>\n<p>Inculp\u00e9 malgr\u00e9 tout, mais il avait \u00e9t\u00e9 remis en libert\u00e9 avec l\u2019interdiction de ne pas quitter Lom\u00e9 sans l\u2019autorisation du juge. S&#8217;il devait suivre scrupuleusement cette interdiction, il ne pourrait m\u00eame plus rentrer chez lui. En effet, Abass\u00a0Kaboua habite en dehors de la ville de Lom\u00e9.<\/p>\n<p>Convoqu\u00e9 lundi dernier dans les locaux du Service de Recherches et d&#8217;Investigations (SRI) et devant le juge, ceux-ci reprochaient au tonitruant responsable politique natif de Kara, au m\u00eame titre que le chef de l\u2019Etat, d\u2019avoir enfreint \u00e0 son obligation de r\u00e9serve dans le cadre de l\u2019enqu\u00eate sur les incendies du march\u00e9.<\/p>\n<p>Pour l\u2019emp\u00eacher de parler de nouveau, il a \u00e9t\u00e9 simplement d\u00e9cid\u00e9 de le d\u00e9poser \u00e0 la prison de Lom\u00e9.<\/p>\n<p>Fonctionnaire \u00e0 la prison de Lom\u00e9, Abass kaboua\u00a0rejoint ses camarades du CST\u00a0dont le dernier d\u00e9f\u00e9r\u00e9 en date, le Commandant Amah\u00a0Poko Olivier, \u00e9crou\u00e9 cette semaine aussi dans le m\u00eame centre de d\u00e9tention.<\/p>\n<p>Nous y reviendrons.<\/p>\n<p>( <strong><a href=\"http:\/\/www.mo5-togo.org\/\">www.mo5-togo.org<\/a><\/strong>\u00a0)<\/p>\n","protected":false},"excerpt":{"rendered":"<p>Tu ne t\u2019en prendras pas aux concubines du chef de l\u2019Etat. Pour avoir enfreint \u00e0 cette loi non \u00e9crite et bien pr\u00e9sente dans la t\u00eate des juges togolais, Abass\u00a0kaboua, le pr\u00e9sident du Mouvement des r\u00e9publicains centristes (MRC), va dormir ce soir \u00e0 la prison civile de Lom\u00e9.<\/p>\n","protected":false},"author":7,"featured_media":0,"comment_status":"closed","ping_status":"open","sticky":false,"template":"","format":"standard","meta":[],"categories":[1],"tags":[205,309],"_links":{"self":[{"href":"http:\/\/mtn-togo.org\/index.php?rest_route=\/wp\/v2\/posts\/2900"}],"collection":[{"href":"http:\/\/mtn-togo.org\/index.php?rest_route=\/wp\/v2\/posts"}],"about":[{"href":"http:\/\/mtn-togo.org\/index.php?rest_route=\/wp\/v2\/types\/post"}],"author":[{"embeddable":true,"href":"http:\/\/mtn-togo.org\/index.php?rest_route=\/wp\/v2\/users\/7"}],"replies":[{"embeddable":true,"href":"http:\/\/mtn-togo.org\/index.php?rest_route=%2Fwp%2Fv2%2Fcomments&post=2900"}],"version-history":[{"count":2,"href":"http:\/\/mtn-togo.org\/index.php?rest_route=\/wp\/v2\/posts\/2900\/revisions"}],"predecessor-version":[{"id":2903,"href":"http:\/\/mtn-togo.org\/index.php?rest_route=\/wp\/v2\/posts\/2900\/revisions\/2903"}],"wp:attachment":[{"href":"http:\/\/mtn-togo.org\/index.php?rest_route=%2Fwp%2Fv2%2Fmedia&parent=2900"}],"wp:term":[{"taxonomy":"category","embeddable":true,"href":"http:\/\/mtn-togo.org\/index.php?rest_route=%2Fwp%2Fv2%2Fcategories&post=2900"},{"taxonomy":"post_tag","embeddable":true,"href":"http:\/\/mtn-togo.org\/index.php?rest_route=%2Fwp%2Fv2%2Ftags&post=2900"}],"curies":[{"name":"wp","href":"https:\/\/api.w.org\/{rel}","templated":true}]}}