{"id":2935,"date":"2013-07-05T17:07:30","date_gmt":"2013-07-05T22:07:30","guid":{"rendered":"http:\/\/mtn-togo.org\/?p=2935"},"modified":"2013-07-05T17:07:30","modified_gmt":"2013-07-05T22:07:30","slug":"le-cst-obtient-gain-de-causeliberation-provisoire-de-adja-komlan-gerard-kpogo-alphonse-et-eklou-kangni-jean","status":"publish","type":"post","link":"http:\/\/mtn-togo.org\/?p=2935","title":{"rendered":"Le CST obtient gain de cause:Lib\u00e9ration provisoire de ADJA Komlan G\u00e9rard, KPOGO Alphonse et EKLOU Kangni Jean"},"content":{"rendered":"<p>G\u00e9rard Adja (Obuts), Jean Eklou\u00a0(pr\u00e9sident de la Jeunesse de l\u2019ANC) et d\u2019Alphonse Kpogo (secr\u00e9taire g\u00e9n\u00e9ral\u00a0de l&#8217;ADDI (l\u2019Alliance des d\u00e9mocrates pour le d\u00e9veloppement int\u00e9gral) ont recouvr\u00e9 leur libert\u00e9 provisoire ce vendredi 5 juillet 2013.\u00a0<!--more-->\u00a0L&#8217;une des revendications du CST\u00a0pour sa participation aux \u00e9lections l\u00e9gislatives semble trouver un d\u00e9but de solution. Tous les autres d\u00e9tenus dans l&#8217;affaire\u00a0rocambolesque mont\u00e9e de toute pi\u00e8ce par les thurif\u00e9raires de Faure\u00a0Gnassingb\u00e9 pour d\u00e9capiter l&#8217;opposition , doivent \u00eatre aussi imm\u00e9diatement \u00a0lib\u00e9r\u00e9s et indemnis\u00e9s pour les torts et les pr\u00e9judices subis. Notons avec douleur qu&#8217;un militant de l&#8217;ANC a \u00e9t\u00e9 tu\u00e9 dans cette affaire par manque de soins alors que sa culpabilit\u00e9 n&#8217;ait \u00e9t\u00e9 jusqu&#8217;\u00e0 pr\u00e9sent \u00e9tablie.<\/p>\n<p>Ci-desssous le communiqu\u00e9\u00a0<b>\u00a0du procureur de la R\u00e9publique\u00a0<\/b><\/p>\n<p>&#8221;Ce vendredi 5 juillet 2013, le Doyen des Juges d\u2019Instruction a accord\u00e9 une mise en libert\u00e9 provisoire aux inculp\u00e9s \u00a0ADJA Komlan\u00a0G\u00e9rard, KPOGO\u00a0Alphonse et EKLOU\u00a0Kangni\u00a0Jean, d\u00e9tenus dans le cadre de l\u2019affaire des incendies des grands march\u00e9s de Lom\u00e9, de Kara et autres.<\/p>\n<p>Cette mesure vise \u00e0 \u00a0permettre aux inculp\u00e9s susnomm\u00e9s, candidats aux \u00e9lections l\u00e9gislatives du 21 juillet 2013, de battre campagne.\u00a0<\/p>\n<p><i>Fait \u00e0 Lom\u00e9, le 5 juillet 2013&#8221;<\/i><\/p>\n<p>Le CST doit rest\u00e9 mobilis\u00e9 et unis pour la satisfaction de toutes ses revendications l\u00e9gitimes.<\/p>\n<p>Vicentey Ben Polar <a href=\"http:\/\/www.mtn-togo.org\/\">www.mtn-togo.org<\/a><\/p>\n<p>&nbsp;<\/p>\n","protected":false},"excerpt":{"rendered":"<p>G\u00e9rard Adja (Obuts), Jean Eklou\u00a0(pr\u00e9sident de la Jeunesse de l\u2019ANC) et d\u2019Alphonse Kpogo (secr\u00e9taire g\u00e9n\u00e9ral\u00a0de l&#8217;ADDI (l\u2019Alliance des d\u00e9mocrates pour le d\u00e9veloppement int\u00e9gral) ont recouvr\u00e9 leur libert\u00e9 provisoire ce vendredi 5 juillet 2013.\u00a0<\/p>\n","protected":false},"author":7,"featured_media":0,"comment_status":"closed","ping_status":"open","sticky":false,"template":"","format":"standard","meta":[],"categories":[1],"tags":[441,158,442,343,394],"_links":{"self":[{"href":"http:\/\/mtn-togo.org\/index.php?rest_route=\/wp\/v2\/posts\/2935"}],"collection":[{"href":"http:\/\/mtn-togo.org\/index.php?rest_route=\/wp\/v2\/posts"}],"about":[{"href":"http:\/\/mtn-togo.org\/index.php?rest_route=\/wp\/v2\/types\/post"}],"author":[{"embeddable":true,"href":"http:\/\/mtn-togo.org\/index.php?rest_route=\/wp\/v2\/users\/7"}],"replies":[{"embeddable":true,"href":"http:\/\/mtn-togo.org\/index.php?rest_route=%2Fwp%2Fv2%2Fcomments&post=2935"}],"version-history":[{"count":1,"href":"http:\/\/mtn-togo.org\/index.php?rest_route=\/wp\/v2\/posts\/2935\/revisions"}],"predecessor-version":[{"id":2936,"href":"http:\/\/mtn-togo.org\/index.php?rest_route=\/wp\/v2\/posts\/2935\/revisions\/2936"}],"wp:attachment":[{"href":"http:\/\/mtn-togo.org\/index.php?rest_route=%2Fwp%2Fv2%2Fmedia&parent=2935"}],"wp:term":[{"taxonomy":"category","embeddable":true,"href":"http:\/\/mtn-togo.org\/index.php?rest_route=%2Fwp%2Fv2%2Fcategories&post=2935"},{"taxonomy":"post_tag","embeddable":true,"href":"http:\/\/mtn-togo.org\/index.php?rest_route=%2Fwp%2Fv2%2Ftags&post=2935"}],"curies":[{"name":"wp","href":"https:\/\/api.w.org\/{rel}","templated":true}]}}