{"id":2954,"date":"2013-07-13T17:37:23","date_gmt":"2013-07-13T22:37:23","guid":{"rendered":"http:\/\/mtn-togo.org\/?p=2954"},"modified":"2013-07-19T08:00:27","modified_gmt":"2013-07-19T13:00:27","slug":"kofi-yamgnane-est-il-un-homme-politique-incoherent","status":"publish","type":"post","link":"http:\/\/mtn-togo.org\/?p=2954","title":{"rendered":"Kofi Yamgnane est-il un homme politique incoh\u00e9rent ?"},"content":{"rendered":"<p><a href=\"http:\/\/mtn-togo.org\/wp-content\/uploads\/2012\/10\/kofi_yamgnane_surpris.jpg\"><img loading=\"lazy\" class=\"alignleft size-full wp-image-2020\" alt=\"kofi_yamgnane_surpris\" src=\"http:\/\/mtn-togo.org\/wp-content\/uploads\/2012\/10\/kofi_yamgnane_surpris.jpg\" width=\"202\" height=\"158\" \/><\/a>La question m\u00e9rite d&#8217;\u00eatre pos\u00e9e si l&#8217;on suit le parcourt politique et les prises de position\u00a0rocambolesque\u00a0\u00a0de l&#8217;homme de Saint-Coulitz qui \u00e9volue de contraditions\u00a0en contractions. Tant\u00f4t ami sinc\u00e8re du r\u00e9gime dictatorial d&#8217;\u00a0\u00c9yadema, tant\u00f4t opposant farouche au\u00a0fils d&#8217;\u00c9yadema ou\u00a0tant\u00f4t\u00a0\u00a0 3e laron qui renvoie dos\u00a0\u00e0 dos\u00a0 pouvoir et opposition\u00a0au Togo. On se demande si\u00a0\u00a0 Kofi\u00a0Yamgnane est coh\u00e9rent et cons\u00e9quent avec lui-m\u00eame.<!--more--><\/p>\n<p>En 2010, Kofi\u00a0Yamgnane\u00a0fuit\u00a0la r\u00e9sistance qui s&#8217;organise au Togo contre le hold\u00a0up\u00a0des \u00a0\u00e9lections pr\u00e9sidentielles\u00a0par Faure\u00a0Gnassingbe\u00a0et se\u00a0planque en France alors qu&#8217;il a annonc\u00e9\u00a0 \u00e0 cor et cri qu&#8217; il r\u00e9ussira\u00a0\u00e0 \u00eatre le meilleur &#8221;\u00a0buteur&#8221; l\u00e0\u00a0o\u00f9 Gilchrist et compagnie ont lamentablement \u00e9chou\u00e9; \u00a0parce qu&#8217;il a l&#8217;appui\u00a0de la France et surtout des officiers bassars. Le &#8221;petit&#8217; Bodjona\u00a0a refus\u00e9 sa candidature et personne n&#8217;a lev\u00e9 le petit doigt .\u00a0Ni la\u00a0 France, ni aucun officier bassar a bronch\u00e9. On a vu que du vent &#8230;.<\/p>\n<p>Son soutien \u00a0\u00a0\u00e0 \u00a0la candidature pr\u00e9sidentielle \u00a0de Jean Pierre\u00a0Fabre du FRAC, dont il\u00a0fut un des membres fondateurs n&#8217;\u00e9tait que \u00a0du bout des l\u00e8vres&#8230; donc \u00a0du vent!.\u00a0<\/p>\n<p>\u00a0\u00a0En octobre\u00a0\u00a02012 , apr\u00e8s avoir abandonn\u00e9 ses \u00a0&#8221;amis&#8221;\u00a0 r\u00e9sistants du FRAC\u00a0sur le terrain,\u00a0face au\u00a0dispositif \u00a0r\u00e9pressif\u00a0de Faure\u00a0Gnassingb\u00e9 qui a\u00a0litt\u00e9ralement vol\u00e9 les \u00e9lections\u00a0pr\u00e9sidentielles de 2010, &#8221;le crocodile de Bapur\u00e9\u00a0&#8221; revient au Togo et sans aucun scrupules, d\u00e9clare lors d&#8217;une conf\u00e9rence de presse :<\/p>\n<p>&#8220;on ne peut pas continuer \u00e0 marcher ind\u00e9finiment pour le m\u00eame objectif&#8221;&#8230;&#8230;.&#8221;Je me bats pour que les \u00e9lections soient aussi transparentes et que le mode de scrutin soit connu de tout le monde. Et cela ne se d\u00e9cide pas dans la rue, mais plut\u00f4t \u00e0 l&#8217;Assembl\u00e9e nationale&#8221;,&#8230;. &#8220;Nous avons une opposition \u00e0 l&#8217;Assembl\u00e9e nationale. Est-ce qu&#8217;elle a fait une seule proposition de loi soit sur le mode de scrutin, soit sur la limitation de mandat? Ce n&#8217;est pas dans la rue, que ces choses se d\u00e9cident. Ce sont les syndicats qui d\u00e9filent dans la rue&#8221;.<\/p>\n<p>Un d\u00e9saveu complet de la strat\u00e9gie du FRAC qui\u00a0revendique pacifiquement dans la rue sa\u00a0 victoire aux \u00a0\u00e9lections pr\u00e9sidentielles et dont les d\u00e9put\u00e9s ANC\u00a0avaient \u00e9t\u00e9\u00a0 chass\u00e9s du parlement\u00a0auquel Kofi\u00a0Yamgnane \u00a0fait si\u00a0brillamment \u00a0mention.<\/p>\n<p>Depuis la France, o\u00f9 il est reparti comme il est venu, notre fameux politicien m\u00e9chant et roublard\u00a0comme une b\u00eate embusqu\u00e9e pr\u00eate \u00e0 sauter sur sa proie , attaque au micro de RFI\u00a0\u00a0l\u2019accord conclu mardi entre le gouvernement et\u00a0 l\u2019opposition concernant l\u2019organisation des l\u00e9gislatives du 25 juillet. Il indique que l&#8217;opposition devrait\u00a0\u00a0boycotter les \u00e9lections l\u00e9gislatives!&#8230;. Et donc se retrouver en dehors du parlement\u00a0 o\u00f9 les reformes se font , c&#8217;est\u00a0\u00e0 dire dans la\u00a0rue qu&#8217;il avait condamn\u00e9e avec v\u00e9h\u00e9mence en\u00a0octobre 2012. \u00a0\u00ab\u00a0Je ne crois pas que ce soit un bon choix. Aucune des revendications que ce Collectif d\u00e9fend depuis maintenant plus d\u2019un an n\u2019a \u00e9t\u00e9 satisfaite. En plus, beaucoup de responsables du Collectif sont toujours en prison en dehors de ceux qu\u2019on veut lib\u00e9rer. \u00c7a, c\u2019est la m\u00e9thode du parti au pouvoir. Il lance des leurres et l\u2019opposition s\u2019arr\u00eate aux leurres et laisse tomber le vrai chemin. Faure comme son p\u00e8re veut rester au pouvoir quoi qu\u2019il arrive &#8230;.\u00bba\u00a0 t-il martel\u00e9.<\/p>\n<p>Notons que le pr\u00e9sident de Sursaut-Togo avait vu sa candidature rejet\u00e9e\u00a0lors\u00a0\u00a0des \u00a0pr\u00e9sidentielles de\u00a02010, en raison de deux dates de naissance\u00a0 produites\u00a0sur ses papiers. L&#8217;homme souffrirait t-il d&#8217;\u00a0inconh\u00e9rence\u00a0 politique \u00a0ou de duplicit\u00e9 cong\u00e9nitale ?\u00a0 On pourrait logiquement se demander si Fran\u00e7ois Mitt\u00e9rand\u00a0 s&#8217;est -il tromp\u00e9 sur l&#8217;homme ou si c&#8217;est Koffi qui a roubl\u00e9 l&#8217;ancien pr\u00e9sident fran\u00e7ais&#8230;<\/p>\n<p>Gnagou\u00a0Matolaba\u00a0Djalima <a href=\"http:\/\/www.mtn-togo.org\/\">www.mtn-togo.org<\/a><\/p>\n<p>&nbsp;<\/p>\n","protected":false},"excerpt":{"rendered":"<p>La question m\u00e9rite d&#8217;\u00eatre pos\u00e9e si l&#8217;on suit le parcourt politique et les prises de position\u00a0rocambolesque\u00a0\u00a0de l&#8217;homme de Saint-Coulitz qui \u00e9volue de contraditions\u00a0en contractions. Tant\u00f4t ami sinc\u00e8re du r\u00e9gime dictatorial d&#8217;\u00a0\u00c9yadema, tant\u00f4t opposant farouche au\u00a0fils d&#8217;\u00c9yadema ou\u00a0tant\u00f4t\u00a0\u00a0 3e laron qui renvoie dos\u00a0\u00e0 dos\u00a0 pouvoir et opposition\u00a0au Togo. On se demande si\u00a0\u00a0 Kofi\u00a0Yamgnane est coh\u00e9rent et [&hellip;]<\/p>\n","protected":false},"author":7,"featured_media":0,"comment_status":"closed","ping_status":"open","sticky":false,"template":"","format":"standard","meta":[],"categories":[1],"tags":[446],"_links":{"self":[{"href":"http:\/\/mtn-togo.org\/index.php?rest_route=\/wp\/v2\/posts\/2954"}],"collection":[{"href":"http:\/\/mtn-togo.org\/index.php?rest_route=\/wp\/v2\/posts"}],"about":[{"href":"http:\/\/mtn-togo.org\/index.php?rest_route=\/wp\/v2\/types\/post"}],"author":[{"embeddable":true,"href":"http:\/\/mtn-togo.org\/index.php?rest_route=\/wp\/v2\/users\/7"}],"replies":[{"embeddable":true,"href":"http:\/\/mtn-togo.org\/index.php?rest_route=%2Fwp%2Fv2%2Fcomments&post=2954"}],"version-history":[{"count":5,"href":"http:\/\/mtn-togo.org\/index.php?rest_route=\/wp\/v2\/posts\/2954\/revisions"}],"predecessor-version":[{"id":2958,"href":"http:\/\/mtn-togo.org\/index.php?rest_route=\/wp\/v2\/posts\/2954\/revisions\/2958"}],"wp:attachment":[{"href":"http:\/\/mtn-togo.org\/index.php?rest_route=%2Fwp%2Fv2%2Fmedia&parent=2954"}],"wp:term":[{"taxonomy":"category","embeddable":true,"href":"http:\/\/mtn-togo.org\/index.php?rest_route=%2Fwp%2Fv2%2Fcategories&post=2954"},{"taxonomy":"post_tag","embeddable":true,"href":"http:\/\/mtn-togo.org\/index.php?rest_route=%2Fwp%2Fv2%2Ftags&post=2954"}],"curies":[{"name":"wp","href":"https:\/\/api.w.org\/{rel}","templated":true}]}}