{"id":2987,"date":"2013-07-25T07:25:05","date_gmt":"2013-07-25T12:25:05","guid":{"rendered":"http:\/\/mtn-togo.org\/?p=2987"},"modified":"2013-07-25T07:25:05","modified_gmt":"2013-07-25T12:25:05","slug":"le-mtn-suit-la-campagne-de-martin-tchin-napo-candidat-du-cst-a-bassar","status":"publish","type":"post","link":"http:\/\/mtn-togo.org\/?p=2987","title":{"rendered":"Le MTN suit la campagne de Martin Tchin NAPO candidat du CST \u00e0 Bassar"},"content":{"rendered":"<p><a href=\"http:\/\/mtn-togo.org\/wp-content\/uploads\/2013\/07\/Napo-Tchin.jpg\"><img loading=\"lazy\" class=\"alignleft size-medium wp-image-2988\" alt=\"Napo Tchin\" src=\"http:\/\/mtn-togo.org\/wp-content\/uploads\/2013\/07\/Napo-Tchin-237x300.jpg\" width=\"237\" height=\"300\" srcset=\"http:\/\/mtn-togo.org\/wp-content\/uploads\/2013\/07\/Napo-Tchin-237x300.jpg 237w, http:\/\/mtn-togo.org\/wp-content\/uploads\/2013\/07\/Napo-Tchin.jpg 598w\" sizes=\"(max-width: 237px) 100vw, 237px\" \/><\/a>C&#8217;est avec beaucoup d&#8217;int\u00e9r\u00eat que le MTN\u00a0suit la campagne de Martin\u00a0Tchin\u00a0Napo, candidat du CST- ANC aux \u00e9lections l\u00e9gislatives \u00a0\u00e0 Bassar.Mr\u00a0Martin Tchin\u00a0Napo\u00a0(MTN)\u00a0 est ancien leader du mouvement estudiantin et actuellement enseignant chercheur \u00e0 l&#8217; Universit\u00e9 de Kara. Homme\u00a0 de grande conviction,d\u00e9termin\u00e9, courageux et pragmatique, s&#8217;il est \u00e9lu, Bassar aura la chance d&#8217;avoir un repr\u00e9sentant digne de ce nom au parlement.<!--more--><\/p>\n<p>Ci joint son discours de campagne.<\/p>\n<p><b><span style=\"text-decoration: underline;\">DECLARATION\u00a0DES MILITANTES POPULATIONS DU CST-ANC DE BASSAR<\/span><\/b><\/p>\n<p><b>Excellence Monsieur le Pr\u00e9sident National de l\u2019ANC, Leader du CST et du FRAC!<\/b><\/p>\n<p><b>Mesdames et Messieurs les membres de la D\u00e9l\u00e9gation !<\/b><\/p>\n<p><b>Militantes et militants,<\/b><\/p>\n<p><b>Honorables invit\u00e9s, Mesdames et Messieurs.<\/b><\/p>\n<p>Je suis heureux du grand honneur qui m\u2019\u00e9choit d\u2019avoir \u00e0 vous pr\u00e9senter tout d\u2019abord les souhaits de bienvenue que vous adresse\u00a0la laborieuse population de Bassar\u00a0et de ses environs, ensuite \u00e0 vous exprimer son engagement total aux c\u00f4t\u00e9s du CST dans cette exaltante lutte et enfin \u00e0 vous rassurer une \u00e9clatante victoire \u00e0 ces l\u00e9gislatives 2013.<\/p>\n<p>Il n\u2019est de secret pour personne que la population togolaise, dans sa grande majorit\u00e9, est tr\u00e8s fatigu\u00e9e. Fatigu\u00e9e de son embastillement, de nombreuses r\u00e9pressions et pers\u00e9cutions, fatigu\u00e9e aussi de la pr\u00e9carit\u00e9 et de la paup\u00e9risation indicible dans laquelle elle est plong\u00e9e depuis plus de 50 ans. Pourtant, le pouvoir RPT\/UNIR, plus que cinquantenaire, feint de ne pas entendre les cris de d\u00e9tresse de ces nombreuses familles condamn\u00e9es \u00e0 partager la chose la mieux vant\u00e9e au Togo\u00a0: la mis\u00e8re. La pr\u00e9fecture de Bassar n\u2019est pas du reste. En d\u00e9pit de ses innombrables richesses et de sa valeureuse population, elle est rest\u00e9e mis\u00e9reuse et tr\u00e8s en marge du d\u00e9veloppement tant clam\u00e9 par le gouvernement.<\/p>\n<p>A l\u2019issue du dialogue tant r\u00e9clam\u00e9 par le CST\u00a0et qui a accouch\u00e9 d\u2019une souris, le gouvernement n\u2019\u00e9tant pas toujours pr\u00eat, secret de polichinelle, \u00e0 cr\u00e9er un cadre propice \u00e0 des \u00e9lections transparentes, les l\u00e9gislatives auront lieu le 25 juillet 2013. Les questions essentielles, telles\u00a0la\u00a0recomposition\u00a0de la CENI\u00a0et de ses d\u00e9membrements, le d\u00e9coupage \u00e9lectoral, etc. ont \u00e9t\u00e9 \u00e9vacu\u00e9es. Ce manque de volont\u00e9 politique et ces errements cautionn\u00e9s par certains partis politiques ne sont pas de nature \u00e0 favoriser la r\u00e9solution d\u00e9finitive de la crise togolaise\u00a0qui n\u2019a que trop dur\u00e9. Malgr\u00e9 les rapports d\u2019observation des \u00e9lections\u00a0 de 2007 et 2010 de l\u2019UE, de la CEDEAO, de l\u2019OIF, les recommandations de la CVJR\u00a0et les pressions \u00a0des chancelleries occidentales, des organisations internationales, du coll\u00e8ge des Ev\u00eaques du Togo, \u00a0et de l\u2019Eglise M\u00e9thodiste du Togo le pouvoir UNIR\/UFC est rest\u00e9 entier dans sa logique d\u2019organiser des \u00e9lections contestables dont les suites sont toujours d\u00e9plorables et f\u00e2cheuses.<\/p>\n<p>Rassurez-vous, Excellence Monsieur le Pr\u00e9sident\u00a0; que le peuple togolais\u00a0n\u2019est plus dupe. Il a compris que le v\u00e9ritable obstacle \u00e0 la r\u00e9solution de la crise togolaise\u00a0est bel et bien le gouvernement RPT\/UNIR\/UFC, tr\u00e8s d\u00e9termin\u00e9 \u00e0 s\u2019agripper au pouvoir m\u00eame si les Togolais\u00a0n\u2019ont pas le minimum vital, m\u00eame si des mouvements sociaux expression\u00a0d\u2019un d\u00e9saveu total sont l\u00e9gion depuis un certain temps, m\u00eame si les forces de s\u00e9curit\u00e9 peuvent tirer \u00e0 bout portant et \u00e0 balles r\u00e9elles sur les \u00e9l\u00e8ves soutenant les revendications l\u00e9gitimes de leurs enseignants. La mort d\u2019Anselme Gouyano Sinandare, celle de Sinalengue\u00a0Douti, celle\u00a0 Etienne\u00a0YAKANOU et bien d\u2019autres ne sont-elles pas des morts de plus? Le gouvernement ne devrait-il pas profiter de ces malheureuses occasions pour d\u00e9crisper une fois de bon la situation politique, \u00e9conomique et sociale\u00a0 de notre pays? Il n\u2019en est rien\u00a0!<\/p>\n<p>Excellence Monsieur le Pr\u00e9sident !<\/p>\n<p>Militants et Militantes de l\u2019ANC!<\/p>\n<p>La bonne gouvernance, le changement, du point de vue du syst\u00e8me cinquantenaire RPT\/UNIR\/UFC, c\u2019est d\u2019affamer les populations, refuser de satisfaire leurs revendications, les priver de leurs droits les plus inali\u00e9nables, et de leur promettre, \u00e0 chaque \u00e9ch\u00e9ance \u00e9lectorale, un paradis dont l\u2019horizon devient lointain apr\u00e8s une victoire vol\u00e9e.<\/p>\n<p>Parviendra-t-on \u00e0 arr\u00eater ce cycle infernal\u00a0?<\/p>\n<p>La r\u00e9ponse ne peut \u00eatre qu\u2019affirmative compte tenu de la volont\u00e9 du changement manifest\u00e9e par les populations, m\u00eames celles du Togo profond.<\/p>\n<p>Apr\u00e8s avoir manqu\u00e9 de nous rassembler, on croit changer \u00e0 travers unir, alors que la famille du fondateur est plus que divis\u00e9e. Qui se moque de qui?<\/p>\n<p>La population de Bassar\u00a0croit au changement et est plus que jamais d\u00e9termin\u00e9e \u00e0 h\u00e2ter son av\u00e8nement. Lors de notre campagne de porte \u00e0 porte, qui contraste avec celle fastueuse et sans vergogne de nos adversaires politiques, nous enregistrons\u00a0de vibrants t\u00e9moignages qui nous rassurent\u00a0quant \u00e0 cette volont\u00e9 in\u00e9branlable de changement. Partout o\u00f9 nous sommes pass\u00e9s, nous avons \u00e9t\u00e9 l\u2019objet d\u2019un accueil enthousiaste\u00a0 et d\u2019une attention particuli\u00e8re de la part de la population, preuve que nos nobles id\u00e9aux sont accept\u00e9s par tous. Aujourd\u2019hui plus que jamais, au vu du rejet cinglant dont sont l\u2019objet des d\u00e9l\u00e9gations d\u2019UNIR dans plusieurs villages, et de l\u2019engagement des populations \u00e0 nos c\u00f4t\u00e9s, il est clair que la pr\u00e9fecture de Bassar\u00a0n\u2019est plus la chasse gard\u00e9e du parti au pouvoir, il ne l\u2019a d\u2019ailleurs jamais \u00e9t\u00e9 contrairement aux pr\u00e9tentions de certains de ses indignes fils qui ont tent\u00e9 de la brader. Les remous et violences au stade hier en sont un corollaire et prouvent \u00e0 suffisance que les intimidations de tout genre, les manipulations de conscience d\u2019un autre \u00e2ge, et l\u2019instrumentalisation partisane des populations sont en voie de disparition.<\/p>\n<p>\u00a0Cet espoir de renouveau est \u00e0 mettre \u00e0 l\u2019actif du combat inlassable que m\u00e8ne le CST\u00a0en vue de l\u2019instauration d\u2019un v\u00e9ritable Etat de Droit au Togo. Cette lutte incarn\u00e9e par ces leaders infatigables dont vous \u00eates, son Excellence le m\u00e9tronome, est \u00e0 l\u2019origine de l\u2019acharnement dont le gouvernement fait montre\u00a0\u00e0 l\u2019encontre du CST\u00a0et de ses militants. La preuve vivante en est cette m\u00e9chante et rocambolesque histoire des incendies des grands march\u00e9s de Kara\u00a0et de Lom\u00e9, mont\u00e9e de toutes pi\u00e8ces par le gouvernement pour liquider les potentiels candidats de taille aux l\u00e9gislatives. Bassar en a pay\u00e9 un lourd tribut parce que sur les cinq personnes arr\u00eat\u00e9es dans cette affaire \u00e0 Kara,\u00a0\u00a0 nous en comptons quatre qui sont originaires de cette pr\u00e9fecture. Je suis l\u2019une de ces victimes innocentes emprisonn\u00e9e, lib\u00e9r\u00e9e provisoirement apr\u00e8s quarante jours de d\u00e9tention dans les ge\u00f4les de Kara, dans les m\u00eames cellules que celles des d\u00e9tenus politiques de Bassar de 1992-93, 2007 et 2010. Actuellement, trois fils bassar y sont innocemment d\u00e9tenus depuis pr\u00e8s de 6 mois dans un silence complice de certains cadres Bassar qui pr\u00e9tendent vouloir le bien de leur localit\u00e9.<\/p>\n<p>Excellence Monsieur le Pr\u00e9sident !<\/p>\n<p>Merci de continuer de vous battre comme vous l\u2019avez fait pour ma propre\u00a0lib\u00e9ration, moi NAPO\u00a0Tchin\u00a0, afin que mes petits fr\u00e8res\u00a0, NABOUDJA\u00a0Bouraima\u00a0de Nangbani, NAPO\u00a0Tchein\u00a0de Kabou\u00a0Sara\u00a0et KAMING\u00a0Pyabalo de T\u00e9m\u00e9m\u00e9, soient aussi \u00e9largis pour soulager les souffrances de leur famille.<\/p>\n<p>La confiance que vous avez port\u00e9e aux candidats de la liste du CST-ANC n\u2019est pas un leurre, car ils sont tous des enseignants chevronn\u00e9s et leur probit\u00e9 ne fait l\u2019ombre d\u2019aucun doute. Ce sont d\u2019ailleurs les qualit\u00e9s et les valeurs essentielles dont doit faire preuve tout parlementaire. Les enseignants sont des citoyens qui ont choisi d\u2019\u00eatre au service de leurs concitoyens, fonction\u00a0 qui n\u2019est diff\u00e9rente de celle d\u2019un d\u00e9put\u00e9. Ils poss\u00e8dent donc les qualit\u00e9s qui les pr\u00e9disposent \u00e0 cette fonction\u00a0: disponibilit\u00e9 et t\u00e9nacit\u00e9, comp\u00e9tence et engagement.<\/p>\n<p>Enfin, nous vous rassurons\u00a0que la population de Bassar, \u00e0 l\u2019instar de celles des autres pr\u00e9fectures que vous avez visit\u00e9es, est \u00e9prise de d\u00e9mocratie et de changement v\u00e9ritable pour lesquels vous vous battez inlassablement depuis plusieurs d\u00e9cennies.\u00a0 Son engagement \u00e0 vos c\u00f4t\u00e9s est total et sinc\u00e8re.<\/p>\n<p>\u00a0Vous pouvez compter sur elle pour l\u2019av\u00e8nement d\u2019un Togo nouveau, qui na\u00eetra au lendemain de notre victoire.<\/p>\n<p>Excellence Monsieur le Pr\u00e9sident !<\/p>\n<p>\u00a0Militants et Militantes du CST!<\/p>\n<p>\u00a0C\u2019est aujourd\u2019hui le temps du changement !<\/p>\n<p>\u00a0C\u2019est aujourd\u2019hui l\u2019heure de l\u2019alternance au Togo !<\/p>\n<p>Un jour nouveau doit se lever \u00e0 partir de ces \u00e9lections l\u00e9gislatives 2013.<\/p>\n<p>Votons donc utile pour un changement radical et int\u00e9gral<\/p>\n<p><b>Je vous remercie.<\/b><\/p>\n<p><b>\u00a0<\/b><b>Fait \u00e0 Bassar, le 18 Juillet 2013<\/b><\/p>\n","protected":false},"excerpt":{"rendered":"<p>C&#8217;est avec beaucoup d&#8217;int\u00e9r\u00eat que le MTN\u00a0suit la campagne de Martin\u00a0Tchin\u00a0Napo, candidat du CST- ANC aux \u00e9lections l\u00e9gislatives \u00a0\u00e0 Bassar.Mr\u00a0Martin Tchin\u00a0Napo\u00a0(MTN)\u00a0 est ancien leader du mouvement estudiantin et actuellement enseignant chercheur \u00e0 l&#8217; Universit\u00e9 de Kara. Homme\u00a0 de grande conviction,d\u00e9termin\u00e9, courageux et pragmatique, s&#8217;il est \u00e9lu, Bassar aura la chance d&#8217;avoir un repr\u00e9sentant digne de [&hellip;]<\/p>\n","protected":false},"author":7,"featured_media":0,"comment_status":"closed","ping_status":"open","sticky":false,"template":"","format":"standard","meta":[],"categories":[1],"tags":[461,462,463,460,458,459,131],"_links":{"self":[{"href":"http:\/\/mtn-togo.org\/index.php?rest_route=\/wp\/v2\/posts\/2987"}],"collection":[{"href":"http:\/\/mtn-togo.org\/index.php?rest_route=\/wp\/v2\/posts"}],"about":[{"href":"http:\/\/mtn-togo.org\/index.php?rest_route=\/wp\/v2\/types\/post"}],"author":[{"embeddable":true,"href":"http:\/\/mtn-togo.org\/index.php?rest_route=\/wp\/v2\/users\/7"}],"replies":[{"embeddable":true,"href":"http:\/\/mtn-togo.org\/index.php?rest_route=%2Fwp%2Fv2%2Fcomments&post=2987"}],"version-history":[{"count":2,"href":"http:\/\/mtn-togo.org\/index.php?rest_route=\/wp\/v2\/posts\/2987\/revisions"}],"predecessor-version":[{"id":2990,"href":"http:\/\/mtn-togo.org\/index.php?rest_route=\/wp\/v2\/posts\/2987\/revisions\/2990"}],"wp:attachment":[{"href":"http:\/\/mtn-togo.org\/index.php?rest_route=%2Fwp%2Fv2%2Fmedia&parent=2987"}],"wp:term":[{"taxonomy":"category","embeddable":true,"href":"http:\/\/mtn-togo.org\/index.php?rest_route=%2Fwp%2Fv2%2Fcategories&post=2987"},{"taxonomy":"post_tag","embeddable":true,"href":"http:\/\/mtn-togo.org\/index.php?rest_route=%2Fwp%2Fv2%2Ftags&post=2987"}],"curies":[{"name":"wp","href":"https:\/\/api.w.org\/{rel}","templated":true}]}}