{"id":2994,"date":"2013-07-25T21:01:44","date_gmt":"2013-07-26T02:01:44","guid":{"rendered":"http:\/\/mtn-togo.org\/?p=2994"},"modified":"2013-07-25T21:06:04","modified_gmt":"2013-07-26T02:06:04","slug":"des-forces-de-lordre-envahissent-la-radio-legende-fm-en-pleine-emission","status":"publish","type":"post","link":"http:\/\/mtn-togo.org\/?p=2994","title":{"rendered":"Des forces de l\u2019ordre envahissent la Radio L\u00e9gende FM en pleine \u00e9mission"},"content":{"rendered":"<p><a href=\"http:\/\/mtn-togo.org\/wp-content\/uploads\/2013\/07\/Radio-L\u00e9gende-envahie-par-les-gendarmes.jpg\"><img loading=\"lazy\" class=\"alignleft size-medium wp-image-2997\" alt=\"Radio L\u00e9gende  envahie par les gendarmes\" src=\"http:\/\/mtn-togo.org\/wp-content\/uploads\/2013\/07\/Radio-L\u00e9gende-envahie-par-les-gendarmes-300x225.jpg\" width=\"300\" height=\"225\" srcset=\"http:\/\/mtn-togo.org\/wp-content\/uploads\/2013\/07\/Radio-L\u00e9gende-envahie-par-les-gendarmes-300x225.jpg 300w, http:\/\/mtn-togo.org\/wp-content\/uploads\/2013\/07\/Radio-L\u00e9gende-envahie-par-les-gendarmes.jpg 960w\" sizes=\"(max-width: 300px) 100vw, 300px\" \/><\/a>Dans le cadre du scrutin d\u2019hier, la Radio L\u00e9gende FM a organis\u00e9 \u00e9mission sp\u00e9ciale dans le but d\u2019informer le public du d\u00e9roulement processus \u00e9lectoral. Une \u00e9mission pour laquelle plusieurs journalistes de la presse priv\u00e9e, y compris ceux de la radio elle-m\u00eame se sont mobilis\u00e9s.<!--more-->\u00a0C\u2019est ainsi que les journalistes d\u00e9p\u00each\u00e9s sur le terrain, les correspondants\u00a0\u00e0 l\u2019int\u00e9rieur du pays ainsi que ceux qui \u00e9taient dans les studios donnaient des informations pr\u00e9cises dans les endroits o\u00f9 tout allait bien et les manquements et irr\u00e9gularit\u00e9s constat\u00e9s ailleurs. Et gr\u00e2ce \u00e0 cette \u00e9mission, plusieurs anomalies ont \u00e9t\u00e9 corrig\u00e9es dans certains bureaux de vote. Mais au Togo, on n\u2019aime pas les bonnes choses. Sur instruction du ministre de l\u2019Administration territoriale, a-t-on appris, la HAAC a d\u00e9cid\u00e9 de fermer la radio sans autre forme de proc\u00e8s.<\/p>\n<p>\u00ab\u00a0<i>Nous \u00e9tions en pleine \u00e9mission apr\u00e8s avoir fait le tour des centres de vote et revenu au studio pour des analyses comme cela se fait dans les pays civilis\u00e9s, quand un officier de la gendarmerie et ses \u00e9l\u00e9ments ont d\u00e9barqu\u00e9 dans le studio bleu pour nous intimer l&#8217;ordre de cesser l&#8217;\u00e9mission sur la station de radio \u00ab\u00a0La L\u00e9gende Fm\u00a0\u00bb. Nous lui avons demand\u00e9 s&#8217;il \u00e9tait muni d&#8217;un mandat parce que l&#8217;autorit\u00e9 est cens\u00e9e conna\u00eetre les r\u00e8gles qui r\u00e9gissent la profession. Alors l&#8217;ordre nous a \u00e9t\u00e9 donn\u00e9 d&#8217;\u00e9vacuer le studio sur instance. Nous avons \u00e9t\u00e9 dans un premier temps r\u00e9ticents parce que rien ne justifiait cette intrusion des forces de l&#8217;ordre au sein d&#8217;une station de radio, sans mandat pour suspendre l&#8217;\u00e9mission. Non contents d&#8217;avoir vu les journalistes ex\u00e9cut\u00e9s son ordre, ils nous ont demand\u00e9 o\u00f9 se trouvait l&#8217;\u00e9metteur. Fermez les portes et descendez tous en bas\u00a0\u00bb<\/i>\u00a0\u00bb, raconte Idelphonse\u00a0Akpaki.<\/p>\n<p>Une intervention d\u2019un d\u00e9tachement de la FOSEL qui a cr\u00e9\u00e9 pendant plusieurs heures une tension devant la radio entre les forces de l\u2019ordre et les auditeurs.<\/p>\n<p align=\"center\"><b>Coco T<\/b><\/p>\n","protected":false},"excerpt":{"rendered":"<p>Dans le cadre du scrutin d\u2019hier, la Radio L\u00e9gende FM a organis\u00e9 \u00e9mission sp\u00e9ciale dans le but d\u2019informer le public du d\u00e9roulement processus \u00e9lectoral. Une \u00e9mission pour laquelle plusieurs journalistes de la presse priv\u00e9e, y compris ceux de la radio elle-m\u00eame se sont mobilis\u00e9s.<\/p>\n","protected":false},"author":7,"featured_media":0,"comment_status":"closed","ping_status":"open","sticky":false,"template":"","format":"standard","meta":[],"categories":[1],"tags":[],"_links":{"self":[{"href":"http:\/\/mtn-togo.org\/index.php?rest_route=\/wp\/v2\/posts\/2994"}],"collection":[{"href":"http:\/\/mtn-togo.org\/index.php?rest_route=\/wp\/v2\/posts"}],"about":[{"href":"http:\/\/mtn-togo.org\/index.php?rest_route=\/wp\/v2\/types\/post"}],"author":[{"embeddable":true,"href":"http:\/\/mtn-togo.org\/index.php?rest_route=\/wp\/v2\/users\/7"}],"replies":[{"embeddable":true,"href":"http:\/\/mtn-togo.org\/index.php?rest_route=%2Fwp%2Fv2%2Fcomments&post=2994"}],"version-history":[{"count":3,"href":"http:\/\/mtn-togo.org\/index.php?rest_route=\/wp\/v2\/posts\/2994\/revisions"}],"predecessor-version":[{"id":2996,"href":"http:\/\/mtn-togo.org\/index.php?rest_route=\/wp\/v2\/posts\/2994\/revisions\/2996"}],"wp:attachment":[{"href":"http:\/\/mtn-togo.org\/index.php?rest_route=%2Fwp%2Fv2%2Fmedia&parent=2994"}],"wp:term":[{"taxonomy":"category","embeddable":true,"href":"http:\/\/mtn-togo.org\/index.php?rest_route=%2Fwp%2Fv2%2Fcategories&post=2994"},{"taxonomy":"post_tag","embeddable":true,"href":"http:\/\/mtn-togo.org\/index.php?rest_route=%2Fwp%2Fv2%2Ftags&post=2994"}],"curies":[{"name":"wp","href":"https:\/\/api.w.org\/{rel}","templated":true}]}}