{"id":3038,"date":"2013-07-30T06:58:44","date_gmt":"2013-07-30T11:58:44","guid":{"rendered":"http:\/\/mtn-togo.org\/?p=3038"},"modified":"2013-07-31T11:59:43","modified_gmt":"2013-07-31T16:59:43","slug":"agbeyome-kodjo-president-de-obuts-a-ete-empeche-de-traverser-la-frontiere-de-togo-benin","status":"publish","type":"post","link":"http:\/\/mtn-togo.org\/?p=3038","title":{"rendered":"Agbeyom\u00e9 Kodjo , pr\u00e9sident d&#8217; OBUTS, a \u00e9t\u00e9 emp\u00each\u00e9 de traverser la fronti\u00e8re  Togo B\u00e9nin."},"content":{"rendered":"<p><a href=\"http:\/\/mtn-togo.org\/wp-content\/uploads\/2013\/02\/Agbeyome-Kodjo.bmp\"><img class=\"alignleft size-medium wp-image-2699\" alt=\"Agbeyome Kodjo\" src=\"http:\/\/mtn-togo.org\/wp-content\/uploads\/2013\/02\/Agbeyome-Kodjo.bmp\" \/><\/a>A peine les r\u00e9sultats partiels provisoires proclam\u00e9s par la C\u00e9ni \u00e0 l\u2019issue des \u00e9lections l\u00e9gislatives, que des responsables de l\u2019opposition se trouvent en difficult\u00e9 du fait de l\u2019affaire des incendies.<br \/>\n<!--more--><br \/>\nLe dimanche 28 juillet au soir, les passagers \u00e0 la fronti\u00e8re de Sanvee\u00a0Condji\u00a0ont assist\u00e9 m\u00e9dus\u00e9s \u00e0 une sc\u00e8ne. D\u00e9j\u00e0 consid\u00e9r\u00e9 contre une victime de la strat\u00e9gie de pers\u00e9cution de l\u2019opposition reproch\u00e9e au pouvoir de Faure\u00a0Gnassingb\u00e9, l\u2019ancien Premier ministre Agb\u00e9yom\u00e9 Kodjo a \u00e9t\u00e9 emp\u00each\u00e9 par la police, de traverser la fronti\u00e8re. Par ailleurs pr\u00e9sident de la formation politique d\u00e9nomm\u00e9e Organisation pour b\u00e2tir dans l\u2019union un Togo solidaire (Obuts), M. Kodjo a indiqu\u00e9 qu\u2019il se rendait \u00e0 Cotonou, o\u00f9 il devrait donner une conf\u00e9rence ce lundi, 29 juillet dans la matin\u00e9e.<\/p>\n<p>\u00ab Un officier de police m\u2019a indiqu\u00e9 que j\u2019\u00e9tais sous inculpation dans l\u2019affaire des incendies et que je ne pouvais pas traverser la fronti\u00e8re sans une autorisation du juge \u00bb, a expliqu\u00e9 \u00e0 koaci.com, Agb\u00e9yom\u00e9 Kodjo qui avait la rejet\u00e9 \u00ab cat\u00e9goriquement \u00bb la veille, les r\u00e9sultats des \u00e9lections l\u00e9gislatives de la circonscription de Yoto, le donnant perdant. L\u2019ancien Premier ministre estime que cela est un \u00ab scandale \u00bb, parce que les discussions qui ont eu lieu \u00e0 la veille de la tenue des \u00e9lections l\u00e9gislatives ont r\u00e9gl\u00e9 le probl\u00e8me. Contact\u00e9 par un confr\u00e8re, le Ministre de l\u2019Administration territoriale Gilbert Bawara, a affirm\u00e9 que ce n\u2019est pas le cas. \u00ab C\u2019est une affaire judiciaire et seul le juge peut en toute libert\u00e9 prendre les d\u00e9cisions qui conviennent \u00bb, a indiqu\u00e9 le Ministre qui a particip\u00e9 aux discussions au nom du Gouvernement.<\/p>\n<p>Ainsi emp\u00each\u00e9 de se rendre \u00e0 Cotonou, pour dit-il aller donner une conf\u00e9rence, Agb\u00e9yom\u00e9 Kodjo a saisi l\u2019ancien pr\u00e9sident de la Commission V\u00e9rit\u00e9, Justice, R\u00e9conciliation (CVJR). Mgr, Nicod\u00e8me Barrigah a servi de facilitateur\u00a0lors des discussions. Il aurait promis de r\u00e9gler le probl\u00e8me, selon le pr\u00e9sident de l\u2019Obuts, formation politique membre du Collectif \u00ab Sauvons le Togo \u00bb, arriv\u00e9 second avec 19 si\u00e8ges selon les r\u00e9sultats de la Commission pr\u00e9sid\u00e9e par Mme Ang\u00e8le Dola Aguigah. Des r\u00e9sultats partiels contest\u00e9s par le Cst qui devrait rendre public dans les heures qui viennent, les r\u00e9sultats issus de la compilation des r\u00e9sultats sur la base des proc\u00e8s verbaux ramen\u00e9s par ses d\u00e9l\u00e9gu\u00e9s dans les bureaux de vote.<\/p>\n<p>D\u00e9j\u00e0 le samedi 27 juillet, des \u00e9l\u00e9ments de la gendarmerie nationale ont mis la main sur Manti\u00a0Kwami. L\u2019ancien d\u00e9put\u00e9 de l\u2019Alliance nationale de changement (Anc) avait r\u00e9ussi \u00e0 se mettre \u00e0 l\u2019abri depuis 7 mois. Accus\u00e9 d\u2019avoir financ\u00e9 certains jeunes aux fins d\u2019incendier certains march\u00e9s p\u00e9riph\u00e9riques dans de la capitale, ce dans la foul\u00e9es des incendies des march\u00e9s de Kara et Lom\u00e9, l\u2019ancien d\u00e9put\u00e9 a \u00e9t\u00e9 interpel\u00e9 tout comme une dame qui serait son parent.<\/p>\n<p>Une situation qui n\u2019est pas sans raviver la tension qui pr\u00e9vaut d\u00e9j\u00e0 avec la contestation des r\u00e9sultats par certains opposants.<\/p>\n<p>Aghu\u00a0\u00a0\u00a0 www. \u00a0koaci.com<\/p>\n","protected":false},"excerpt":{"rendered":"<p>A peine les r\u00e9sultats partiels provisoires proclam\u00e9s par la C\u00e9ni \u00e0 l\u2019issue des \u00e9lections l\u00e9gislatives, que des responsables de l\u2019opposition se trouvent en difficult\u00e9 du fait de l\u2019affaire des incendies.<\/p>\n","protected":false},"author":7,"featured_media":0,"comment_status":"closed","ping_status":"open","sticky":false,"template":"","format":"standard","meta":[],"categories":[1],"tags":[],"_links":{"self":[{"href":"http:\/\/mtn-togo.org\/index.php?rest_route=\/wp\/v2\/posts\/3038"}],"collection":[{"href":"http:\/\/mtn-togo.org\/index.php?rest_route=\/wp\/v2\/posts"}],"about":[{"href":"http:\/\/mtn-togo.org\/index.php?rest_route=\/wp\/v2\/types\/post"}],"author":[{"embeddable":true,"href":"http:\/\/mtn-togo.org\/index.php?rest_route=\/wp\/v2\/users\/7"}],"replies":[{"embeddable":true,"href":"http:\/\/mtn-togo.org\/index.php?rest_route=%2Fwp%2Fv2%2Fcomments&post=3038"}],"version-history":[{"count":3,"href":"http:\/\/mtn-togo.org\/index.php?rest_route=\/wp\/v2\/posts\/3038\/revisions"}],"predecessor-version":[{"id":3045,"href":"http:\/\/mtn-togo.org\/index.php?rest_route=\/wp\/v2\/posts\/3038\/revisions\/3045"}],"wp:attachment":[{"href":"http:\/\/mtn-togo.org\/index.php?rest_route=%2Fwp%2Fv2%2Fmedia&parent=3038"}],"wp:term":[{"taxonomy":"category","embeddable":true,"href":"http:\/\/mtn-togo.org\/index.php?rest_route=%2Fwp%2Fv2%2Fcategories&post=3038"},{"taxonomy":"post_tag","embeddable":true,"href":"http:\/\/mtn-togo.org\/index.php?rest_route=%2Fwp%2Fv2%2Ftags&post=3038"}],"curies":[{"name":"wp","href":"https:\/\/api.w.org\/{rel}","templated":true}]}}