{"id":3052,"date":"2013-08-04T07:17:59","date_gmt":"2013-08-04T12:17:59","guid":{"rendered":"http:\/\/mtn-togo.org\/?p=3052"},"modified":"2013-08-04T07:17:59","modified_gmt":"2013-08-04T12:17:59","slug":"togo-succes-relatif-de-la-marche-de-cst-ce-samedi-a-lome","status":"publish","type":"post","link":"http:\/\/mtn-togo.org\/?p=3052","title":{"rendered":"Togo : Succ\u00e8s relatif de la marche de CST ce samedi \u00e0 Lom\u00e9"},"content":{"rendered":"<p>\u00a0<a href=\"http:\/\/mtn-togo.org\/wp-content\/uploads\/2012\/07\/Manif-CST-FRAC-21-juillet-20122.jpg\"><img loading=\"lazy\" class=\"alignleft size-medium wp-image-1284\" alt=\"Manif-CST-FRAC-21-ao\u00fbt\" src=\"http:\/\/mtn-togo.org\/wp-content\/uploads\/2012\/07\/Manif-CST-FRAC-21-juillet-20122-300x227.jpg\" width=\"300\" height=\"227\" srcset=\"http:\/\/mtn-togo.org\/wp-content\/uploads\/2012\/07\/Manif-CST-FRAC-21-juillet-20122-300x227.jpg 300w, http:\/\/mtn-togo.org\/wp-content\/uploads\/2012\/07\/Manif-CST-FRAC-21-juillet-20122.jpg 395w\" sizes=\"(max-width: 300px) 100vw, 300px\" \/><\/a>Apr\u00e8s la d\u00e9b\u00e2cle de l\u2019opposition dans son ensemble, beaucoup de voix se sont \u00e9lev\u00e9es pour appeler \u00e0 un changement d\u2019option. 0n croyait alors \u00e0 une faible mobilisation pour la marche de ce samedi \u00e0 Lom\u00e9, mais les militants du Cst \u00e9taient relativement nombreux au rendez-vous.<!--more--><\/p>\n<p>Au regard de la relative mobilisation \u00e0 la marche de ce samedi, quelques jours seulement apr\u00e8s l\u2019annonce de la d\u00e9b\u00e2cle inattendue de l\u2019opposition \u00e0 l\u2019issue des \u00e9lections l\u00e9gislatives, on peut affirmer que les militants du Collectif \u00ab Sauvons le Togo \u00bb tiennent toujours \u00e0 leur qu\u00eate de changement. Mieux ils ont ainsi tenu \u00e0 renouveler leur confiance en leurs leaders contre lesquels des critiques fusent et des rumeurs malveillantes sont distill\u00e9es. \u00ab Nous continuerons par marcher jusqu\u2019\u00e0 ce que l\u2019\u2019alternance intervienne au Togo aussi \u00bb, d\u00e9clarait ce matin J\u00e9r\u00f4me, un militant de l\u2019Alliance nationale pour le changement (Anc).<\/p>\n<p>A l\u2019issue des \u00e9lections l\u00e9gislatives, le Cst\u00a0est selon les r\u00e9sultats provisoires proclam\u00e9s par la Commission \u00e9lectorale, revenu avec 19 si\u00e8ges sur 91, contre 62 pour Unir, le parti de Faure\u00a0Gnassingb\u00e9. Des r\u00e9sultats que contestent les responsables et militants du Collectif. \u00ab Les r\u00e9sultats nous donnent perdants, mais nous n\u2019avons pas perdu ces \u00e9lections \u00bb, a martel\u00e9 ce samedi \u00e0 la plage Alphonce\u00a0Kpogo, Secr\u00e9taire G\u00e9n\u00e9ral de l\u2019Alliance des d\u00e9mocrates pour le d\u00e9veloppement int\u00e9gral (Addi). C\u2019est devant environ deux milliers de militants \u00e0 la \u00ab Plage du changement \u00bb, lors du meeting apoth\u00e9ose \u00e0 la marche.<\/p>\n<p>Comme Alphonse Kpogo, le coordonnateur du Cst\u00a0Me Zeus\u00a0Ajavon, croit que le changement va intervenir au Togo dans un bref d\u00e9lai, voire de fa\u00e7on subite. Il a convi\u00e9 les militants de l\u2019opposition \u00e0 ne pas c\u00e9der \u00e0 la d\u00e9mobilisation. Deux \u00e9ch\u00e9ances attendent les Togolais, les \u00e9lections locales qui sont annonc\u00e9es pour la fin de cette ann\u00e9e, et l\u2019\u00e9lection pr\u00e9sidentielle de 2015, celle de toutes les attentes de voir se r\u00e9aliser l\u2019alternance politique. \u00ab Nous avons souhait\u00e9 que les r\u00e9formes se fassent avant la tenue des \u00e9lections, mais certains ont soutenu qu\u2019on pourrait aller \u00e0 ces \u00e9lections \u00e0 deux conditions : notre pr\u00e9sence dans les C\u00e9li et dans les bureaux de vote. Aujourd\u2019hui, tout le monde doit en tirer les le\u00e7ons \u00bb, a d\u00e9clar\u00e9 Me Zeus\u00a0Ajavon. Une pierre lanc\u00e9e dans le jardin de la Coalition Arc-en-ciel.<\/p>\n<p>Come\u00a0d\u2019habitude, c\u2019est au tour du leader du Cst\u00a0de cl\u00f4turer les interventions du meeting hebdomadaire \u00e0 la plage. Un rituel qui a de beaux jours devant, malgr\u00e9 les critiques pour arr\u00eater la banalisation des marches. D\u2019ailleurs, un autre rendez-vous est donn\u00e9 aux militants sous huitaine pour une autre marche.<\/p>\n<p>Jean-Pierre Fabre\u00a0a \u00e9galement convi\u00e9 les militants \u00e0 maintenir la flamme de la contestation du syst\u00e8me en place. On n\u2019en saura pas davantage sur les intentions du Cst en dehors de la d\u00e9termination affirm\u00e9e \u00e0 voir se r\u00e9aliser les r\u00e9formes constitutionnelles et institutionnelles avant la tenue des prochaines \u00e9ch\u00e9ances \u00e9lectorales.<\/p>\n<p>En attendant, les yeux sont riv\u00e9s sans un v\u00e9ritable suspense sur la Cour Constitutionnelle, qui va devoir officialiser les r\u00e9sultats d\u00e9finitifs des \u00e9lections. Seule curiosit\u00e9, la r\u00e9ponse que sera faite \u00e0 la plainte de la liste Sursaut nationale dans la circonscription \u00e9lectorale de Dankpen. All\u00e9guant preuves \u00e0 l\u2019appui des irr\u00e9gularit\u00e9s et autres formes de fraudes des partisans du parti de Faure Gnassingb\u00e9, les candidats de la liste des ind\u00e9pendants dans cette circonscription remport\u00e9e par Unir, demande l\u2019annulation pure et simple du vote.<\/p>\n<p>Aghu <a href=\"http:\/\/www.koaci.com\/\">www.koaci.com<\/a><\/p>\n","protected":false},"excerpt":{"rendered":"<p>\u00a0Apr\u00e8s la d\u00e9b\u00e2cle de l\u2019opposition dans son ensemble, beaucoup de voix se sont \u00e9lev\u00e9es pour appeler \u00e0 un changement d\u2019option. 0n croyait alors \u00e0 une faible mobilisation pour la marche de ce samedi \u00e0 Lom\u00e9, mais les militants du Cst \u00e9taient relativement nombreux au rendez-vous.<\/p>\n","protected":false},"author":7,"featured_media":0,"comment_status":"closed","ping_status":"open","sticky":false,"template":"","format":"standard","meta":[],"categories":[1],"tags":[],"_links":{"self":[{"href":"http:\/\/mtn-togo.org\/index.php?rest_route=\/wp\/v2\/posts\/3052"}],"collection":[{"href":"http:\/\/mtn-togo.org\/index.php?rest_route=\/wp\/v2\/posts"}],"about":[{"href":"http:\/\/mtn-togo.org\/index.php?rest_route=\/wp\/v2\/types\/post"}],"author":[{"embeddable":true,"href":"http:\/\/mtn-togo.org\/index.php?rest_route=\/wp\/v2\/users\/7"}],"replies":[{"embeddable":true,"href":"http:\/\/mtn-togo.org\/index.php?rest_route=%2Fwp%2Fv2%2Fcomments&post=3052"}],"version-history":[{"count":1,"href":"http:\/\/mtn-togo.org\/index.php?rest_route=\/wp\/v2\/posts\/3052\/revisions"}],"predecessor-version":[{"id":3053,"href":"http:\/\/mtn-togo.org\/index.php?rest_route=\/wp\/v2\/posts\/3052\/revisions\/3053"}],"wp:attachment":[{"href":"http:\/\/mtn-togo.org\/index.php?rest_route=%2Fwp%2Fv2%2Fmedia&parent=3052"}],"wp:term":[{"taxonomy":"category","embeddable":true,"href":"http:\/\/mtn-togo.org\/index.php?rest_route=%2Fwp%2Fv2%2Fcategories&post=3052"},{"taxonomy":"post_tag","embeddable":true,"href":"http:\/\/mtn-togo.org\/index.php?rest_route=%2Fwp%2Fv2%2Ftags&post=3052"}],"curies":[{"name":"wp","href":"https:\/\/api.w.org\/{rel}","templated":true}]}}