{"id":3082,"date":"2013-08-16T12:46:52","date_gmt":"2013-08-16T17:46:52","guid":{"rendered":"http:\/\/mtn-togo.org\/?p=3082"},"modified":"2013-08-16T12:50:46","modified_gmt":"2013-08-16T17:50:46","slug":"mort-de-jacques-verges-avocat-brillant-redoute-et-parfois-hai","status":"publish","type":"post","link":"http:\/\/mtn-togo.org\/?p=3082","title":{"rendered":"Mort de Jacques Verg\u00e8s, avocat brillant, redout\u00e9 et parfois ha\u00ef"},"content":{"rendered":"<h2>\u00a0<\/h2>\n<p><em><a href=\"http:\/\/mtn-togo.org\/wp-content\/uploads\/2013\/08\/l-avocat-jacques-verges-le-30-janvier-2012.jpg\"><img loading=\"lazy\" class=\"alignleft size-medium wp-image-3083\" alt=\"l-avocat-jacques-verges-le-30-janvier-2012\" src=\"http:\/\/mtn-togo.org\/wp-content\/uploads\/2013\/08\/l-avocat-jacques-verges-le-30-janvier-2012-300x200.jpg\" width=\"300\" height=\"200\" srcset=\"http:\/\/mtn-togo.org\/wp-content\/uploads\/2013\/08\/l-avocat-jacques-verges-le-30-janvier-2012-300x200.jpg 300w, http:\/\/mtn-togo.org\/wp-content\/uploads\/2013\/08\/l-avocat-jacques-verges-le-30-janvier-2012.jpg 534w\" sizes=\"(max-width: 300px) 100vw, 300px\" \/><\/a>Lorsqu&#8217;on lui demandait poliment comment il allait, il r\u00e9pondait, depuis des ann\u00e9es,\u00a0<em>&#8220;incurablement bien&#8221;<\/em>. Mais la vie \u00e9tant finalement chose curable, Jacques Verg\u00e8s a chang\u00e9 d&#8217;id\u00e9e et est mort jeudi 15\u00a0ao\u00fbt, \u00e0 l&#8217;\u00e2ge de 88 ans.<!--more--> Avec un certain panache, dans la chambre m\u00eame o\u00f9 Voltaire a pouss\u00e9 son\u00a0dernier soupir, le 30 mai 1778, comme l&#8217;a d\u00e9couvert <em>L&#8217;Express<\/em>.<\/em><\/p>\n<p><em>&#8220;Il \u00e9tait tr\u00e8s aimaigri, il marchait lentement,<\/em> a indiqu\u00e9 Christian Charri\u00e8re-Bournazel, l&#8217;ancien b\u00e2tonnier de Paris, <em>il avait des difficult\u00e9s \u00e0 parler mais intellectuellement, \u00e9tait intact.&#8221;<\/em> Il se remettait mal d&#8217;une bronchite, et une amie lui avait propos\u00e9 la veille de l&#8217;h\u00e9berger chez elle, quai Voltaire, face au Louvre, o\u00f9 avait v\u00e9cu le grand \u00e9crivain. Jacques Verg\u00e8s s&#8217;est effondr\u00e9 jeudi avant le d\u00eener, comme de juste avant de passer \u00e0 table, et emporte avec lui une foule de petits secrets.<\/p>\n<p>Avocat brillant, redout\u00e9 et parfois ha\u00ef, Me Verg\u00e8s s&#8217;\u00e9tait construit avec un rare plaisir une statue toute de cynisme et de provocation, et feignait d&#8217;aimer qu&#8217;on ne l&#8217;aime pas. Il a confi\u00e9 un jour, entre deux bouff\u00e9es de cigare, <em>&#8220;j&#8217;ai le culte de moi-m\u00eame&#8221;<\/em>, et, agitateur de g\u00e9nie, il avait r\u00e9ussi \u00e0 brouiller \u00e0 plaisir sa propre biographie.<\/p>\n<p><a href=\"http:\/\/www.lemonde.fr\/\">www.lemonde.fr<\/a><\/p>\n<p><strong>Autre son de cloche par <a href=\"http:\/\/www.rfi.fr\/\">www.rfi.fr<\/a><\/strong><\/p>\n<p><strong>\u00a0<\/strong> &#8221;Celui qui aimait \u00e0 se qualifier de \u00absalaud lumineux\u00bb est d\u00e9c\u00e9d\u00e9 \u00e0 Paris ce jeudi 15 ao\u00fbt 2013 d&#8217;un arr\u00eat cardiaque \u00e0 l&#8217;\u00e2ge de 88 ans. Animal m\u00e9diatique, pass\u00e9 ma\u00eetre dans l&#8217;art de la provocation, Jacques Verg\u00e8s \u00e9tait sans doute l&#8217;un des avocats fran\u00e7ais les plus connus mais aussi les plus controvers\u00e9s. Au fil de proc\u00e8s retentissants, cultivant ambigu\u00eft\u00e9 et myst\u00e8res, il avait su se tailler un personnage \u00e0 sa mesure et \u00e0 sa d\u00e9mesure<\/p>\n<p>Dans une interview au journal <em>Sud Ouest<\/em> en f\u00e9vrier 2013, \u00ab\u00a0l\u2019avocat de la terreur \u00bb -c\u2019est le titre du documentaire que lui a consacr\u00e9 Barbet Schroeder- disait : \u00ab <em>J\u2019aurais d\u00fb crever cent fois, mais on m\u2019a rat\u00e9 : un poursuivant qui tombe en panne de voiture, une bombe dans mon appartement alors que je n\u2019y \u00e9tais pas\u2026<\/em> \u00bb. Jacques Verg\u00e8s a finalement succomb\u00e9 \u00e0 un arr\u00eat cardiaque \u00e0 l&#8217;\u00e2ge de 88 ans. Sans doute aurait-il r\u00eav\u00e9 d\u2019une sortie plus \u00e9clatante.<\/p>\n<p>Mais qu&#8217;importe, Jacques Verg\u00e8s a pass\u00e9 sa vie \u00e0 construire sa l\u00e9gende. Sherlock\u00a0Holmes avait sa pipe, Verg\u00e8s c&#8217;\u00e9tait le cigare, qu&#8217;il ne daignait quitter que pour entrer dans les pr\u00e9toires pour y plaider la cause de dictateurs sanguinaires, de militants de l&#8217;action violente, plus rarement de la veuve et l&#8217;orphelin, mais toujours des causes perdues. \u00ab<em>\u00a0Une habitude depuis le jour o\u00f9 le Che m&#8217;a envoy\u00e9 les meilleurs Havane <\/em>\u00bb, expliquait-il, un sourire satisfait aux l\u00e8vres.<\/p>\n<p>Car le roman Jacques Verg\u00e8s est aussi une fresque historique. Derri\u00e8re ses choix d\u2019avocat, c\u2019est toute l\u2019histoire, avec sa grande H, comme dirait Georges P\u00e9rec, qui se d\u00e9roule. Khieu\u00a0Samphan, ancien chef d&#8217;Etat\u00a0cambodgien et ancien chef khmer rouge, le Palestinien Waddi\u00a0Haddad, dirigeant de la \u00ab\u00a0premi\u00e8re multinationale de la terreur\u00a0\u00bb, Georges Ibrahim\u00a0Abdallah, le chef pr\u00e9sum\u00e9 des Fractions arm\u00e9es r\u00e9volutionnaires libanaise, Carlos, le terroriste v\u00e9n\u00e9zu\u00e9lien, Fran\u00e7ois Genoud, le milliardaire suisse nazi, ou encore le Paul Barril, ex-super gendarme fran\u00e7ais proche de l&#8217;ancien pouvoir hutu\u00a0rwandais.\u00a0<\/p>\n<p><strong>\u00ab\u00a0<em>Je suis doubl<\/em><em>e<\/em>\u00a0\u00bb<\/strong><\/p>\n<p>Comme les h\u00e9ros de roman, Jacques Verg\u00e8s aimait \u00e0 rappeler sa dualit\u00e9. \u00ab <em>Je suis double parce que je suis m\u00e9tis<\/em> \u00bb, disait-il pour rappeler ses origines : p\u00e8re r\u00e9unionnais et consul de France en Tha\u00eflande, m\u00e8re vietnamienne. Double aussi peut-\u00eatre en raison d\u2019un fr\u00e8re jumeau, Paul. Ou plut\u00f4t, un fr\u00e8re jumeau suppos\u00e9. On ne sait pas vraiment. Et peu importe sans doute, si ce n\u2019est que le flou des origines conf\u00e8re d\u00e9j\u00e0 une tournure romanesque aux pr\u00e9misses de son existence.<\/p>\n<p>Jacques Verg\u00e8s a pass\u00e9 son enfance et son adolescence \u00e0 La R\u00e9union. En 1942, il n\u2019a pas encore 18 ans lorsqu&#8217;il s\u2019engage dans la r\u00e9sistance. Membre du Parti communiste, il passe ensuite quelques ann\u00e9es \u00e0 Prague \u00e0 l\u2019\u00e9poque o\u00f9 la Tch\u00e9coslovaquie est l\u2019une des dictatures les plus dures de l\u2019URSS. A son retour, il pr\u00eate serment et devient avocat en 1955. A la conf\u00e9rence du stage, un exercice destin\u00e9 \u00e0 r\u00e9compenser les jeunes avocats, son \u00e9loquence fait mouche, il gagne le concours.<\/p>\n<p><strong>La disparition<\/strong><\/p>\n<p>C\u2019est en Alg\u00e9rie que son personnage va prendre de l\u2019ampleur. Il d\u00e9fend des membres du FLN\u00a0et notamment une militante condamn\u00e9e \u00e0 mort qu\u2019il parvient \u00e0 faire gracier Djamila\u00a0Bouhireb. Converti \u00e0 l\u2019islam, il \u00e9pouse la jeune femme devenue l\u2019\u00e9g\u00e9rie de la lutte pour l\u2019ind\u00e9pendance et finit m\u00eame par prendre la nationalit\u00e9 alg\u00e9rienne. Il va ensuite d\u00e9fendre des fedayins palestiniens qui viennent d&#8217;attaquer des avions d\u2019une compagnie isra\u00e9lienne.<\/p>\n<p>Et puis un beau jour de 1970, il dispara\u00eet, abandonnant femme et enfants. Il ne repara\u00eetra qu\u2019en mars 1979 \u00e0 Paris. O\u00f9 \u00e9tait-il ? Qu\u2019a-t-il fait ? Toujours heureux d\u2019intriguer, il a jalousement gard\u00e9 le myst\u00e8re sur cette ellipse, expliquant seulement en guise d\u2019indice qu\u2019il se trouvait alors \u00ab\u00a0<em>tr\u00e8s \u00e0 l&#8217;est de la France<\/em>\u00a0\u00bb\u2026<\/p>\n<p>Comme les h\u00e9ros de roman en qu\u00eate de grandeur, il aura parfois fray\u00e9 avec l\u2019ignominie. Et \u00e0 l\u2019image des h\u00e9ros de Dosto\u00efevski, toujours il aura su brouiller les cartes pour se forger une image toute en contradictions. Gaulliste et stalinien, il a d\u00e9fendu avec la m\u00eame hargne, Magdalena\u00a0Kopp, l\u2019ancienne compagne du terroriste d\u2019extr\u00eame gauche Carlos, et Louise-Yvonne Casetta, la banqui\u00e8re occulte du RPR.<\/p>\n<p>Anticolonialiste, d\u00e9fenseur du tiers-monde, il finira par plaider la cause de quelques incarnations de la Fran\u00e7afrique, comme le Gabonais\u00a0Omar\u00a0Bongo, le Congolais Denis Sassou-Nguesso et le Tchadien\u00a0Idriss\u00a0Deby.\u00a0Au d\u00e9but des ann\u00e9es 90, il fut aussi le d\u00e9fenseur d&#8217;Alassane Ouattara, lorsque l&#8217;actuel num\u00e9ro 1 ivoirien \u00e9tait dans l&#8217;opposition, avant d&#8217;apporter son soutien \u00e0 l&#8217;ex-chef de l&#8217;Etat, Laurent Gbagbo, en 2011, apr\u00e8s sa d\u00e9faite \u00e0 l\u2019\u00e9lection pr\u00e9sidentielle. Jacques Verg\u00e8s est finalement \u00e9cart\u00e9 de sa d\u00e9fense, non sans avoir, disent les mauvaises langues, empoch\u00e9 100 000 euros avec son confr\u00e8re Roland Dumas.<\/p>\n<p><strong>La strat\u00e9gie de la rupture<\/strong><\/p>\n<p>Avocat du diable, dans les tribunaux, il laisse \u00e0 ses clients la place de simples figurants condamn\u00e9s \u00e0 incarner une id\u00e9ologie. Sa technique est toujours la m\u00eame. Il parle de \u00ab\u00a0<em>strat\u00e9gie de rupture<\/em> \u00bb. Plut\u00f4t que de s\u2019attacher au cas particulier de l\u2019accus\u00e9, il combat en opposant des valeurs, fustigeant constamment la bonne conscience de l&#8217;Occident.<\/p>\n<p>\u00ab<em> Chaque dossier de justice est le sommaire d\u2019un roman, d\u2019une trag\u00e9die qui se d\u00e9roule devant nous,<\/em> d\u00e9clarait-il dans un portrait du <em>Nouvel Economist<\/em><em>e<\/em>. <em>Je suis le spectateur et le coauteur de cette trag\u00e9die. L\u2019accus\u00e9 a besoin que l\u2019on donne un sens \u00e0 son malheur. La soci\u00e9t\u00e9 aussi. La saveur de sang et de chair d\u2019un proc\u00e8s d\u00e9clenche une s\u00e9rie d\u2019orgasmes dont on ne peut plus se passer, une fois que l\u2019on y a go\u00fbt\u00e9. Je suis un serial-plaideur <\/em>\u00bb.<\/p>\n<p>En 1987, il se voit confier la d\u00e9fense de l\u2019ex-chef de la Gestapo\u00a0de Lyon, Klaus\u00a0Barbie. A la barre, il n\u2019h\u00e9site pas \u00e0 minimiser les crimes nazis pour se livrer \u00e0 une condamnation de la France et de la colonisation. Il entend montrer que l\u2019Etat fran\u00e7ais, pendant la colonisation, s\u2019est conduit de la m\u00eame fa\u00e7on que l\u2019occupant nazi.<\/p>\n<p>Comprendre plus que juger. Voil\u00e0 le moteur de celui qui disait ne s\u2019\u00eatre fix\u00e9 aucune limite, la \u00ab\u00a0<em>passion de la dignit\u00e9 humaine\u00a0<\/em>\u00bb, aussi ignoble soit l&#8217;homme. \u00ab\u00a0<em>D\u00e9clarer qu\u2019un homme est un monstre, c\u2019est refuser de le comprendre. Il faut tenter de comprendre les \u00eatres pour ne pas reproduire leur chemin malheureux. Mes clients me posent un probl\u00e8me car ils symbolisent la part de nuit qu\u2019il y a dans l\u2019homme. Je tire une certaine satisfaction de leur d\u00e9cryptage<\/em> \u00bb.<\/p>\n<p>Toujours plus loin dans la provocation, ces derni\u00e8res ann\u00e9es, Jacques Verg\u00e8s s&#8217;\u00e9tait port\u00e9 volontaire pour d\u00e9fendre Saddam Hussein, Slobodan\u00a0Milosevic\u00a0ou encore Mouammar\u00a0Kadhafi.<\/p>\n<p>La derni\u00e8re page de ce thriller sulfureux s&#8217;est donc tourn\u00e9e. Certains auront peut-\u00eatre trouv\u00e9 l&#8217;histoire un brin tir\u00e9e par les cheveux. Mais personne ne pourra dire que l\u2019intrigue manquait de sel.&#8221;<\/p>\n<p><a href=\"http:\/\/www.rfi.fr\/\">www.rfi.fr<\/a>\u00a0\u00a0\u00a0 Aurore Lartigue<\/p>\n<p>Le MTN\u00a0salue la m\u00e9moire du ma\u00eetre du pr\u00e9toire , de l&#8217;avocat , du \u00a0r\u00e9volutionaire, de l&#8217;intelectuel\u00a0et de l&#8217;humaniste. Paix\u00a0\u00e0 son\u00a0\u00e2me.<\/p>\n<p><a href=\"http:\/\/www.mtn-togo.org\/\">www.mtn-togo.org<\/a><\/p>\n<p>&nbsp;<\/p>\n","protected":false},"excerpt":{"rendered":"<p>\u00a0 Lorsqu&#8217;on lui demandait poliment comment il allait, il r\u00e9pondait, depuis des ann\u00e9es,\u00a0&#8220;incurablement bien&#8221;. Mais la vie \u00e9tant finalement chose curable, Jacques Verg\u00e8s a chang\u00e9 d&#8217;id\u00e9e et est mort jeudi 15\u00a0ao\u00fbt, \u00e0 l&#8217;\u00e2ge de 88 ans.<\/p>\n","protected":false},"author":7,"featured_media":0,"comment_status":"closed","ping_status":"open","sticky":false,"template":"","format":"standard","meta":[],"categories":[1],"tags":[],"_links":{"self":[{"href":"http:\/\/mtn-togo.org\/index.php?rest_route=\/wp\/v2\/posts\/3082"}],"collection":[{"href":"http:\/\/mtn-togo.org\/index.php?rest_route=\/wp\/v2\/posts"}],"about":[{"href":"http:\/\/mtn-togo.org\/index.php?rest_route=\/wp\/v2\/types\/post"}],"author":[{"embeddable":true,"href":"http:\/\/mtn-togo.org\/index.php?rest_route=\/wp\/v2\/users\/7"}],"replies":[{"embeddable":true,"href":"http:\/\/mtn-togo.org\/index.php?rest_route=%2Fwp%2Fv2%2Fcomments&post=3082"}],"version-history":[{"count":3,"href":"http:\/\/mtn-togo.org\/index.php?rest_route=\/wp\/v2\/posts\/3082\/revisions"}],"predecessor-version":[{"id":3086,"href":"http:\/\/mtn-togo.org\/index.php?rest_route=\/wp\/v2\/posts\/3082\/revisions\/3086"}],"wp:attachment":[{"href":"http:\/\/mtn-togo.org\/index.php?rest_route=%2Fwp%2Fv2%2Fmedia&parent=3082"}],"wp:term":[{"taxonomy":"category","embeddable":true,"href":"http:\/\/mtn-togo.org\/index.php?rest_route=%2Fwp%2Fv2%2Fcategories&post=3082"},{"taxonomy":"post_tag","embeddable":true,"href":"http:\/\/mtn-togo.org\/index.php?rest_route=%2Fwp%2Fv2%2Ftags&post=3082"}],"curies":[{"name":"wp","href":"https:\/\/api.w.org\/{rel}","templated":true}]}}