{"id":3094,"date":"2013-08-23T07:42:32","date_gmt":"2013-08-23T12:42:32","guid":{"rendered":"http:\/\/mtn-togo.org\/?p=3094"},"modified":"2013-08-23T11:30:58","modified_gmt":"2013-08-23T16:30:58","slug":"deces-du-doyen-leon-messanvi-foli-un-grand-cerveau-du-droit-togolais","status":"publish","type":"post","link":"http:\/\/mtn-togo.org\/?p=3094","title":{"rendered":"D\u00e9c\u00e8s du Doyen L\u00e9on Messanvi FOLI, un grand cerveau togolais du droit."},"content":{"rendered":"<p>Nous avons la douleur de vous faire part du d\u00e9c\u00e8s \u00e0 Lom\u00e9 dans la nuit du mardi 6 au mercredi 7 ao\u00fbt 2013 du <b>Doyen L\u00e9on Messanvi FOLI<\/b>.<!--more--><\/p>\n<p>L&#8217;illustre disparu \u00e9tait un authentique et sinc\u00e8re privatiste.<\/p>\n<p>Professeur titulaire de son \u00e9tat, il avait contribu\u00e9 \u00e0 la formation de plusieurs g\u00e9n\u00e9rations de juristes africains francophones. Il avait \u00e9t\u00e9 Doyen de la Facult\u00e9 de droit de l&#8217;Universit\u00e9 de Lom\u00e9. Il avait pr\u00e9sid\u00e9 le jury de droit priv\u00e9 et des Sciences criminelles du concours d&#8217;agr\u00e9gation du Conseil Africain et Malgache pour l&#8217;Enseignement Sup\u00e9rieur (CAMES). Il avait pr\u00e9sid\u00e9 \u00e9galement le Comit\u00e9 Technique Sp\u00e9cialis\u00e9 (CTS) des sciences juridiques et politiques du CAMES.<\/p>\n<p>Il \u00e9tait un juriste accompli qui savait enseigner avec le m\u00eame talent le droit moderne et le droit coutumier. Sa filiation \u00e0 <b>G\u00e9rard CORNU<\/b> et <b>Guy Adj\u00e9t\u00e9 KOUASSIGAN<\/b> \u00e9tait facile \u00e0 \u00e9tablir. Le premier avait dirig\u00e9 sa th\u00e8se (<i><b>Le r\u00e9gime juridique des terres au Togo<\/b><\/i>, Paris, 1970) dont le sujet \u00e9tait aussi un centre d&#8217;int\u00e9r\u00eat du second.<\/p>\n<p>Il \u00e9tait par ailleurs un juriste engag\u00e9. Il avait \u0153uvr\u00e9 \u00e0 l&#8217;enracinement du droit OHADA.<\/p>\n<p>Le <b>Doyen L\u00e9on Messanvi FOLI<\/b> \u00e9tait n\u00e9 en 1943 \u00e0 Aklakou (Togo). Ses obs\u00e8ques auront lieu le <b>vendredi 23 ao\u00fbt 2013 \u00e0 Lom\u00e9 (Togo)<\/b>. Elles seront pr\u00e9c\u00e9d\u00e9es le <b>jeudi 22 ao\u00fbt 2013 d&#8217;une veill\u00e9e fun\u00e8bre<\/b>.<\/p>\n<p>source :www.ohada.com<\/p>\n<p>Le MTN rend un hommage appuy\u00e9 \u00e0 ce grand intellectuel hors pair de sa g\u00e9n\u00e9ration.<\/p>\n<p>&nbsp;<\/p>\n","protected":false},"excerpt":{"rendered":"<p>Nous avons la douleur de vous faire part du d\u00e9c\u00e8s \u00e0 Lom\u00e9 dans la nuit du mardi 6 au mercredi 7 ao\u00fbt 2013 du Doyen L\u00e9on Messanvi FOLI.<\/p>\n","protected":false},"author":7,"featured_media":0,"comment_status":"closed","ping_status":"open","sticky":false,"template":"","format":"standard","meta":[],"categories":[1],"tags":[],"_links":{"self":[{"href":"http:\/\/mtn-togo.org\/index.php?rest_route=\/wp\/v2\/posts\/3094"}],"collection":[{"href":"http:\/\/mtn-togo.org\/index.php?rest_route=\/wp\/v2\/posts"}],"about":[{"href":"http:\/\/mtn-togo.org\/index.php?rest_route=\/wp\/v2\/types\/post"}],"author":[{"embeddable":true,"href":"http:\/\/mtn-togo.org\/index.php?rest_route=\/wp\/v2\/users\/7"}],"replies":[{"embeddable":true,"href":"http:\/\/mtn-togo.org\/index.php?rest_route=%2Fwp%2Fv2%2Fcomments&post=3094"}],"version-history":[{"count":4,"href":"http:\/\/mtn-togo.org\/index.php?rest_route=\/wp\/v2\/posts\/3094\/revisions"}],"predecessor-version":[{"id":3097,"href":"http:\/\/mtn-togo.org\/index.php?rest_route=\/wp\/v2\/posts\/3094\/revisions\/3097"}],"wp:attachment":[{"href":"http:\/\/mtn-togo.org\/index.php?rest_route=%2Fwp%2Fv2%2Fmedia&parent=3094"}],"wp:term":[{"taxonomy":"category","embeddable":true,"href":"http:\/\/mtn-togo.org\/index.php?rest_route=%2Fwp%2Fv2%2Fcategories&post=3094"},{"taxonomy":"post_tag","embeddable":true,"href":"http:\/\/mtn-togo.org\/index.php?rest_route=%2Fwp%2Fv2%2Ftags&post=3094"}],"curies":[{"name":"wp","href":"https:\/\/api.w.org\/{rel}","templated":true}]}}