{"id":3108,"date":"2013-08-27T22:12:16","date_gmt":"2013-08-28T03:12:16","guid":{"rendered":"http:\/\/mtn-togo.org\/?p=3108"},"modified":"2013-08-28T08:11:40","modified_gmt":"2013-08-28T13:11:40","slug":"togo-la-nouvelle-legislature-hantee-par-le-cas-kpatcha-gnassingbe","status":"publish","type":"post","link":"http:\/\/mtn-togo.org\/?p=3108","title":{"rendered":"Togo : La nouvelle l\u00e9gislature hant\u00e9e par le cas Kpatcha Gnassingb\u00e9"},"content":{"rendered":"<p><a href=\"http:\/\/mtn-togo.org\/wp-content\/uploads\/2011\/09\/cle_usb_kpatcha_balance1.jpg\"><img loading=\"lazy\" class=\"alignleft size-medium wp-image-828\" alt=\"Kpacha Gnassingb\u00e9\" src=\"http:\/\/mtn-togo.org\/wp-content\/uploads\/2011\/09\/cle_usb_kpatcha_balance1-300x270.jpg\" width=\"300\" height=\"270\" srcset=\"http:\/\/mtn-togo.org\/wp-content\/uploads\/2011\/09\/cle_usb_kpatcha_balance1-300x270.jpg 300w, http:\/\/mtn-togo.org\/wp-content\/uploads\/2011\/09\/cle_usb_kpatcha_balance1.jpg 940w\" sizes=\"(max-width: 300px) 100vw, 300px\" \/><\/a>\u00a0Les d\u00e9put\u00e9s devraient adopter le nouveau r\u00e8glement int\u00e9rieur ce mercredi, sous la pr\u00e9sidence du doyen d\u2019\u00e2ge Georges Lawson. <!--more-->Si la question du quorum pour la constitution d\u2019un groupe parlementaire a fait l\u2019objet de divergences, celle de la protection du d\u00e9put\u00e9 n\u2019a pas paradoxalement pas moins soulev\u00e9 de vives discussions.<\/p>\n<p>Faut-il exclure d\u00e9finitivement toute perspective de jugement d\u2019un d\u00e9put\u00e9 en fonction sans la lev\u00e9e pr\u00e9alable de son immunit\u00e9 parlementaire ? Telle est la curieuse question qui a agit\u00e9 les d\u00e9bats le mardi 26 ao\u00fbt \u00e0 l\u2019Assembl\u00e9e nationale dans le cadre des discussions en s\u00e9ance pl\u00e9ni\u00e8re en vue d\u2019apporter des amendements au r\u00e8glement int\u00e9rieur. L\u2019ancien r\u00e8glement disposait de la possibilit\u00e9 d\u2019arr\u00eater un d\u00e9put\u00e9 en cas de flagrant d\u00e9lit, sans toutefois pr\u00e9ciser si dans ce cas, il peut passer en jugement sans que l\u2019Assembl\u00e9e nationale proc\u00e8de, \u00e0 la lev\u00e9e formelle de son impunit\u00e9 parlementaire.<\/p>\n<p>La loi dispose en principe que le d\u00e9put\u00e9 est prot\u00e9g\u00e9 par une immunit\u00e9 parlementaire et exclut son arrestation, sa d\u00e9tention et toute poursuite judiciaire en son encontre et par cons\u00e9quent son passage en jugement, sans la lev\u00e9e de son immunit\u00e9 parlementaire.<\/p>\n<p>Ce d\u00e9bat est la cons\u00e9quence du cas de l\u2019honorable Kpatcha Gnassingb\u00e9, mis aux arr\u00eats, d\u00e9tenu pendant longtemps avant d\u2019\u00eatre jug\u00e9 et condamn\u00e9 sans que son immunit\u00e9 parlementaire soit lev\u00e9e. Une situation que pourtant la Cour de justice de la CEDEAO\u00a0saisie, a trouv\u00e9e normale, invoquant la loi togolaise\u00a0qui pr\u00e9voit la poursuite d\u2019un parlementaire togolais, sans lev\u00e9e pr\u00e9alable de son immunit\u00e9 parlementaire, en cas de flagrant d\u00e9lit. \u00ab En aucun cas, aucun d\u00e9put\u00e9 ne peut \u00eatre jug\u00e9 sans que son immunit\u00e9 parlementaire ne soit lev\u00e9e \u00bb, c\u2019est par cette proposition que les d\u00e9put\u00e9s du Collectif \u00ab Sauvons le Togo \u00bb ont entendu r\u00e9gler cette n\u00e9cessaire clarification en vue de renforcer la protection du d\u00e9put\u00e9, mais ils n\u2019ont pas \u00e9t\u00e9 suivis par ceux de la majorit\u00e9.<\/p>\n<p>\u00ab Nous tirons argument de l\u2019affaire Kpatcha Gnassingb\u00e9 de triste m\u00e9moire, o\u00f9 l\u2019honorable d\u00e9put\u00e9 Kpatcha Gnasssingb\u00e9 a \u00e9t\u00e9 arr\u00eat\u00e9, d\u00e9tenu et jug\u00e9 sans que son immunit\u00e9 soit lev\u00e9e \u00bb, a rappel\u00e9 Me Isabelle Am\u00e9ganvi. Une position soutenue\u00a0par les d\u00e9put\u00e9s de la Coalition Arc-en-ciel. \u00ab L\u2019enfer n\u2019est pas seulement pour les autres et nous avons tous int\u00e9r\u00eat \u00e0 renforcer la protection des d\u00e9put\u00e9s \u00e0 travers leur immunit\u00e9 parlementaire. Curieusement, les d\u00e9put\u00e9s de la majorit\u00e9 ne l\u2019entendent pas de cette oreille \u00bb, a d\u00e9plor\u00e9 Me Dodzi Ap\u00e9von. Un vote incompr\u00e9hensible des articles 77 et 78 que S\u00e9lom Klassou de UNIR justifie par \u00ab la sagesse \u00bb. \u00ab Les d\u00e9put\u00e9s ont choisi de reconduire le texte tel qu\u2019il figure dans la Constitution. Il n\u2019appartient pas au d\u00e9put\u00e9 de pr\u00e9ciser par une disposition r\u00e9glementaire, la proc\u00e9dure \u00e0 suivre \u00e0 un juge. Les articles 77 et 78 sont conformes \u00e0 l\u2019article 53 de la Constitution \u00bb, a expliqu\u00e9 celui dont le nom revient parmi les deux pressentis au perchoir de l\u2019Assembl\u00e9e nationale.<\/p>\n<p>D\u2019ailleurs, l\u2019\u00e9lection du bureau de la nouvelle l\u00e9gislature est annonc\u00e9e pour le vendredi 30 ao\u00fbt 2013, apr\u00e8s l\u2019avis de constitutionnalit\u00e9 de la Cour Constitutionnelle \u00e0 propos du r\u00e8glement int\u00e9rieur de l\u2019Assembl\u00e9e nationale. Une \u00e9ch\u00e9ance qui va donner le ton \u00e0 la structuration de l\u2019Assembl\u00e9e nationale \u00e0 travers la constitution des diff\u00e9rents groupes parlementaires.<\/p>\n<p>Sauf surprise, il ne devrait avoir que deux groupes. Le quorum exig\u00e9 \u00e0 travers l\u2019article 26 al 3 du r\u00e8glement int\u00e9rieur tel que vot\u00e9 par les d\u00e9put\u00e9s, \u00e0 d\u00e9faut d\u2019un consensus, requiert le dixi\u00e8me, soit au moins 9 d\u00e9put\u00e9s pour constituer un groupe parlementaire. Un nombre que les d\u00e9put\u00e9s de la Coalition Arc-en-ciel, de l\u2019UFC et l\u2019ind\u00e9pendant Sursaut national ne sauraient atteindre, sans un regroupement. On se dirige donc \u00e0 priori vers une Assembl\u00e9e nationale o\u00f9 UNIR et CST vont se partager les responsabilit\u00e9s de m\u00eame que l\u2019essentiel des tribunes pour d\u00e9fendre leurs positions.<\/p>\n<p>Aghu<\/p>\n<p><a href=\"http:\/\/www.koaci.com\/\">www.koaci.com<\/a><\/p>\n","protected":false},"excerpt":{"rendered":"<p>\u00a0Les d\u00e9put\u00e9s devraient adopter le nouveau r\u00e8glement int\u00e9rieur ce mercredi, sous la pr\u00e9sidence du doyen d\u2019\u00e2ge Georges Lawson.<\/p>\n","protected":false},"author":7,"featured_media":0,"comment_status":"closed","ping_status":"open","sticky":false,"template":"","format":"standard","meta":[],"categories":[1],"tags":[],"_links":{"self":[{"href":"http:\/\/mtn-togo.org\/index.php?rest_route=\/wp\/v2\/posts\/3108"}],"collection":[{"href":"http:\/\/mtn-togo.org\/index.php?rest_route=\/wp\/v2\/posts"}],"about":[{"href":"http:\/\/mtn-togo.org\/index.php?rest_route=\/wp\/v2\/types\/post"}],"author":[{"embeddable":true,"href":"http:\/\/mtn-togo.org\/index.php?rest_route=\/wp\/v2\/users\/7"}],"replies":[{"embeddable":true,"href":"http:\/\/mtn-togo.org\/index.php?rest_route=%2Fwp%2Fv2%2Fcomments&post=3108"}],"version-history":[{"count":3,"href":"http:\/\/mtn-togo.org\/index.php?rest_route=\/wp\/v2\/posts\/3108\/revisions"}],"predecessor-version":[{"id":3111,"href":"http:\/\/mtn-togo.org\/index.php?rest_route=\/wp\/v2\/posts\/3108\/revisions\/3111"}],"wp:attachment":[{"href":"http:\/\/mtn-togo.org\/index.php?rest_route=%2Fwp%2Fv2%2Fmedia&parent=3108"}],"wp:term":[{"taxonomy":"category","embeddable":true,"href":"http:\/\/mtn-togo.org\/index.php?rest_route=%2Fwp%2Fv2%2Fcategories&post=3108"},{"taxonomy":"post_tag","embeddable":true,"href":"http:\/\/mtn-togo.org\/index.php?rest_route=%2Fwp%2Fv2%2Ftags&post=3108"}],"curies":[{"name":"wp","href":"https:\/\/api.w.org\/{rel}","templated":true}]}}