{"id":3119,"date":"2013-08-29T22:50:12","date_gmt":"2013-08-30T03:50:12","guid":{"rendered":"http:\/\/mtn-togo.org\/?p=3119"},"modified":"2013-08-29T22:50:12","modified_gmt":"2013-08-30T03:50:12","slug":"apres-la-demission-dartheme-seleagodzi-ahoomey-zunu-et-de-son-gouvernement-le-nom-du-nouveau-premier-ministre-strapontin-serait-attendu-ce-soir-sans-aucune-surprise","status":"publish","type":"post","link":"http:\/\/mtn-togo.org\/?p=3119","title":{"rendered":"Apr\u00e8s la d\u00e9mission d&#8217;Arth\u00e8me S\u00e9l\u00e9agodzi Ahoomey-Zunu et de son gouvernement, le nom du nouveau Premier ministre  strapontin serait attendu ce soir sans aucune surprise."},"content":{"rendered":"<p>\u00a0<a href=\"http:\/\/mtn-togo.org\/wp-content\/uploads\/2012\/10\/le-Premier-ministreSeleagodji-Ahoomey.jpg\"><img loading=\"lazy\" class=\"alignleft size-full wp-image-2006\" alt=\"le Premier ministre,Seleagodji  Ahoomey\" src=\"http:\/\/mtn-togo.org\/wp-content\/uploads\/2012\/10\/le-Premier-ministreSeleagodji-Ahoomey.jpg\" width=\"274\" height=\"184\" \/><\/a>Le Premier ministre togolais Arth\u00e8me S\u00e9l\u00e9agodzi Ahoomey-Zunu a remis tard dans la soir\u00e9e du mardi 27 ao\u00fbt 2013, sa d\u00e9mission au chef de l\u2019Etat.<!--more--><\/p>\n<p>Cette d\u00e9mission du Premier ministre et de l\u2019ensemble de son gouvernement intervient plus d\u2019un mois apr\u00e8s les \u00e9lections l\u00e9gislatives qui ont donn\u00e9 une large majorit\u00e9 \u00e0 l\u2019Union pour la R\u00e9publique (UNIR) le nouveau parti du pr\u00e9sident de la R\u00e9publique, Faure Gnassingb\u00e9.<\/p>\n<p>Selon, les termes d\u2019un communiqu\u00e9 de la Pr\u00e9sidence de la R\u00e9publique \u00ab le chef du gouvernement d\u00e9missionnaire a remerci\u00e9 le chef de l\u2019Etat pour la confiance plac\u00e9 en lui et en toute son \u00e9quipe tout en indiquant que sa d\u00e9marche est r\u00e9publicaine \u00bb. Le m\u00eame communiqu\u00e9 pr\u00e9cise que Faure Gnassingb\u00e9 a accept\u00e9 la d\u00e9mission et a recommand\u00e9 au Premier ministre et \u00e0 son \u00e9quipe de conduire les affaires courantes.<\/p>\n<p>Plusieurs observateurs ont \u00e9t\u00e9 surpris par le retard pris pour le d\u00e9p\u00f4t de cette d\u00e9mission attendue apr\u00e8s la proclamation officielle des r\u00e9sultats d\u00e9finitifs des \u00e9lections l\u00e9gislatives par la Cour Constitutionnelle. Des consultations seraient en cours pour la nomination d\u2019un nouveau Premier ministre, qui pourrait \u00eatre M. Ahoomey-Zunu, dont le bilan dans un contexte assez surchauff\u00e9 est jug\u00e9 \u00ab mitig\u00e9 \u00bb dans l\u2019opinion. Il reste que l\u2019ancien ministre de l\u2019administration territoriale qui avait d\u00e9j\u00e0 r\u00e9ussi \u00e0 organiser des \u00e9lections l\u00e9gislatives avec succ\u00e8s en octobre 2007, a cette fois-ci tenu les d\u00e9cisives \u00e9lections l\u00e9gislatives du 25 juillet 2013 sans violences et sur fonds propres.<\/p>\n<p>Si l\u2019ancien collaborateur de l\u2019ancien Premier ministre Edem\u00a0Kodjo, a aussi r\u00e9ussi \u00e0 redynamiser les relations avec les institutions internationales et les partenaires bilat\u00e9raux comme l\u2019Allemagne, son exercice a \u00e9t\u00e9 aussi marqu\u00e9 par des violations des droits de l\u2019homme et une administration de la justice plus d\u2019une fois d\u00e9savou\u00e9e par la Haute Cour de Justice de la CEDEAO.<\/p>\n<p>La gestion quelque peu chaotique de la participation du Togo \u00e0 la Coupe d\u2019Afrique des Nations 2013, par des comit\u00e9s dont il est le superviseur ainsi que le retard dans la publication d\u2019un bilan financier d\u00fb au retard dans les travaux du cabinet d\u2019audit KPMG, ont quelque peu entam\u00e9 son passage \u00e0 la primature. Le successeur de Gilbert Fessoun\u00a0Hungbo qui a \u00e0 son cr\u00e9dit l\u2019historique qualification du Togo aux quarts de finale d\u2019une CAN assure toutefois que les comptes seront faits une fois que le cabinet KPMG d\u00e9posera son rapport.<\/p>\n<p>Outre Arth\u00e8me Ahoomey-Zunu, les noms de l\u2019actuel ministre du d\u00e9veloppement \u00e0 la base Victoire Dogb\u00e9-Tom\u00e9gah, celui du ministre S\u00e9mondji voire d\u2019un leader de la Coalition Arc-en-ciel (Me Dodzi\u00a0Ap\u00e9von ou Mme Brigitte Adjamagbo-Jonhson) reviennent avec insistance au poste de Chef du prochain Gouvernement. Le nom du nouveau Premier ministre pourrait \u00eatre annonc\u00e9 dans la soir\u00e9e, a appris KOACI.COM d\u2019une source proche de la Pr\u00e9sidence.<\/p>\n<p>M. Ahoomey-Zunu, ancien secr\u00e9taire g\u00e9n\u00e9ral de la Pr\u00e9sidence de la r\u00e9publique a \u00e9t\u00e9 nomm\u00e9 \u00e0 la t\u00eate du gouvernement le 19 juillet 2012 \u00e0 la suite de la d\u00e9mission de son pr\u00e9d\u00e9cesseur Gilbert Fossoun\u00a0Houngbo.<br \/>\nAghu<\/p>\n<p><a href=\"http:\/\/www.koaci.com\/\">www.koaci.com<\/a><\/p>\n","protected":false},"excerpt":{"rendered":"<p>\u00a0Le Premier ministre togolais Arth\u00e8me S\u00e9l\u00e9agodzi Ahoomey-Zunu a remis tard dans la soir\u00e9e du mardi 27 ao\u00fbt 2013, sa d\u00e9mission au chef de l\u2019Etat.<\/p>\n","protected":false},"author":7,"featured_media":0,"comment_status":"closed","ping_status":"open","sticky":false,"template":"","format":"standard","meta":[],"categories":[1],"tags":[],"_links":{"self":[{"href":"http:\/\/mtn-togo.org\/index.php?rest_route=\/wp\/v2\/posts\/3119"}],"collection":[{"href":"http:\/\/mtn-togo.org\/index.php?rest_route=\/wp\/v2\/posts"}],"about":[{"href":"http:\/\/mtn-togo.org\/index.php?rest_route=\/wp\/v2\/types\/post"}],"author":[{"embeddable":true,"href":"http:\/\/mtn-togo.org\/index.php?rest_route=\/wp\/v2\/users\/7"}],"replies":[{"embeddable":true,"href":"http:\/\/mtn-togo.org\/index.php?rest_route=%2Fwp%2Fv2%2Fcomments&post=3119"}],"version-history":[{"count":1,"href":"http:\/\/mtn-togo.org\/index.php?rest_route=\/wp\/v2\/posts\/3119\/revisions"}],"predecessor-version":[{"id":3120,"href":"http:\/\/mtn-togo.org\/index.php?rest_route=\/wp\/v2\/posts\/3119\/revisions\/3120"}],"wp:attachment":[{"href":"http:\/\/mtn-togo.org\/index.php?rest_route=%2Fwp%2Fv2%2Fmedia&parent=3119"}],"wp:term":[{"taxonomy":"category","embeddable":true,"href":"http:\/\/mtn-togo.org\/index.php?rest_route=%2Fwp%2Fv2%2Fcategories&post=3119"},{"taxonomy":"post_tag","embeddable":true,"href":"http:\/\/mtn-togo.org\/index.php?rest_route=%2Fwp%2Fv2%2Ftags&post=3119"}],"curies":[{"name":"wp","href":"https:\/\/api.w.org\/{rel}","templated":true}]}}