{"id":3121,"date":"2013-08-29T23:37:22","date_gmt":"2013-08-30T04:37:22","guid":{"rendered":"http:\/\/mtn-togo.org\/?p=3121"},"modified":"2013-08-29T23:40:50","modified_gmt":"2013-08-30T04:40:50","slug":"lex-commandant-descadron-et-president-de-lasvitto-lassociation-des-victimes-de-la-torture-au-togo-olivier-amah-poko-est-maintenu-dans-les-geoles-de-faure-gnass","status":"publish","type":"post","link":"http:\/\/mtn-togo.org\/?p=3121","title":{"rendered":"L\u2019ex-commandant d\u2019escadron, et pr\u00e9sident de l\u2019ASVITTO (L\u2019Association des victimes de la torture au Togo), Olivier Amah-Poko est maintenu  dans les ge\u00f4les de Faure Gnassingb\u00e9"},"content":{"rendered":"<p><a href=\"http:\/\/mtn-togo.org\/wp-content\/uploads\/2012\/11\/Torture_illustration_Commandant_Poko_AmaH.jpg\"><img loading=\"lazy\" class=\"alignleft size-medium wp-image-2274\" alt=\"Torture_illustration_Commandant_Poko_AmaH\" src=\"http:\/\/mtn-togo.org\/wp-content\/uploads\/2012\/11\/Torture_illustration_Commandant_Poko_AmaH-300x228.jpg\" width=\"300\" height=\"228\" srcset=\"http:\/\/mtn-togo.org\/wp-content\/uploads\/2012\/11\/Torture_illustration_Commandant_Poko_AmaH-300x228.jpg 300w, http:\/\/mtn-togo.org\/wp-content\/uploads\/2012\/11\/Torture_illustration_Commandant_Poko_AmaH.jpg 400w\" sizes=\"(max-width: 300px) 100vw, 300px\" \/><\/a>Accus\u00e9 d&#8217;avoir incit\u00e9 les Forces Arm\u00e9es Togolaises (FAT)\u00e0 la r\u00e9bellion,l\u2019ex-commandant\u00a0 d&#8217;escadron, Olivier Amah\u00a0a \u00e9t\u00e9 arr\u00eat\u00e9 le 27 mai 2013 et envoy\u00e9 manu militari\u00a0\u00e0 la prison de Mango\u00a0 dans des conditions atroces. <!--more-->C&#8217;est sur insistance de ses avocats qu&#8217;il a \u00e9t\u00e9\u00a0 ramen\u00e9 \u00e0 Atakpam\u00e9, situ\u00e9 \u00e0 150 km de Lom\u00e9 apr\u00e8s que sa demande de mise en libert\u00e9 ait \u00e9t\u00e9 rejet\u00e9e. Ses avocats ont fait appel imm\u00e9diatement de la d\u00e9cision de rejet.<\/p>\n<p>La\u00a0 Chambre d\u2019accusation de la Cour d\u2019appel de Lom\u00e9,\u00a0 en coupe r\u00e9gl\u00e9e, \u00a0vient de rejeter une fois de plus l&#8217;appel des avocats \u00a0du commandant qui sera donc maintenu en prison.<\/p>\n<p>\u00a0On comprend tr\u00e8s bien la volont\u00e9\u00a0f\u00e9roce de\u00a0Faure\u00a0Gnassingb\u00e9 de briser un ancien officier de la gendarmerie \u00a0proche de Kpatcha\u00a0Gnassingb\u00e9,\u00a0d\u00e9j\u00e0 arr\u00eat\u00e9, tortur\u00e9 puis lib\u00e9r\u00e9, dans l&#8217;affaire rocambolesque de coup d&#8217;\u00c9tat. A sa sortie de prison, l&#8217;officier\u00a0a\u00a0rejoint la contestation du CST\u00a0 et a cr\u00e9e l\u2019ASVITTO (L\u2019Association des victimes de la torture au Togo). Son appel \u00e0 la\u00a0grande muette \u00e0 prendre ses responsabilit\u00e9s comme un certain Eyad\u00e9ma l&#8217;a fait en 1966 et 67,\u00a0 a profond\u00e9ment irrit\u00e9 Faure Gnassingb\u00e9 et son entourage qui\u00a0 ont jur\u00e9 de lui faire la peau.<\/p>\n<p>Le Commandant Olivier Amah\u00a0n&#8217;est donc pas au bout de ses peines. Seule la mobilisation du CST\u00a0et du peuple togolais,\u00a0\u00a0\u00a0 pourrait\u00a0le sortir des griffes ac\u00e9r\u00e9es\u00a0de la dictature\u00a0 cinquantenaire, militaro\u00a0fasciste et monarchique de Faure Gnassingb\u00e9.<\/p>\n<p>Vicentey Ben Polar <a href=\"http:\/\/www.mtn-togo.org\/\">www.mtn-togo.org<\/a><\/p>\n<p>&nbsp;<\/p>\n","protected":false},"excerpt":{"rendered":"<p>Accus\u00e9 d&#8217;avoir incit\u00e9 les Forces Arm\u00e9es Togolaises (FAT)\u00e0 la r\u00e9bellion,l\u2019ex-commandant\u00a0 d&#8217;escadron, Olivier Amah\u00a0a \u00e9t\u00e9 arr\u00eat\u00e9 le 27 mai 2013 et envoy\u00e9 manu militari\u00a0\u00e0 la prison de Mango\u00a0 dans des conditions atroces.<\/p>\n","protected":false},"author":7,"featured_media":0,"comment_status":"closed","ping_status":"open","sticky":false,"template":"","format":"standard","meta":[],"categories":[1],"tags":[],"_links":{"self":[{"href":"http:\/\/mtn-togo.org\/index.php?rest_route=\/wp\/v2\/posts\/3121"}],"collection":[{"href":"http:\/\/mtn-togo.org\/index.php?rest_route=\/wp\/v2\/posts"}],"about":[{"href":"http:\/\/mtn-togo.org\/index.php?rest_route=\/wp\/v2\/types\/post"}],"author":[{"embeddable":true,"href":"http:\/\/mtn-togo.org\/index.php?rest_route=\/wp\/v2\/users\/7"}],"replies":[{"embeddable":true,"href":"http:\/\/mtn-togo.org\/index.php?rest_route=%2Fwp%2Fv2%2Fcomments&post=3121"}],"version-history":[{"count":2,"href":"http:\/\/mtn-togo.org\/index.php?rest_route=\/wp\/v2\/posts\/3121\/revisions"}],"predecessor-version":[{"id":3123,"href":"http:\/\/mtn-togo.org\/index.php?rest_route=\/wp\/v2\/posts\/3121\/revisions\/3123"}],"wp:attachment":[{"href":"http:\/\/mtn-togo.org\/index.php?rest_route=%2Fwp%2Fv2%2Fmedia&parent=3121"}],"wp:term":[{"taxonomy":"category","embeddable":true,"href":"http:\/\/mtn-togo.org\/index.php?rest_route=%2Fwp%2Fv2%2Fcategories&post=3121"},{"taxonomy":"post_tag","embeddable":true,"href":"http:\/\/mtn-togo.org\/index.php?rest_route=%2Fwp%2Fv2%2Ftags&post=3121"}],"curies":[{"name":"wp","href":"https:\/\/api.w.org\/{rel}","templated":true}]}}