{"id":3124,"date":"2013-08-30T05:34:36","date_gmt":"2013-08-30T10:34:36","guid":{"rendered":"http:\/\/mtn-togo.org\/?p=3124"},"modified":"2013-08-30T05:37:47","modified_gmt":"2013-08-30T10:37:47","slug":"glidji-prise-de-la-351eme-edition-de-la-pierre-sacreekpessosso-du-peuple-guin-elle-est-toute-blanche","status":"publish","type":"post","link":"http:\/\/mtn-togo.org\/?p=3124","title":{"rendered":"Glidji: Prise de la 351\u00e8me  \u00e9dition de la pierre sacr\u00e9e(kpessosso) du peuple Guin. Elle est toute blanche."},"content":{"rendered":"<p><a href=\"http:\/\/mtn-togo.org\/wp-content\/uploads\/2013\/08\/ekpessosso4.jpg\"><img loading=\"lazy\" class=\"alignleft size-medium wp-image-3127\" alt=\"ekpessosso4\" src=\"http:\/\/mtn-togo.org\/wp-content\/uploads\/2013\/08\/ekpessosso4-300x174.jpg\" width=\"300\" height=\"174\" srcset=\"http:\/\/mtn-togo.org\/wp-content\/uploads\/2013\/08\/ekpessosso4-300x174.jpg 300w, http:\/\/mtn-togo.org\/wp-content\/uploads\/2013\/08\/ekpessosso4.jpg 515w\" sizes=\"(max-width: 300px) 100vw, 300px\" \/><\/a>La 351\u00e8me \u00e9dition de la prise de pierre sacr\u00e9e du peuple Guin\u00a0s\u2019est d\u00e9roul\u00e9e ce jeudi dans la ville mystique de Glidji. Pour cette \u00e9dition la couleur de la pierre est blanche.<!--more--><br \/>\n\u00a0<br \/>\nComme message, la pierre demande au peuple Guin de veiller sur le feu et l\u2019eau pour que ceux-ci n\u2019engendrent des incendies destructeurs, aux femmes de veiller sur leurs enfants, de se prot\u00e9ger contre les flammes surtout sur la bougie, la cigarette ou la pipe qui peuvent engendrer des incendies et les flammes qui ravageront d\u2019innombrables maisons.<br \/>\n\u00a0<br \/>\nContrairement \u00e0 l\u2019ann\u00e9e derni\u00e8re o\u00f9 il y avait des affrontements entre les adeptes des diff\u00e9rentes divinit\u00e9s, la c\u00e9r\u00e9monie de cette ann\u00e9e s\u2019est d\u00e9roul\u00e9e dans le calme.<br \/>\n\u00a0<br \/>\nUn calme aux travaux effectu\u00e9s par une commission mise en place pour se plancher sur ces diff\u00e9rents, selon le pr\u00e9fet des Lacs, M. Edan Akou\u00e9t\u00e9.\u00ab Nous avons mis en place une commission ce sont les fruits de cette commission qui ont permis le retour de la s\u00e9r\u00e9nit\u00e9 au sein de notre communaut\u00e9. Tous les protagonistes se sont compris \u00bb, a-t-il d\u00e9clar\u00e9.<br \/>\n\u00a0<br \/>\nLa c\u00e9r\u00e9monie s\u2019est d\u00e9roul\u00e9e en pr\u00e9sence de plusieurs personnalit\u00e9s dont les ministres Nicou\u00e9 Brooohm et D\u00e9d\u00e9 Ekou\u00e9 Ahou\u00e9fa.<br \/>\n\u00a0<br \/>\nlom\u00e9vi (www.togoactualite.com)<\/p>\n","protected":false},"excerpt":{"rendered":"<p>La 351\u00e8me \u00e9dition de la prise de pierre sacr\u00e9e du peuple Guin\u00a0s\u2019est d\u00e9roul\u00e9e ce jeudi dans la ville mystique de Glidji. Pour cette \u00e9dition la couleur de la pierre est blanche.<\/p>\n","protected":false},"author":7,"featured_media":0,"comment_status":"closed","ping_status":"open","sticky":false,"template":"","format":"standard","meta":[],"categories":[1],"tags":[],"_links":{"self":[{"href":"http:\/\/mtn-togo.org\/index.php?rest_route=\/wp\/v2\/posts\/3124"}],"collection":[{"href":"http:\/\/mtn-togo.org\/index.php?rest_route=\/wp\/v2\/posts"}],"about":[{"href":"http:\/\/mtn-togo.org\/index.php?rest_route=\/wp\/v2\/types\/post"}],"author":[{"embeddable":true,"href":"http:\/\/mtn-togo.org\/index.php?rest_route=\/wp\/v2\/users\/7"}],"replies":[{"embeddable":true,"href":"http:\/\/mtn-togo.org\/index.php?rest_route=%2Fwp%2Fv2%2Fcomments&post=3124"}],"version-history":[{"count":4,"href":"http:\/\/mtn-togo.org\/index.php?rest_route=\/wp\/v2\/posts\/3124\/revisions"}],"predecessor-version":[{"id":3126,"href":"http:\/\/mtn-togo.org\/index.php?rest_route=\/wp\/v2\/posts\/3124\/revisions\/3126"}],"wp:attachment":[{"href":"http:\/\/mtn-togo.org\/index.php?rest_route=%2Fwp%2Fv2%2Fmedia&parent=3124"}],"wp:term":[{"taxonomy":"category","embeddable":true,"href":"http:\/\/mtn-togo.org\/index.php?rest_route=%2Fwp%2Fv2%2Fcategories&post=3124"},{"taxonomy":"post_tag","embeddable":true,"href":"http:\/\/mtn-togo.org\/index.php?rest_route=%2Fwp%2Fv2%2Ftags&post=3124"}],"curies":[{"name":"wp","href":"https:\/\/api.w.org\/{rel}","templated":true}]}}