{"id":3142,"date":"2013-09-06T07:42:23","date_gmt":"2013-09-06T12:42:23","guid":{"rendered":"http:\/\/mtn-togo.org\/?p=3142"},"modified":"2013-09-06T07:43:04","modified_gmt":"2013-09-06T12:43:04","slug":"complot-dassassinat-planifie-contre-abass-kaboua-et-le-commandant-olivier-amah","status":"publish","type":"post","link":"http:\/\/mtn-togo.org\/?p=3142","title":{"rendered":"Complot d&#8217;assassinat planifi\u00e9 contre Abass Kaboua et le commandant Olivier Amah"},"content":{"rendered":"<p><a href=\"http:\/\/mtn-togo.org\/wp-content\/uploads\/2013\/05\/abassKaboua_OlivierAmahPoko.png\"><img loading=\"lazy\" class=\"alignleft size-medium wp-image-2905\" alt=\"abassKaboua_OlivierAmahPoko\" src=\"http:\/\/mtn-togo.org\/wp-content\/uploads\/2013\/05\/abassKaboua_OlivierAmahPoko-300x165.png\" width=\"300\" height=\"165\" srcset=\"http:\/\/mtn-togo.org\/wp-content\/uploads\/2013\/05\/abassKaboua_OlivierAmahPoko-300x165.png 300w, http:\/\/mtn-togo.org\/wp-content\/uploads\/2013\/05\/abassKaboua_OlivierAmahPoko.png 400w\" sizes=\"(max-width: 300px) 100vw, 300px\" \/><\/a>D\u00e9tenus dans deux centres p\u00e9nitenciers diff\u00e9rents, le sort du Commandant Olivier Amah\u00a0et celui de Kaboua\u00a0Abass, pr\u00e9occupent leurs parents. Ce que les journaux ne se privent de relayer, \u00e9voquant une r\u00e9union secr\u00e8te.<br \/>\n<!--more--><br \/>\nAlors que les Togolais\u00a0attendent\u00a0le nom du nouveau Premier ministre apr\u00e8s que l\u2019\u00e9lection du bureau de l\u2019Assembl\u00e9e nationale ait donn\u00e9e lieu \u00e0 une d\u00e9ception, ce sont des rumeurs affolantes \u00e0 propos du Commandant Olivier Amah\u00a0incarc\u00e9r\u00e9 \u00e0 la prison civile d\u2019Atakpam\u00e9 et celui de l\u2019homme politique Abass\u00a0Kaboua, \u00e0 la prison de Nots\u00e8 qui pr\u00e9occupent. De nombreuses parutions \u00e9voquent un plan d\u2019\u00e9limination physique des deux acteurs, oppos\u00e9s au pouvoir de Faure Gnassingb\u00e9.<\/p>\n<p>Si pour ce qui concerne le pr\u00e9sident du Mouvement des R\u00e9publicains Centristes (MRC) Abass\u00a0Kaboua, c\u2019est l\u2019information relative \u00e0 l\u2019intrusion d\u2019un nouveau d\u00e9tenu dans son lieu de d\u00e9tention qui provoque les appr\u00e9hensions, pour l\u2019ancien patron du service de renseignement\u00a0de la gendarmerie nationale, on parle d\u2019une r\u00e9union tenue \u00e0 Pya, son village natale qui se trouve \u00eatre \u00e9galement celui du Chef de l\u2019Etat. Cette rencontre \u00e0 laquelle aurait particip\u00e9 des officiers en fonction ainsi que d\u2019autres \u00e0 la retraite, scellerait le sort du t\u00e9m\u00e9raire ancien commandant de la gendarmerie.<\/p>\n<p>Le jeudi 29 ao\u00fbt 2013, la Chambre d\u2019Accusation de la Cour d\u2019appel de Lom\u00e9 \u00e0 pris un arr\u00eat d\u00e9favorable \u00e0 une demande de mise en libert\u00e9 provisoire du pr\u00e9sident de l\u2019Association des Victimes de la Torture du Togo (ASSVITO). Une organisation que l\u2019ancien officier de gendarmerie a cr\u00e9\u00e9e pour lutter contre la torture au Togo, apr\u00e8s en avoir \u00e9t\u00e9 victime dans l\u2019affaire d\u2019atteinte \u00e0 la suret\u00e9 de l\u2019Etat, o\u00f9 il a \u00e9t\u00e9 selon lui, injustement impliqu\u00e9, arr\u00eat\u00e9, d\u00e9tenu dans des conditions difficiles puis condamn\u00e9 malgr\u00e9 une demande de relaxe pour insuffisance de preuves, plaid\u00e9e par le Parquet g\u00e9n\u00e9ral auteur de sa poursuite.<\/p>\n<p>Malgr\u00e9 les d\u00e9marches pour l\u2019en dissuader, le Cdt\u00a0Olivier Amah\u00a0a cr\u00e9\u00e9 ASSVITO qu\u2019il a fait adh\u00e9rer au Collectif \u00ab Sauvons le Togo \u00bb. Finalement, il sera inculp\u00e9 pour avoir lanc\u00e9 un appel \u00e0 la d\u00e9sob\u00e9issance de l\u2019arm\u00e9e. Une accusation qu\u2019il rejette. Quant \u00e0 Abass kaboua, son inculpation fait\u00a0suite aux incendies des march\u00e9s de Kara\u00a0et Lom\u00e9. Des drames survenus alors qu\u2019il \u00e9tait aux soins en France, mais dans lesquels on a trouv\u00e9 le moyen de l\u2019inculper. Les deux sont pour cela consid\u00e9r\u00e9s comme des prisonniers politiques.<\/p>\n<p>Aghu \u00a0koaci.com<\/p>\n<p>&nbsp;<\/p>\n","protected":false},"excerpt":{"rendered":"<p>D\u00e9tenus dans deux centres p\u00e9nitenciers diff\u00e9rents, le sort du Commandant Olivier Amah\u00a0et celui de Kaboua\u00a0Abass, pr\u00e9occupent leurs parents. Ce que les journaux ne se privent de relayer, \u00e9voquant une r\u00e9union secr\u00e8te.<\/p>\n","protected":false},"author":7,"featured_media":0,"comment_status":"closed","ping_status":"open","sticky":false,"template":"","format":"standard","meta":[],"categories":[1],"tags":[],"_links":{"self":[{"href":"http:\/\/mtn-togo.org\/index.php?rest_route=\/wp\/v2\/posts\/3142"}],"collection":[{"href":"http:\/\/mtn-togo.org\/index.php?rest_route=\/wp\/v2\/posts"}],"about":[{"href":"http:\/\/mtn-togo.org\/index.php?rest_route=\/wp\/v2\/types\/post"}],"author":[{"embeddable":true,"href":"http:\/\/mtn-togo.org\/index.php?rest_route=\/wp\/v2\/users\/7"}],"replies":[{"embeddable":true,"href":"http:\/\/mtn-togo.org\/index.php?rest_route=%2Fwp%2Fv2%2Fcomments&post=3142"}],"version-history":[{"count":2,"href":"http:\/\/mtn-togo.org\/index.php?rest_route=\/wp\/v2\/posts\/3142\/revisions"}],"predecessor-version":[{"id":3144,"href":"http:\/\/mtn-togo.org\/index.php?rest_route=\/wp\/v2\/posts\/3142\/revisions\/3144"}],"wp:attachment":[{"href":"http:\/\/mtn-togo.org\/index.php?rest_route=%2Fwp%2Fv2%2Fmedia&parent=3142"}],"wp:term":[{"taxonomy":"category","embeddable":true,"href":"http:\/\/mtn-togo.org\/index.php?rest_route=%2Fwp%2Fv2%2Fcategories&post=3142"},{"taxonomy":"post_tag","embeddable":true,"href":"http:\/\/mtn-togo.org\/index.php?rest_route=%2Fwp%2Fv2%2Ftags&post=3142"}],"curies":[{"name":"wp","href":"https:\/\/api.w.org\/{rel}","templated":true}]}}