{"id":3154,"date":"2013-09-14T14:24:37","date_gmt":"2013-09-14T19:24:37","guid":{"rendered":"http:\/\/mtn-togo.org\/?p=3154"},"modified":"2013-09-14T14:24:59","modified_gmt":"2013-09-14T19:24:59","slug":"faure-gnassingbe-et-ahoomey-zunu-cherchent-desesperement-candidats-pour-prendre-part-au-gouvernement","status":"publish","type":"post","link":"http:\/\/mtn-togo.org\/?p=3154","title":{"rendered":"Faure Gnassingb\u00e9 et Ahoomey-Zunu cherchent d\u00e9sesp\u00e9r\u00e9ment candidats pour prendre part au gouvernement"},"content":{"rendered":"<p><strong>Le Collectif \u00ab Sauvons le Togo \u00bb et la Coalition Arc-En-Ciel viennent de donner une belle le\u00e7on de conduite aux vautours du pouvoir.<\/strong><br \/>\n\u00a0<br \/>\n<a href=\"http:\/\/mtn-togo.org\/wp-content\/uploads\/2013\/09\/Faure-Gnassingb\u00e9-et-Ahoomey-Zunu.jpg\"><img loading=\"lazy\" class=\"alignleft size-full wp-image-3155\" alt=\"Faure Gnassingb\u00e9 et Ahoomey-Zunu\" src=\"http:\/\/mtn-togo.org\/wp-content\/uploads\/2013\/09\/Faure-Gnassingb\u00e9-et-Ahoomey-Zunu.jpg\" width=\"150\" height=\"125\" \/><\/a>Aucun des deux regroupements ne veut prendre part au gouvernement que souhaitent former Faure Gnassingb\u00e9 et son Premier Ministre Ahoomey-Zunu. C\u2019est ce qui ressort des consultations initi\u00e9es en d\u00e9but de semaine par l\u2019homme de Kp\u00e9l\u00e9 Tchavi\u00e9 sur instruction de son mentor.<\/p>\n<p><!--more--><br \/>\n\u00a0<br \/>\nFinalement d\u00e9sempar\u00e9s, ils tournent en rond pour trouver des candidats cr\u00e9dibles susceptibles de donner une pr\u00e9sence et une aura au prochain gouvernement. Quelle merde !!!!<br \/>\n\u00a0<br \/>\nPour \u00eatre honn\u00eate, aucun intellectuel fiable et abouti ne voudra vraiment s\u2019associer \u00e0 une \u00e9quipe dont les meneurs tanguent au gr\u00e9 du vent. C\u2019est une \u00e9vidence.<br \/>\n\u00a0<br \/>\nL\u2019exercice du pouvoir requiert des valeurs et imposent aux dirigeants un sens aigu du sacrifice et une vision pragmatique pour le devenir de la nation.<br \/>\n\u00a0<br \/>\nEn clair, bien plus qu\u2019un simple instrument de jouissance et de r\u00e8glement de compte politique, le pouvoir est avant tout un pi\u00e9destal dont les pieds reposent sur le don de soi, le suppl\u00e9ment d\u2019\u00e2me et l\u2019\u00e9l\u00e9vation permanente au-dessus de l\u2019ordinaire.<br \/>\n\u00a0<br \/>\nEn rigueur de terme, il faut juste retenir que le pouvoir exige un parall\u00e9lisme de forme. Sa nature \u00e9tant par essence extraordinaire, il ne peut \u00eatre exerc\u00e9 par des gens qui m\u00e8nent une vie ordinaire, c\u2019est-\u00e0-dire une vie domin\u00e9e par les penchants instinctifs, donc du niveau primaire.<br \/>\n\u00a0<br \/>\nDans la situation actuelle du Togo, il ne fait l\u2019ombre d\u2019aucun doute que les valeurs dont nous parlons sont des denr\u00e9es les moins partag\u00e9es possibles dans la caste dirigeante.<\/p>\n<p>&nbsp;<\/p>\n<p>Les balbutiements r\u00e9p\u00e9titifs que l\u2019on note dans la prise de d\u00e9cision et dans la conduite des affaires de l\u2019Etat sont la preuve \u00e9clatante que la gouvernance actuelle du fils du feu g\u00e9n\u00e9ral Eyadema a du plomb dans l\u2019aile, faute d\u2019un rayon lumineux qui pourrait \u00e9clairer sa lanterne.<br \/>\n\u00a0<br \/>\nToujours retranch\u00e9 dans sa tour d\u2019ivoire et peu enclin \u00e0 l\u2019inspensable contact humain, le Pr\u00e9sident de la R\u00e9publique a du mal \u00e0 prendre le pouls r\u00e9el du terrain surtout que sa seule et r\u00e9elle source d\u2019informations reste ses services de renseignement qui caricaturent, biaisent et filtrent all\u00e8grement les informations qu\u2019ils lui fournissent, ce qui fait que tr\u00e8s souvent, ses d\u00e9cisions sont en d\u00e9phasage complet avec le r\u00e9el.<br \/>\n\u00a0<br \/>\nDu coup l\u2019on tombe dans un sch\u00e9ma o\u00f9 les esprits \u00e9clair\u00e9s \u00e9vitent litt\u00e9ralement de s\u2019associer \u00e0 l\u2019exercice d\u2019un tel pouvoir. Bref, dans le contexte actuel, il faut effectivement \u00eatre un myope politique et un irr\u00e9sistible assoiff\u00e9 du bien mat\u00e9riel pour accepter rentrer dans l\u2019\u00e9quipe gouvernementale qui est en voie de prendre corps.<br \/>\n\u00a0<br \/>\nAu final, l\u2019on va s\u2019acheminer manifestement vers une \u00e9quipe gouvernementale qui ne comprendra que les \u00ab ventrocrates \u00bb de UNIR et ceux de l\u2019UFC de Fo\u00a0Gil. C\u2019est logique. Car tout le monde sait, \u00e0 la lumi\u00e8re des r\u00e9sultats des derni\u00e8res \u00e9lections l\u00e9gislatives que Fo\u00a0Gil\u00a0et son parti n\u2019ont plus d\u2019assise politique au Togo. Ils ne peuvent alors avoir du salut qu\u2019en s\u2019adossant \u00e0 UNIR et \u00e0 son Chef.<br \/>\n\u00a0<br \/>\nMais Faure\u00a0Gnassingb\u00e9 aurait pu se passer de Gilchrist\u00a0Olympio\u00a0et de son UFC qui lui sont finalement plus encombrants que vraiment utiles. Seulement voil\u00e0, d\u00e8s lors que son Premier Ministre n\u2019a pas pu r\u00e9ussir \u00e0 mettre la main sur des gens cr\u00e9dibles \u00e0 enr\u00f4ler au gouvernement, il se voit bien oblig\u00e9 de les utiliser, encore une fois, comme une b\u00e9quille pouvant donner un semblant d\u2019ouverture \u00e0 cette \u00e9quipe gouvernementale en voie d\u2019\u00eatre mise sur pied.<br \/>\n\u00a0<br \/>\nAu regard de tout ce qui proc\u00e8de, l\u2019on est fond\u00e9 \u00e0 se poser la question suivante : Ce colmatage pourrait avoir la chance de durer encore combien de temps sur la terre de nos a\u00efeux ?<br \/>\n\u00a0<br \/>\ntogoinfos\/togoactualite.com<\/p>\n","protected":false},"excerpt":{"rendered":"<p>Le Collectif \u00ab Sauvons le Togo \u00bb et la Coalition Arc-En-Ciel viennent de donner une belle le\u00e7on de conduite aux vautours du pouvoir. \u00a0 Aucun des deux regroupements ne veut prendre part au gouvernement que souhaitent former Faure Gnassingb\u00e9 et son Premier Ministre Ahoomey-Zunu. C\u2019est ce qui ressort des consultations initi\u00e9es en d\u00e9but de semaine [&hellip;]<\/p>\n","protected":false},"author":7,"featured_media":0,"comment_status":"closed","ping_status":"open","sticky":false,"template":"","format":"standard","meta":[],"categories":[1],"tags":[],"_links":{"self":[{"href":"http:\/\/mtn-togo.org\/index.php?rest_route=\/wp\/v2\/posts\/3154"}],"collection":[{"href":"http:\/\/mtn-togo.org\/index.php?rest_route=\/wp\/v2\/posts"}],"about":[{"href":"http:\/\/mtn-togo.org\/index.php?rest_route=\/wp\/v2\/types\/post"}],"author":[{"embeddable":true,"href":"http:\/\/mtn-togo.org\/index.php?rest_route=\/wp\/v2\/users\/7"}],"replies":[{"embeddable":true,"href":"http:\/\/mtn-togo.org\/index.php?rest_route=%2Fwp%2Fv2%2Fcomments&post=3154"}],"version-history":[{"count":2,"href":"http:\/\/mtn-togo.org\/index.php?rest_route=\/wp\/v2\/posts\/3154\/revisions"}],"predecessor-version":[{"id":3157,"href":"http:\/\/mtn-togo.org\/index.php?rest_route=\/wp\/v2\/posts\/3154\/revisions\/3157"}],"wp:attachment":[{"href":"http:\/\/mtn-togo.org\/index.php?rest_route=%2Fwp%2Fv2%2Fmedia&parent=3154"}],"wp:term":[{"taxonomy":"category","embeddable":true,"href":"http:\/\/mtn-togo.org\/index.php?rest_route=%2Fwp%2Fv2%2Fcategories&post=3154"},{"taxonomy":"post_tag","embeddable":true,"href":"http:\/\/mtn-togo.org\/index.php?rest_route=%2Fwp%2Fv2%2Ftags&post=3154"}],"curies":[{"name":"wp","href":"https:\/\/api.w.org\/{rel}","templated":true}]}}