{"id":3169,"date":"2013-09-27T03:09:53","date_gmt":"2013-09-27T08:09:53","guid":{"rendered":"http:\/\/mtn-togo.org\/?p=3169"},"modified":"2013-09-27T03:12:05","modified_gmt":"2013-09-27T08:12:05","slug":"liberation-provisoire-dabass-kaboua-president-du-mouvement-des-republicains-centristes-mrc-communique-de-me-djovi-gally-et-de-me-dodji-k-a-pe-von-avocats-au-barreau-de-lome","status":"publish","type":"post","link":"http:\/\/mtn-togo.org\/?p=3169","title":{"rendered":"Lib\u00e9ration provisoire d&#8217;Abass Kaboua, Pr\u00e9sident du Mouvement des R\u00e9publicains Centristes (MRC): Communiqu\u00e9 de Me Djovi GALLY  et de Me Dodji K. A PE VON Avocats au Barreau de Lom\u00e9"},"content":{"rendered":"<div>\n<div>\n<div>\n<p><a href=\"http:\/\/mtn-togo.org\/wp-content\/uploads\/2013\/09\/Abass-Kaboua-lib\u00e9r\u00e9.png\"><img loading=\"lazy\" class=\"alignleft size-full wp-image-3170\" alt=\"Abass Kaboua lib\u00e9r\u00e9\" src=\"http:\/\/mtn-togo.org\/wp-content\/uploads\/2013\/09\/Abass-Kaboua-lib\u00e9r\u00e9.png\" width=\"300\" height=\"168\" \/><\/a>Le Doyen des Juges d\u2019instruction, M. ldrissou\u00a0TCHAGBA\u00a0vient de rendre ce jour, 25 septembre 2013, une ordonnance de mise en libert\u00e9 provisoire, sous contr\u00f4le judiciaire, en faveur de M. Abass\u00a0KABOUA, Pr\u00e9sident du MRC\u00a0(Mouvement des R\u00e9publicains Centristes), dans l\u2019affaire des incendies des march\u00e9s de Lom\u00e9 et de Kara.<!--more--><\/p>\n<p>Cette d\u00e9cision fait suite \u00e0 la double requ\u00eate introduite par les avocats de la D\u00e9fense, le 04 et le 17 septembre 2013.<\/p>\n<p>La mesure favorable intervenue ce jour est fond\u00e9e sur le rapport d\u2019expertise m\u00e9dicale en date du 13 septembre 2013, ordonn\u00e9e par le Doyen des Juges d\u2019instruction, et qui a conclu sans \u00e9quivoque que notre client est malade.<\/p>\n<p>C\u2019est le lieu de saluer le travail rigoureux, s\u00e9rieux, et absolument professionnel accompli par le coll\u00e8ge des six (6) m\u00e9decins experts, sous la conduite du Professeur SONGNE\u00a0Bodjona.<\/p>\n<p>Les avocats de la D\u00e9fense saluent la d\u00e9cision de ce jour prise\u00a0dans les r\u00e8gles de l\u2019art. Il y a lieu de souligner \u00e9galement que le Procureur de la R\u00e9publique a, lui aussi,requis la mise en libert\u00e9 provisoire de M. Abass\u00a0KABOUA.<\/p>\n<p>La Justice togolaise a donc marqu\u00e9 un point dans cette t\u00e9n\u00e9breuse affaire d\u2019incendies.<\/p>\n<p>Fait \u00e0 Lom\u00e9, le 25 septembre 2013<\/p>\n<\/div>\n<\/div>\n<\/div>\n<p><!--        < ?php   --><!--\t\tif ( arras_get_option('display_author') ) {  --><!--\t\t\tarras_post_aboutauthor();  --><!--\t\t}  --><!--        ?>  --><\/p>\n","protected":false},"excerpt":{"rendered":"<p>Le Doyen des Juges d\u2019instruction, M. ldrissou\u00a0TCHAGBA\u00a0vient de rendre ce jour, 25 septembre 2013, une ordonnance de mise en libert\u00e9 provisoire, sous contr\u00f4le judiciaire, en faveur de M. Abass\u00a0KABOUA, Pr\u00e9sident du MRC\u00a0(Mouvement des R\u00e9publicains Centristes), dans l\u2019affaire des incendies des march\u00e9s de Lom\u00e9 et de Kara.<\/p>\n","protected":false},"author":7,"featured_media":0,"comment_status":"closed","ping_status":"open","sticky":false,"template":"","format":"standard","meta":[],"categories":[1],"tags":[205,309,343],"_links":{"self":[{"href":"http:\/\/mtn-togo.org\/index.php?rest_route=\/wp\/v2\/posts\/3169"}],"collection":[{"href":"http:\/\/mtn-togo.org\/index.php?rest_route=\/wp\/v2\/posts"}],"about":[{"href":"http:\/\/mtn-togo.org\/index.php?rest_route=\/wp\/v2\/types\/post"}],"author":[{"embeddable":true,"href":"http:\/\/mtn-togo.org\/index.php?rest_route=\/wp\/v2\/users\/7"}],"replies":[{"embeddable":true,"href":"http:\/\/mtn-togo.org\/index.php?rest_route=%2Fwp%2Fv2%2Fcomments&post=3169"}],"version-history":[{"count":2,"href":"http:\/\/mtn-togo.org\/index.php?rest_route=\/wp\/v2\/posts\/3169\/revisions"}],"predecessor-version":[{"id":3172,"href":"http:\/\/mtn-togo.org\/index.php?rest_route=\/wp\/v2\/posts\/3169\/revisions\/3172"}],"wp:attachment":[{"href":"http:\/\/mtn-togo.org\/index.php?rest_route=%2Fwp%2Fv2%2Fmedia&parent=3169"}],"wp:term":[{"taxonomy":"category","embeddable":true,"href":"http:\/\/mtn-togo.org\/index.php?rest_route=%2Fwp%2Fv2%2Fcategories&post=3169"},{"taxonomy":"post_tag","embeddable":true,"href":"http:\/\/mtn-togo.org\/index.php?rest_route=%2Fwp%2Fv2%2Ftags&post=3169"}],"curies":[{"name":"wp","href":"https:\/\/api.w.org\/{rel}","templated":true}]}}