{"id":3177,"date":"2013-09-27T08:10:34","date_gmt":"2013-09-27T13:10:34","guid":{"rendered":"http:\/\/mtn-togo.org\/?p=3177"},"modified":"2013-09-27T08:13:33","modified_gmt":"2013-09-27T13:13:33","slug":"de-la-prison-civile-de-notse-abass-kaboua-fit-dabord-un-detour-au-domicile-de-pascal-bodjonatout-un-symbol-pour-les-deux-anciens-prisonniers-de-faure-gnassingbe","status":"publish","type":"post","link":"http:\/\/mtn-togo.org\/?p=3177","title":{"rendered":"De la prison civile de Nots\u00e8, Abass Kaboua fit d\u2019abord un d\u00e9tour au domicile de Pascal Bodjona,tout un symbol pour les deux anciens prisonniers de Faure Gnassingb\u00e9."},"content":{"rendered":"<p>\u00a0<a href=\"http:\/\/mtn-togo.org\/wp-content\/uploads\/2013\/09\/Abass-Kaboua-et-Pascal-Bodjona.jpg\"><img loading=\"lazy\" class=\"alignleft size-medium wp-image-3178\" alt=\"Abass Kaboua et  Pascal Bodjona\" src=\"http:\/\/mtn-togo.org\/wp-content\/uploads\/2013\/09\/Abass-Kaboua-et-Pascal-Bodjona-300x199.jpg\" width=\"300\" height=\"199\" srcset=\"http:\/\/mtn-togo.org\/wp-content\/uploads\/2013\/09\/Abass-Kaboua-et-Pascal-Bodjona-300x199.jpg 300w, http:\/\/mtn-togo.org\/wp-content\/uploads\/2013\/09\/Abass-Kaboua-et-Pascal-Bodjona.jpg 470w\" sizes=\"(max-width: 300px) 100vw, 300px\" \/><\/a>A peine\u00a0est-il sorti du centre p\u00e9nitencier de Nots\u00e8, o\u00f9 il \u00e9tait d\u00e9tenu dans des conditions d\u00e9plorables, que le pr\u00e9sident du Mouvement des R\u00e9publicains Centristes (MRC) confirme son engagement \u00e0 poursuivre sa lutte contre le pouvoir en place.<br \/>\n<!--more--><br \/>\nArr\u00eat\u00e9 le 30 mai 2013 dans \u00ab la t\u00e9n\u00e9breuse affaire des incendies\u00bb, Abass\u00a0Kaboua\u00a0b\u00e9n\u00e9ficie depuis le mercredi 25 septembre d\u2019une mise en libert\u00e9 provisoire. Il aura pass\u00e9 en tout quatre (04) mois en d\u00e9tention au centre p\u00e9nitencier de Nots\u00e8, dans des conditions difficiles. Beaucoup pourraient penser que cette \u00e9preuve va contribuer \u00e0 \u00e9roder son engagement politique en faveur du changement, mais le pr\u00e9sident du Mouvement des R\u00e9publicains Centristes (MRC) a tenu \u00e0 remettre les choses \u00e0 leur place.<\/p>\n<p>De la prison civile de Nots\u00e8, Abass\u00a0Kaboua\u00a0fit d\u2019abord un d\u00e9tour au domicile de son cousin, Pascal Bodjona. L\u2019ancien fid\u00e8le et proche collaborateur du Pr\u00e9sident de la R\u00e9publique tomb\u00e9 en disgr\u00e2ce dans la rocambolesque affaire \u00ab Abass Al Youssef\u00a0\u00bb dans laquelle il a \u00e9t\u00e9 inculp\u00e9 avec l\u2019homme d\u2019affaires togolais Bertin\u00a0Agba, est depuis devenu infr\u00e9quentable. L\u2019ancien Directeur de cabinet du Pr\u00e9sident de la R\u00e9publique n\u2019est pas moins rest\u00e9 redout\u00e9 de ses anciens amis au pouvoir. Le natif de Koum\u00e9a \u00e0 qui on pr\u00eate des ambitions politiques, est devenu discret depuis sa mise en libert\u00e9 provisoire.<br \/>\nMais cette visite du d\u00e9tenu de la prison civile de Nots\u00e8 au \u00ab banni \u00bb de Faure\u00a0Gnassingb\u00e9 suffit en elle seule pour exprimer la r\u00e9solution du pr\u00e9sident du MRC\u00a0\u00e0 aller au bout de sa lutte. Mieux, il l\u2019a indiqu\u00e9 au micro d\u2019une radio priv\u00e9e locale. \u00ab J\u2019ai pass\u00e9 quatre mois en prison gratuitement et par m\u00e9chancet\u00e9. Ceux qui nous gouvernent\u00a0aiment humilier les adversaires, mais je suis l\u00e0, c\u2019est Dieu seul qui d\u00e9cide du sort de chacun de nous \u00bb, a d\u00e9clar\u00e9 M. Kaboua.<\/p>\n<p>Le pr\u00e9sident du MRC\u00a0qui a profit\u00e9 de l\u2019occasion pour r\u00e9it\u00e9rer son soutien \u00e0 la Synergie des Travailleurs du Togo (STT), a affirm\u00e9 que rien n\u2019a chang\u00e9 \u00e0 ses convictions politiques. Abass Kaboua\u00a0est l\u2019un des principaux animateurs du Collectif Sauvons le Togo (CST), un regroupement de partis d\u2019opposition et d\u2019organisations de d\u00e9fense des droits de l\u2019homme.<\/p>\n<p>Aghu\u00a0 koaci.com<\/p>\n","protected":false},"excerpt":{"rendered":"<p>\u00a0A peine\u00a0est-il sorti du centre p\u00e9nitencier de Nots\u00e8, o\u00f9 il \u00e9tait d\u00e9tenu dans des conditions d\u00e9plorables, que le pr\u00e9sident du Mouvement des R\u00e9publicains Centristes (MRC) confirme son engagement \u00e0 poursuivre sa lutte contre le pouvoir en place.<\/p>\n","protected":false},"author":7,"featured_media":0,"comment_status":"closed","ping_status":"open","sticky":false,"template":"","format":"standard","meta":[],"categories":[1],"tags":[],"_links":{"self":[{"href":"http:\/\/mtn-togo.org\/index.php?rest_route=\/wp\/v2\/posts\/3177"}],"collection":[{"href":"http:\/\/mtn-togo.org\/index.php?rest_route=\/wp\/v2\/posts"}],"about":[{"href":"http:\/\/mtn-togo.org\/index.php?rest_route=\/wp\/v2\/types\/post"}],"author":[{"embeddable":true,"href":"http:\/\/mtn-togo.org\/index.php?rest_route=\/wp\/v2\/users\/7"}],"replies":[{"embeddable":true,"href":"http:\/\/mtn-togo.org\/index.php?rest_route=%2Fwp%2Fv2%2Fcomments&post=3177"}],"version-history":[{"count":3,"href":"http:\/\/mtn-togo.org\/index.php?rest_route=\/wp\/v2\/posts\/3177\/revisions"}],"predecessor-version":[{"id":3180,"href":"http:\/\/mtn-togo.org\/index.php?rest_route=\/wp\/v2\/posts\/3177\/revisions\/3180"}],"wp:attachment":[{"href":"http:\/\/mtn-togo.org\/index.php?rest_route=%2Fwp%2Fv2%2Fmedia&parent=3177"}],"wp:term":[{"taxonomy":"category","embeddable":true,"href":"http:\/\/mtn-togo.org\/index.php?rest_route=%2Fwp%2Fv2%2Fcategories&post=3177"},{"taxonomy":"post_tag","embeddable":true,"href":"http:\/\/mtn-togo.org\/index.php?rest_route=%2Fwp%2Fv2%2Ftags&post=3177"}],"curies":[{"name":"wp","href":"https:\/\/api.w.org\/{rel}","templated":true}]}}