{"id":3186,"date":"2013-10-05T10:56:54","date_gmt":"2013-10-05T15:56:54","guid":{"rendered":"http:\/\/mtn-togo.org\/?p=3186"},"modified":"2013-10-07T11:35:15","modified_gmt":"2013-10-07T16:35:15","slug":"togo-message-du-mo5-a-loccasion-du-23e-anniversaire-du-soulevement-populaire-du-5-octobre-1990","status":"publish","type":"post","link":"http:\/\/mtn-togo.org\/?p=3186","title":{"rendered":"Message du MO5 \u00e0 l\u2019occasion du 23e anniversaire du soul\u00e8vement populaire du 5 octobre 1990 : Togo, seule la lutte lib\u00e8re!"},"content":{"rendered":"<p><a href=\"http:\/\/mtn-togo.org\/wp-content\/uploads\/2013\/10\/mo5_052013.jpg\"><img loading=\"lazy\" class=\"alignleft size-full wp-image-3187\" alt=\"mo5_052013\" src=\"http:\/\/mtn-togo.org\/wp-content\/uploads\/2013\/10\/mo5_052013.jpg\" width=\"200\" height=\"87\" \/><\/a><span style=\"color: #3366ff;\"><strong>&#8221;Il est inconcevable que la communaut\u00e9 dite internationale qui soutient <span style=\"color: #ff0000;\">la lutte arm\u00e9e<\/span>\u00a0sous d\u2019autres cieux, reste sourde\u00a0aux cris de d\u00e9tresse du peuple pacifique togolais. C\u2019est pourquoi, dans une dynamique d\u2019ensemble, l\u2019opposition d\u00e9mocratique doit courageusement <span style=\"color: #ff0000;\">changer de strat\u00e9gie de combat<\/span>. Pour ce faire, la main b\u00e2tisseuse du Mouvement patriotique du 5 octobre (MO5) ne saurait manquer \u00e0 <span style=\"color: #ff0000;\">son devoir<\/span>.&#8221;<\/strong><\/span><\/p>\n<p><strong>Peuple du Togo, Chers compatriotes, Chers militants de la D\u00e9mocratie\u00a0;<!--more--><\/strong><\/p>\n<p>La c\u00e9l\u00e9bration du 5 octobre 1990, journ\u00e9e de la Jeunesse togolaise, constitue pour chacun d\u2019entre nous un moment solennel de rappel de notre palpitante histoire, et une occasion de nous incliner devant la m\u00e9moire de nos Martyrs qui ont su m\u00ealer h\u00e9ro\u00efquement le nom de la R\u00e9publique \u00e0 leur sang. Qu\u2019il nous soit \u00e9galement permis de rendre un vibrant hommage aux diff\u00e9rents acteurs de cet \u00e9v\u00e9nement, singuli\u00e8rement des patriotes qui ont souffert dans leur chair.<\/p>\n<p>Le 5 octobre, c\u2019est le renouvellement de notre foi dans la lutte d\u00e9mocratique. C\u2019est aussi un moment exceptionnel pour saluer le vaillant peuple togolais en g\u00e9n\u00e9ral, et les militants de la d\u00e9mocratie en particulier pour le juste combat men\u00e9 depuis des d\u00e9cennies contre la dictature militaro-civile du clan Gnassingb\u00e9.<\/p>\n<p><strong>Chers compatriotes,<\/strong><\/p>\n<p>Ce n\u2019est pas une r\u00e9v\u00e9lation quand nous affirmons que la dictature perdure au Togo avec la complaisance et l\u2019indiff\u00e9rence d\u2019une certaine communaut\u00e9 dite internationale. Plusieurs militants de l\u2019opposition sont tu\u00e9s ou croupissent innocemment dans des ge\u00f4les du pays. Des m\u00e9dias jug\u00e9s proches de l\u2019opposition, comme Radio L\u00e9gende et X- solaire, sont abusivement ferm\u00e9s. L\u2019impunit\u00e9 a \u00e9lu domicile au Togo depuis belle lurette.<\/p>\n<p>Si ailleurs les \u00e9lections constituent un moyen de forger ou de consolider l\u2019Etat de droit \u00e0 travers le choix libre des dirigeants, au Togo du clan elles riment avec la tricherie, le mensonge des urnes qui accentue le drame du pays.<\/p>\n<p><strong>Chers compatriotes, chers militants de la d\u00e9mocratie,<\/strong><\/p>\n<p>Nous ne le dirons jamais assez\u00a0: notre destin est entre nos mains, pour autant que nous sachions r\u00e9agir au drame que vit notre cher Togo. La concr\u00e9tisation des aspirations profondes de nos populations requiert une abn\u00e9gation. La lutte pour la lib\u00e9ration d\u2019un peuple doit \u00eatre d\u00e9pourvue de jactance et de gloriole. Seule l\u2019Histoire jugera au regard des r\u00e9sultats engrang\u00e9s dans la lutte pour la d\u00e9mocratie.<\/p>\n<p>Nous luttons pour que la terre de nos a\u00efeux recouvre sa dignit\u00e9, et cette lutte exige de nous un comportement digne et idoine. Face \u00e0 la dictature qui r\u00e9gente notre pays durant des lustres, nous n\u2019avons pas le droit de nous dissiper dans des querelles futiles et st\u00e9riles qui n\u2019auront pour r\u00e9sultats que de nous diviser plus, alors que les forces d\u00e9mocratiques ont tout int\u00e9r\u00eat \u00e0 s\u2019unir. Une opposition divis\u00e9e est une opposition fragilis\u00e9e. Si nous sommes unis, notre dynamique sera une dynamite contre la dictature. Chers compatriotes, dans un \u00e9lan unitaire, continuons donc autrement la lutte pour changer les rapports de forces sur le terrain. Rien ne serait plus dangereux que de confondre les vicissitudes du moment et \u00e9chec.<\/p>\n<p>Encore une fois, que l\u2019amour de la patrie prenne<\/p>\n<p>le pas sur des consid\u00e9rations personnelles\u00a0!<\/p>\n<p>C\u2019est un appel renouvel\u00e9 \u00e0 l\u2019adresse de tous les Togolais, aussi bien de l\u2019int\u00e9rieur que de la diaspora. Mais une diaspora \u00e9clair\u00e9e par la charge des responsabilit\u00e9s qui se doivent d\u2019\u00eatre les siennes, et non celle dessin\u00e9e par le pouvoir autoritaire de Lom\u00e9. Nous n\u2019avons pas la pr\u00e9tention de donner des le\u00e7ons, m\u00eame lorsque la taille des d\u00e9fis nous ram\u00e8ne constamment au rappel du bon code de conduite qui doit pr\u00e9valoir parmi les membres de la diaspora qui sont appel\u00e9s \u00e0 un r\u00f4le autrement plus constructif que de soutien \u00e0 une dictature . Loin \u00e9galement des sir\u00e8nes du tribalisme, de la haine et des coups bas.<\/p>\n<p><strong>Chers compatriotes,<\/strong><\/p>\n<p>Notre lutte doit\u00a0d\u00e9sormais \u00eatre multiforme. Il est inconcevable que la communaut\u00e9 dite internationale qui soutient la lutte arm\u00e9e sous d\u2019autres cieux, reste sourde\u00a0aux cris de d\u00e9tresse du peuple pacifique togolais. C\u2019est pourquoi, dans une dynamique d\u2019ensemble, l\u2019opposition d\u00e9mocratique doit courageusement changer de strat\u00e9gie de combat. Pour ce faire, la main b\u00e2tisseuse du Mouvement patriotique du 5 octobre (MO5) ne saurait manquer \u00e0 son devoir.<\/p>\n<p>Chers compatriotes, ayons foi dans l\u2019avenir du<\/p>\n<p>Togo. Seule la lutte lib\u00e8re\u00a0!<\/p>\n<p><strong>Fait \u00e0 Bruxelles, le 3 octobre 2013.<\/strong><\/p>\n<p>Eloi\u00a0Koussawo,<\/p>\n<p>Coordinateur G\u00e9n\u00e9ral du MO5<\/p>\n<p><a href=\"http:\/\/www.mtn-togo.org\/\">www.mtn-togo.org<\/a><\/p>\n<p>&nbsp;<\/p>\n","protected":false},"excerpt":{"rendered":"<p>&#8221;Il est inconcevable que la communaut\u00e9 dite internationale qui soutient la lutte arm\u00e9e\u00a0sous d\u2019autres cieux, reste sourde\u00a0aux cris de d\u00e9tresse du peuple pacifique togolais. C\u2019est pourquoi, dans une dynamique d\u2019ensemble, l\u2019opposition d\u00e9mocratique doit courageusement changer de strat\u00e9gie de combat. Pour ce faire, la main b\u00e2tisseuse du Mouvement patriotique du 5 octobre (MO5) ne saurait manquer [&hellip;]<\/p>\n","protected":false},"author":7,"featured_media":0,"comment_status":"closed","ping_status":"open","sticky":false,"template":"","format":"standard","meta":[],"categories":[1],"tags":[],"_links":{"self":[{"href":"http:\/\/mtn-togo.org\/index.php?rest_route=\/wp\/v2\/posts\/3186"}],"collection":[{"href":"http:\/\/mtn-togo.org\/index.php?rest_route=\/wp\/v2\/posts"}],"about":[{"href":"http:\/\/mtn-togo.org\/index.php?rest_route=\/wp\/v2\/types\/post"}],"author":[{"embeddable":true,"href":"http:\/\/mtn-togo.org\/index.php?rest_route=\/wp\/v2\/users\/7"}],"replies":[{"embeddable":true,"href":"http:\/\/mtn-togo.org\/index.php?rest_route=%2Fwp%2Fv2%2Fcomments&post=3186"}],"version-history":[{"count":6,"href":"http:\/\/mtn-togo.org\/index.php?rest_route=\/wp\/v2\/posts\/3186\/revisions"}],"predecessor-version":[{"id":3205,"href":"http:\/\/mtn-togo.org\/index.php?rest_route=\/wp\/v2\/posts\/3186\/revisions\/3205"}],"wp:attachment":[{"href":"http:\/\/mtn-togo.org\/index.php?rest_route=%2Fwp%2Fv2%2Fmedia&parent=3186"}],"wp:term":[{"taxonomy":"category","embeddable":true,"href":"http:\/\/mtn-togo.org\/index.php?rest_route=%2Fwp%2Fv2%2Fcategories&post=3186"},{"taxonomy":"post_tag","embeddable":true,"href":"http:\/\/mtn-togo.org\/index.php?rest_route=%2Fwp%2Fv2%2Ftags&post=3186"}],"curies":[{"name":"wp","href":"https:\/\/api.w.org\/{rel}","templated":true}]}}