{"id":3215,"date":"2013-10-15T22:45:38","date_gmt":"2013-10-16T03:45:38","guid":{"rendered":"http:\/\/mtn-togo.org\/?p=3215"},"modified":"2013-10-15T22:45:38","modified_gmt":"2013-10-16T03:45:38","slug":"affaire-bodjona-pourvoi-en-cassation-devant-la-cour-supreme-le-feuilleton-politico-juridico-mafieu-poursuit-son-episode-sous-les-ficelles-de-faure-gnassingbe","status":"publish","type":"post","link":"http:\/\/mtn-togo.org\/?p=3215","title":{"rendered":"Affaire Bodjona : pourvoi en cassation devant la cour supr\u00eame. Le feuilleton politico juridico mafieu  poursuit son \u00e9pisode sous les ficelles de Faure Gnassingb\u00e9."},"content":{"rendered":"<p><a href=\"http:\/\/mtn-togo.org\/wp-content\/uploads\/2012\/09\/affaire_emirati-bodjona_abass_agba_faure.jpg\"><img loading=\"lazy\" class=\"alignleft size-medium wp-image-1742\" alt=\"affaire_emirati-bodjona_abass_agba_faure\" src=\"http:\/\/mtn-togo.org\/wp-content\/uploads\/2012\/09\/affaire_emirati-bodjona_abass_agba_faure-300x206.jpg\" width=\"300\" height=\"206\" srcset=\"http:\/\/mtn-togo.org\/wp-content\/uploads\/2012\/09\/affaire_emirati-bodjona_abass_agba_faure-300x206.jpg 300w, http:\/\/mtn-togo.org\/wp-content\/uploads\/2012\/09\/affaire_emirati-bodjona_abass_agba_faure.jpg 320w\" sizes=\"(max-width: 300px) 100vw, 300px\" \/><\/a>Plus d\u2019un an apr\u00e8s sa remise en libert\u00e9 provisoire, Pascal Bodjona\u00a0pourrait bient\u00f4t, \u00eatre situ\u00e9 sur son cas dans l\u2019\u2019affaire Abass\u00a0Al Youssef.<!--more--><\/p>\n<p>La Cour supr\u00eame pourrait conna\u00eetre du pourvoi en cassation introduit par les avocats de l\u2019ancien Ministre de l\u2019Administration Territoriale, devant la Cour supr\u00eame. La date du 17 octobre prochain est annonc\u00e9e \u00e0 cet effet. Apr\u00e8s la vacation judiciaire, la plus haute juridiction devrait si\u00e9ger ce jeudi avec \u00e0 l\u2019ordre du jour de cette audience, la rocambolesque affaire Minist\u00e8re public et Abass\u00a0Al Yousef\u00a0contre Pascal Bodjona. Le plus \u00e9nigmatique de la s\u00e9rie dans l\u2019affaire opposant le richissime homme d\u2019affaires \u00e9mirati \u00e0 son partenaire togolais, Bertin\u00a0Agba.<\/p>\n<p>Alors Ministre de l\u2019Administration Territoriale, Pascal Bodjona\u00a0qui \u00e9tait auditionn\u00e9 sous la foi du serment, a fini par \u00eatre inculp\u00e9. Selon un proche du dossier, le juge interrog\u00e9 avant m\u00eame l\u2019entame de l\u2019audition, avait reconnu vouloir inculper l\u2019ancien Directeur de Cabinet du Pr\u00e9sident de la R\u00e9publique, qui devrait d\u00e9poser sous le foi\u00a0du serment, ce qui suppose qu\u2019il pesait pas contre lui, des \u00e9l\u00e9ments concordants dans cette affaire dont le principal accus\u00e9 est l\u2019homme d\u2019affaire togolais Bertin\u00a0Agba et dans laquelle le Fran\u00e7ais Lo\u00efk Le-Floch Prigent \u00e9galement est inculp\u00e9.<\/p>\n<p>S\u2019en suit une bataille devant les juridictions suppos\u00e9es sous la pression du Garde des Sceaux, Ministre de la Justice de l\u2019\u00e9poque Me Tchitchao\u00a0Tchalim\u00a0et certains d\u00e9tracteurs de l\u2019ancien fid\u00e8le de Faure\u00a0Gnassingb\u00e9. La Chambre d\u2019accusation de la Cour d\u2019appel, dans ces conditions n\u2019a pu dire le droit, selon les avocats de Pascal Bodjona, qui ont saisi la Cour supr\u00eame pour d\u00e9noncer une proc\u00e9dure totalement ill\u00e9gale, qui a conduit \u00e0 l\u2019inculpation de leur client, suivi d\u2019un mandat de d\u00e9p\u00f4t. La chambre de la juridiction de second degr\u00e9, avait annul\u00e9 la proc\u00e9dure principale dans laquelle, Pascal Bodjona avait \u00e9t\u00e9 auditionn\u00e9 sous la foi du serment, pour permettre \u00e0 une autre dans laquelle, le Ministre a \u00e9t\u00e9 inculp\u00e9, de prosp\u00e9rer.<\/p>\n<p>Depuis, le Ministre Tchalim\u00a0dont le passage \u00e0 la t\u00eate de ce d\u00e9partement a d\u00e9fray\u00e9 la chronique et fortement terni l\u2019image de la Justice, a \u00e9t\u00e9 remerci\u00e9 lors de la formation du dernier gouvernement. \u00ab Lorsqu\u2019on pr\u00eate serment, cela veut dire que le juge qui a le dossier sait qu\u2019il n\u2019y a aucun indice contre vous \u00bb, rappelait Pascal Bodjona\u00a0en septembre 2012, suite apr\u00e8s sa mise en libert\u00e9, intervenue apr\u00e8s quatre mois de d\u00e9tention dans les locaux de la Gendarmerie nationale. L\u2019ancien collaborateur du Chef de l\u2019Etat avait insist\u00e9 sur sa volont\u00e9 de voir la lumi\u00e8re se faire dans cette affaire. \u00ab C\u2019est par une proc\u00e9dure bancale, acrobatique, scandaleuse, atypique et ill\u00e9gale \u00e0 tout point de vue, qu\u2019on m\u2019a arr\u00eat\u00e9 et d\u00e9tenu. (\u2026) Je suis l\u00e0, et je ne me soustrairais\u00a0jamais \u00e0 la justice \u00bb, avait soutenu le Ministre Bodjona.<\/p>\n<p>D\u00e9sormais, c\u2019est l\u2019ancien Ministre des Affaires Etrang\u00e8res Kofi Esaw, qui tient les rennes de la Justice, pendant que le juge Gamato qui a pris la place de son coll\u00e8gue Abalo P\u00e9tch\u00e9l\u00e9bia, \u00e0 la t\u00eate de la Cour Supr\u00eame, a la r\u00e9putation d\u2019un magistrat int\u00e8gre et rigoureux, tout comme d\u2019autres membres de cette instance. De quoi esp\u00e9rer donc que le droit sera dit cette fois-ci, dans cette affaire dont bien d\u2019autres aspects restent \u00e0 clarifier.<\/p>\n<p>Abass Al Youssef\u00a0accuse Bertin\u00a0Agba\u00a0et Lo\u00efk Le-Floch Prigent de lui avoir escroqu\u00e9 la somme d\u2019environ 26 milliards de francs Cfa. Une affaire dans laquelle, l\u2019homme d\u2019affaires \u00e9mirati \u00e0 servir des versions vari\u00e9es, sur une responsabilit\u00e9 pr\u00e9sum\u00e9e de Pascal Bodjona. Les deux premiers qui \u00e9galement b\u00e9n\u00e9ficient d\u2019une mesure de libert\u00e9 provisoire, nient en bloc les accusations. Bertin\u00a0Agba a quitt\u00e9 le Togo. Ses proches soutiennent que sa vie y serait en danger.<\/p>\n<p>Aghu www.kosci.com<\/p>\n","protected":false},"excerpt":{"rendered":"<p>Plus d\u2019un an apr\u00e8s sa remise en libert\u00e9 provisoire, Pascal Bodjona\u00a0pourrait bient\u00f4t, \u00eatre situ\u00e9 sur son cas dans l\u2019\u2019affaire Abass\u00a0Al Youssef.<\/p>\n","protected":false},"author":7,"featured_media":0,"comment_status":"closed","ping_status":"open","sticky":false,"template":"","format":"standard","meta":[],"categories":[1],"tags":[],"_links":{"self":[{"href":"http:\/\/mtn-togo.org\/index.php?rest_route=\/wp\/v2\/posts\/3215"}],"collection":[{"href":"http:\/\/mtn-togo.org\/index.php?rest_route=\/wp\/v2\/posts"}],"about":[{"href":"http:\/\/mtn-togo.org\/index.php?rest_route=\/wp\/v2\/types\/post"}],"author":[{"embeddable":true,"href":"http:\/\/mtn-togo.org\/index.php?rest_route=\/wp\/v2\/users\/7"}],"replies":[{"embeddable":true,"href":"http:\/\/mtn-togo.org\/index.php?rest_route=%2Fwp%2Fv2%2Fcomments&post=3215"}],"version-history":[{"count":1,"href":"http:\/\/mtn-togo.org\/index.php?rest_route=\/wp\/v2\/posts\/3215\/revisions"}],"predecessor-version":[{"id":3216,"href":"http:\/\/mtn-togo.org\/index.php?rest_route=\/wp\/v2\/posts\/3215\/revisions\/3216"}],"wp:attachment":[{"href":"http:\/\/mtn-togo.org\/index.php?rest_route=%2Fwp%2Fv2%2Fmedia&parent=3215"}],"wp:term":[{"taxonomy":"category","embeddable":true,"href":"http:\/\/mtn-togo.org\/index.php?rest_route=%2Fwp%2Fv2%2Fcategories&post=3215"},{"taxonomy":"post_tag","embeddable":true,"href":"http:\/\/mtn-togo.org\/index.php?rest_route=%2Fwp%2Fv2%2Ftags&post=3215"}],"curies":[{"name":"wp","href":"https:\/\/api.w.org\/{rel}","templated":true}]}}