{"id":3217,"date":"2013-10-17T06:30:07","date_gmt":"2013-10-17T11:30:07","guid":{"rendered":"http:\/\/mtn-togo.org\/?p=3217"},"modified":"2013-10-17T06:30:07","modified_gmt":"2013-10-17T11:30:07","slug":"me-zeus-ajavon-le-lion-dort-mais-on-croit-quil-est-mort","status":"publish","type":"post","link":"http:\/\/mtn-togo.org\/?p=3217","title":{"rendered":"Me Zeus Ajavon : Le lion dort, mais on croit qu\u2019il est mort."},"content":{"rendered":"<p><a href=\"http:\/\/mtn-togo.org\/wp-content\/uploads\/2013\/04\/Conference-CST-Synergie-Togo-Paris-.jpg\"><img loading=\"lazy\" class=\"alignleft size-full wp-image-2829\" alt=\"Conference-CST-Synergie-Togo-Paris-\" src=\"http:\/\/mtn-togo.org\/wp-content\/uploads\/2013\/04\/Conference-CST-Synergie-Togo-Paris-.jpg\" width=\"300\" height=\"175\" \/><\/a>Le CST semble entrer en l\u00e9thargie et l\u2019on parle m\u00eame de son implosion \u00e0 la suite des remous en son sein apr\u00e8s les \u00e9lections l\u00e9gislatives du 25 juillet dernier. En toute franchise qu\u2019en est-il\u00a0?<!--more--><\/p>\n<p><b>Me Zeus\u00a0Ajavon<\/b>\u00a0: Le lion dort, mais on croit qu\u2019il est mort. Le CST\u00a0 n\u2019est pas en l\u00e9thargie. Apr\u00e8s tous les \u00e9v\u00e8nements qui se sont pass\u00e9s, apr\u00e8s tout ce que nous avons subi \u00e0 la suite des derni\u00e8res \u00e9lections l\u00e9gislatives nous avons estim\u00e9 qu\u2019il faut d\u2019abord faire un bilan interne et que de fa\u00e7on courageuse nous voyions la r\u00e9alit\u00e9 en face et quelles sont les r\u00e9elles raisons qui ont conduit \u00e0 cette situation.<\/p>\n<p>\u00a0Sans complaisance entre nous et avec les autres, pour ne pas faire du saupoudrage nous sommes oblig\u00e9s d\u2019aller au front\u00a0et c\u2019est ce que nous sommes en train de faire. Nous estimons que pour l\u2019instant ce n\u2019est pas la peine de crier sur les antennes ce que nous allons faire. Il vaut mieux qu\u2019avant de rebondir nous cernions d\u2019abord le contour de la question.<\/p>\n<p><b>\u00a0<\/b><b>Pensez-vous, au regard de la situation que la concurrence entre les partis membres du Collectif puisse \u00eatre \u00e9vit\u00e9e\u00a0?<\/b><\/p>\n<p>\u00a0<b>Me Zeus\u00a0Ajavon<\/b>\u00a0: On ne peut pas \u00e9viter cette concurrence naturelle. Les partis politiques sont cr\u00e9\u00e9s pour conqu\u00e9rir le pouvoir chacun \u00e0 sa mani\u00e8re. Au CST\u00a0vous avez des partis aussi dissemblables, mais qui ont d\u00e9cid\u00e9 de se mettre ensemble.\u00a0Vous avez des associations qui ont des points de vue divergents d\u2019un extr\u00eame \u00e0 l\u2019autre et qui ont d\u00e9cid\u00e9 de se mettre ensemble. C\u2019est normal qu\u2019il y ait des probl\u00e8mes. C\u2019est normal que pour mettre tout \u00e7a ensemble qu\u2019il y ait des petits heurts. Pour harmoniser cela et qu\u2019on se mette d\u2019accord c\u2019est tr\u00e8s difficile et c\u2019est normal. Il en est ainsi dans tous les pays.<\/p>\n<p><b>L\u2019on pense \u00e0 tort ou \u00e0 raison que l\u2019opposition doit constituer un bloc unique pour vaincre le parti au pouvoir. Mais l\u2019union entre les partis aussi dissemblables est aussi difficile \u00e0 r\u00e9aliser en amont et \u00e0 g\u00e9rer en aval. Comment faire pour que les diff\u00e9rences soient positives au sein du CST ?<\/b><\/p>\n<p>\u00a0<b>Me Zeus\u00a0Ajavon<\/b>\u00a0: Nous avons affaire\u00a0\u00e0 des partis politiques. Pour les mettre ensemble dans tous les pays au monde, c\u2019est compliqu\u00e9. C\u2019est plus facile de mettre ensemble les associations et c\u2019est pour cela qu\u2019en 2005 lorsque le pr\u00e9sident Eyadema\u00a0est d\u00e9c\u00e9d\u00e9 et que Faure Gnassingb\u00e9 a pris le pouvoir de la mani\u00e8re que vous avez, j\u2019ai r\u00e9ussi \u00e0 f\u00e9d\u00e9rer toute la soci\u00e9t\u00e9 civile. En deux jours, nous avons r\u00e9ussi \u00e0 mettre ensemble 150 associations et syndicats. C\u2019est tr\u00e8s facile de mettre ensemble les gens de la soci\u00e9t\u00e9 civile parce qu\u2019ils n\u2019ont pas l\u2019ambition de conqu\u00e9rir le pouvoir et de le g\u00e9rer.<\/p>\n<p>\u00a0En ce qui concerne les partis politiques, chacun a sa vision selon son principe, son programme, son objectif, son id\u00e9ologie. C\u2019est donc difficile, mais je ne d\u00e9sesp\u00e8re pas. Je continue le travail de fond pour les mettre ensemble. Je rencontre d\u2019autres partis en dehors du CST\u00a0et je crois qu\u2019\u00e0 un moment donn\u00e9 la raison prendra le dessus et que les Togolais feront ce qu\u2019il faut pour que le Togo change. On parle d\u2019alternance,\u00a0mais la question qui se pose n\u2019est pas une question d\u2019alternance, mais de changement.<\/p>\n<p>\u00a0Nous avons un bloc politique qui est en face. C\u2019est une question de syst\u00e8me. Eyadema est parti, vous avez vu que \u00e7a n\u2019a rien chang\u00e9. Au contraire la situation s\u2019est empir\u00e9e de fa\u00e7on pernicieuse. Si Faure n\u2019est pas l\u00e0 demain, et si c\u2019est toujours l\u2019ancien syst\u00e8me qui demeure, il n\u2019y aura pas eu de changement. Moi je veux le changement. Il faut que tout le monde comprenne que ce pays doit changer n\u00e9cessairement, radicalement et fondamentalement.<\/p>\n<p>\u00a0Lorsque tous les Togolais\u00a0auront compris cela, tous ceux qui veulent que le pays \u00e9volue r\u00e9ellement et qu\u2019on ne torture plus, tous ceux qui ne veulent pas qu\u2019une minorit\u00e9 de Togolais s\u2019accapare les biens de l\u2019\u00c9tat, tous ceux qui ne veulent pas que des milliards de nos francs se retrouvent dans les maisons de certaines personnes auront gain de cause. Ce sera facile de mettre ensemble, et des partis politiques, des associations, et m\u00eame de ceux qui sont du parti au pouvoir malgr\u00e9 eux et qui veulent n\u00e9anmoins le changement. Le jour o\u00f9 il y aura un fond de changement, les gens de l\u2019autre c\u00f4t\u00e9 viendront se joindre \u00e0 nous.<\/p>\n<p><b>\u00a0<\/b><b>Mais quand on parle d\u2019union de l\u2019opposition, on sous-entend que tous les partis doivent retomber \u00e0 z\u00e9ro et repartir sur le m\u00eame pied d\u2019\u00e9galit\u00e9. Est-ce possible\u00a0? <\/b><\/p>\n<p>\u00a0<b>Me Zeus\u00a0Ajavon<\/b>\u00a0: Si l\u2019objectif est l\u2019alternance, on pense qu\u2019il s\u2019agit de remplacement de certains par d\u2019autres. Alors qui remplace qui ? Celui qu\u2019on veut remplacer ne veut pas \u00eatre remplac\u00e9 et ceux qui veulent le remplacer sont nombreux et se battent entre eux. C\u2019est \u00e7a le probl\u00e8me fondamental. Luttons donc pour le changement radical de notre pays et vous verrez qu\u2019il y aura beaucoup de gens autour de cet objectif.<\/p>\n<p>\u00a0<b>On a l\u2019impression que l\u2019entr\u00e9e au parlement des partis au CST sonne le glas de la mobilisation populaire. Est-ce donc la fin de la lutte politique hors du parlement\u00a0?<\/b><\/p>\n<p>\u00a0<b>Me Zeus\u00a0Ajavon<\/b>\u00a0: Les d\u00e9put\u00e9s des partis membres du CST\u00a0qui sont \u00e0 l\u2019Assembl\u00e9e se battent l\u00e0-bas avec les armes qui sont les leurs. Nous devons voir comment nous remobiliser pour que le pays se rel\u00e8ve de nouveau. Nous sommes en train de voir ce que nous allons faire et comment nous allons le faire.<\/p>\n<p><b>\u00a0<\/b><b>Au sujet du directoire de l\u2019opposition, certains voudraient voir Me Ajavon comme chef de file des adversaires du r\u00e9gime en place. Votre r\u00e9action\u00a0?<\/b><\/p>\n<p>\u00a0<b>Me Zeus\u00a0Ajavon<\/b>\u00a0: \u00c0 quel titre serai-je \u00e0 la t\u00eate de l\u2019opposition ? Je n\u2019ai pas quitt\u00e9 les partis politiques pour entrer dans la soci\u00e9t\u00e9 civile pour rentrer dans les pol\u00e9miques politicienne. Je ne suis pas politique. Ce sont les politiques qui peuvent \u00eatre chefs de l\u2019opposition. Il n\u2019y a pas de pol\u00e9mique en cela. D\u2019ailleurs les textes sont clairs. C\u2019est \u00e0 l\u2019issue des \u00e9lections g\u00e9n\u00e9rales qu\u2019on d\u00e9signe le chef de l\u2019opposition. Ce sont les partis membres du CST qui constituent la tendance majoritaire de l\u2019opposition \u00e0 l\u2019Assembl\u00e9e. Le chef de l\u2019opposition ne peut sortir que de leur rang \u00e0 moins qu\u2019apr\u00e8s des d\u00e9bats, des discussions, une d\u00e9cision se prenne pour d\u00e9signer quelqu\u2019un d\u2019autre, mais jamais un membre de la soci\u00e9t\u00e9 civile. \u00c7a ne peut \u00eatre qu\u2019un politique parce que les attributions du chef de l\u2019opposition sont des attributions essentiellement et \u00e9minemment politiques.<\/p>\n<p><b>La position qu\u2019occupe Fabre lui attire la foudre des autres partis politiques qui sans doute consid\u00e8rent que plus l\u2019ANC a de l\u2019envergure moins ils \u00e9mergent<\/b>. <b>Que faire\u00a0?<\/b><\/p>\n<p>\u00a0<b>Me Zeus\u00a0Ajavon<\/b>\u00a0: Nous n\u2019avons pas men\u00e9 le combat pour reconnaitre le chef de file de l\u2019opposition, mais pour mettre fin \u00e0 un r\u00e9gime, pour mettre fin \u00e0 une m\u00e9thode de gouvernement. Mais nous ne sommes pas arriv\u00e9s \u00e0 cette fin-l\u00e0. N\u00e9anmoins nous allons nous mobiliser pour que le chef naturel de l\u2019opposition tel que d\u00e9sign\u00e9 par la loi se mette dans la peau de rassembleur de toutes les \u00e9nergies pour un changement v\u00e9ritable. Il faut que cette personne ait la capacit\u00e9 de pouvoir rassembler. Donc c\u2019est quelqu\u2019un qui doit avoir beaucoup d\u2019humilit\u00e9 et l\u2019esprit de concession et de discussion.<\/p>\n<p>\u00a0<b>Mais le fait que des partis politiques de l\u2019opposition mettent a priori en doute sa capacit\u00e9 \u00e0 rassembler n\u2019est-il pas de nature \u00e0 compliquer ce projet de rassemblement\u00a0?<\/b><\/p>\n<p>\u00a0<b>Me Zeus\u00a0Ajavon<\/b>\u00a0: Vous avez parfaitement raison. C\u2019est pour cela que nous Associations de la Soci\u00e9t\u00e9 Civile et ODDH, faisons des r\u00e9unions \u00e0 part, mais nous avons des vues sp\u00e9cifiques qui nous rassemblent\u00a0et nous discutons. Nous estimons du fait du handicap dont vous venez de parler que c\u2019est nous au niveau de la soci\u00e9t\u00e9 civile qui devons aider le chef de file de l\u2019opposition \u00e0 rassembler.<\/p>\n<p>\u00a0<b>Apparemment vous semblez ne pas vous pr\u00e9occuper des \u00e9lections locales\u00a0?<\/b><\/p>\n<p>\u00a0<b>Me Zeus\u00a0Ajavon<\/b>\u00a0: Les \u00e9lections locales sont extr\u00eamement importantes pour nous. C\u2019est m\u00eame pour cela que le pouvoir en place n\u2019organise pas ces \u00e9lections qui consacrent la d\u00e9mocratie \u00e0 la base. C\u2019est l\u00e0 o\u00f9 le peuple s\u2019exprime. Or le pouvoir en place veut tout chapeauter, le pouvoir en place veut tout r\u00e9genter. Il veut mettre une chape de plomb du haut sur les populations alors que les \u00e9lections locales permettent de faire une vague de fond de la base vers le haut. Ces \u00e9lections sont d\u2019une importance capitale. C\u2019est pour cela que j\u2019ai demand\u00e9 que les partis membres du CST commencent d\u00e9j\u00e0 \u00e0 mieux s\u2019organiser pour que l\u2019opposition puisse conqu\u00e9rir les pr\u00e9fectures et toutes les grandes municipalit\u00e9s et aller m\u00eame aller au-del\u00e0 de ses fiefs.<\/p>\n<p><b>\u00a0<\/b><b>Que dites-vous du d\u00e9fi de 2015\u00a0?<\/b><\/p>\n<p>\u00a0<b>Me Zeus\u00a0Ajavon<\/b>\u00a0: Rien ne pr\u00e9destinait le pr\u00e9sident actuel \u00e0 \u00eatre au pouvoir. Il est venu au pouvoir sur un coup de baguette magique. C\u2019est le d\u00e9c\u00e8s de son p\u00e8re et les circonstances du moment qui ont fait qu\u2019il est au\u00a0 pouvoir. Il jouit des d\u00e9lices du pouvoir et s\u2019y accroche.\u00a0\u00a0 Un pouvoir sans partage est enivrant. Il ne veut pas s\u2019en d\u00e9barrasser. Il va tenter de s\u2019y accrocher de toute son \u00e9nergie. Mais ceux qui veulent le changement s\u2019ils sont cons\u00e9quents avec eux-m\u00eames doivent savoir qu\u2019il va y avoir un choc de titans. Il faut que ce soit clair que le changement ne sera pas donn\u00e9 sur un plateau d\u2019or. \u00c7a doit s\u2019arracher il n\u2019ya aucun pays o\u00f9 l\u2019\u00e9volution politique et sociale se fait par un don sur un plateau. Le combat de 2015 sera rude il faut qu\u2019on sache que \u00e7a va \u00eatre terrible.<\/p>\n<p>\u00a0<b>Source\u00a0: Le Regard<\/b><\/p>\n<p><a href=\"http:\/\/www.mtn-togo.org\/\">www.mtn-togo.org<\/a><\/p>\n<p>&nbsp;<\/p>\n","protected":false},"excerpt":{"rendered":"<p>Le CST semble entrer en l\u00e9thargie et l\u2019on parle m\u00eame de son implosion \u00e0 la suite des remous en son sein apr\u00e8s les \u00e9lections l\u00e9gislatives du 25 juillet dernier. En toute franchise qu\u2019en est-il\u00a0?<\/p>\n","protected":false},"author":7,"featured_media":0,"comment_status":"closed","ping_status":"open","sticky":false,"template":"","format":"standard","meta":[],"categories":[1],"tags":[],"_links":{"self":[{"href":"http:\/\/mtn-togo.org\/index.php?rest_route=\/wp\/v2\/posts\/3217"}],"collection":[{"href":"http:\/\/mtn-togo.org\/index.php?rest_route=\/wp\/v2\/posts"}],"about":[{"href":"http:\/\/mtn-togo.org\/index.php?rest_route=\/wp\/v2\/types\/post"}],"author":[{"embeddable":true,"href":"http:\/\/mtn-togo.org\/index.php?rest_route=\/wp\/v2\/users\/7"}],"replies":[{"embeddable":true,"href":"http:\/\/mtn-togo.org\/index.php?rest_route=%2Fwp%2Fv2%2Fcomments&post=3217"}],"version-history":[{"count":2,"href":"http:\/\/mtn-togo.org\/index.php?rest_route=\/wp\/v2\/posts\/3217\/revisions"}],"predecessor-version":[{"id":3219,"href":"http:\/\/mtn-togo.org\/index.php?rest_route=\/wp\/v2\/posts\/3217\/revisions\/3219"}],"wp:attachment":[{"href":"http:\/\/mtn-togo.org\/index.php?rest_route=%2Fwp%2Fv2%2Fmedia&parent=3217"}],"wp:term":[{"taxonomy":"category","embeddable":true,"href":"http:\/\/mtn-togo.org\/index.php?rest_route=%2Fwp%2Fv2%2Fcategories&post=3217"},{"taxonomy":"post_tag","embeddable":true,"href":"http:\/\/mtn-togo.org\/index.php?rest_route=%2Fwp%2Fv2%2Ftags&post=3217"}],"curies":[{"name":"wp","href":"https:\/\/api.w.org\/{rel}","templated":true}]}}