{"id":3220,"date":"2013-10-19T10:02:51","date_gmt":"2013-10-19T15:02:51","guid":{"rendered":"http:\/\/mtn-togo.org\/?p=3220"},"modified":"2013-10-19T10:02:51","modified_gmt":"2013-10-19T15:02:51","slug":"affaire-descroquerie-volet-pascal-bodjona-la-cour-supreme-fixe-le-delibere-au-21-novembre-prochain","status":"publish","type":"post","link":"http:\/\/mtn-togo.org\/?p=3220","title":{"rendered":"Affaire d\u2019escroquerie \/ Volet Pascal Bodjona : La Cour supr\u00eame fixe le d\u00e9lib\u00e9r\u00e9 au 21 novembre prochain"},"content":{"rendered":"<p><a href=\"http:\/\/mtn-togo.org\/wp-content\/uploads\/2012\/08\/bodjona-pascal-ministre-400.jpg\"><img loading=\"lazy\" class=\"alignleft size-medium wp-image-1524\" alt=\"bodjona-pascal-eancien-ministre-administration-territoriale\" src=\"http:\/\/mtn-togo.org\/wp-content\/uploads\/2012\/08\/bodjona-pascal-ministre-400-300x255.jpg\" width=\"300\" height=\"255\" srcset=\"http:\/\/mtn-togo.org\/wp-content\/uploads\/2012\/08\/bodjona-pascal-ministre-400-300x255.jpg 300w, http:\/\/mtn-togo.org\/wp-content\/uploads\/2012\/08\/bodjona-pascal-ministre-400.jpg 400w\" sizes=\"(max-width: 300px) 100vw, 300px\" \/><\/a>L\u2019on s\u2019achemine pratiquement vers l\u2019\u00e9pilogue du fameux dossier Pascal Bodjona qui d\u00e9fraie la chronique au Togo depuis septembre 2012.<!--more--> Hier jeudi, la Chambre judiciaire de la Cour supr\u00eame a planch\u00e9 sur le pouvoir interjet\u00e9 depuis le 24 janvier par les conseils de l\u2019ancien ministre contre l\u2019arr\u00eat rendu par la Chambre d\u2019accusation de la Cour d\u2019appel tendant \u00e0 annuler son audition de t\u00e9moin sous la foi de serment.<\/p>\n<p>Selon le rapport dress\u00e9 par le juge rapporteur qui n\u2019est autre que le pr\u00e9sident de cette Chambre judiciaire, Abdoulaye\u00a0Yaya, le recours formul\u00e9 par les avocats du ministre est amplement fond\u00e9 sur tous les points de droit qui ont \u00e9t\u00e9 \u00e9voqu\u00e9s. Mieux, M. Yaya\u00a0 rel\u00e8ve que sur certains points, les juges de la Chambre d\u2019accusation ont tout simplement \u00ab<i>err\u00e9<\/i>\u00bb ou m\u00eame us\u00e9 d\u2019une \u00ab<i>turpitude<\/i>\u00bb pour pr\u00e9tendre annuler la d\u00e9position sous serment de l\u2019ancien directeur de cabinet de Faure Gnassingb\u00e9.<\/p>\n<p>Abdoulaye\u00a0Yaya\u00a0a d\u2019ailleurs fait constater que la saisine faite par le Procureur g\u00e9n\u00e9ral ne reposait sur aucun fondement juridique, donc il s\u2019en d\u00e9gage que le recours du PG souffre indubitablement d\u2019un d\u00e9faut de base l\u00e9gale. A cela s\u2019ajoutent les violations flagrantes des dispositions des articles 63, 84 et 86\u00a0 du Code de proc\u00e9dure p\u00e9nale.\u00a0\u00a0\u00a0\u00a0<\/p>\n<p>Pour toutes ces raisons, le pr\u00e9sident de la Chambre judiciaire a demand\u00e9 dans son rapport, la cassation pure et simple de cet arr\u00eat pour le moins honteux. Mieux, l\u2019avocat g\u00e9n\u00e9ral dans ses conclusions d\u00e9pos\u00e9es au dossier, a lui aussi reconnu que les points de droit soulev\u00e9s par les conseils du ministre Bodjona \u00e9taient fond\u00e9s et conclu \u00e0 la cassation sans ambages de l\u2019arr\u00eat du 24 janvier.<\/p>\n<p>Le d\u00e9lib\u00e9r\u00e9 est certes pr\u00e9vu pour le 21 novembre prochain, mais il appara\u00eet clairement au vu de tout l\u2019argumentaire d\u00e9velopp\u00e9 \u00e0 la fois par le juge rapporteur, les avocats du ministre Bodjona et le parquet g\u00e9n\u00e9ral, que l\u2019arr\u00eat sera immanquablement cass\u00e9 \u00e0 cette date.<\/p>\n<p>Voil\u00e0 qui scelle d\u00e9finitivement le statut de t\u00e9moin sous serment du ministre Bodjona dans cette t\u00e9n\u00e9breuse affaire d\u2019escroquerie internationale.<\/p>\n<p>Dans la foul\u00e9e, la Chambre d\u2019accusation de la Cour d\u2019appel qui devrait statuer sur la deuxi\u00e8me proc\u00e9dure initi\u00e9e contre Bodjona, n\u2019aura d\u2019autre choix que de proc\u00e9der \u00e0 son annulation le 30 octobre prochain, comme l\u2019ont demand\u00e9 les avocats de l\u2019ancien homme \u00e0 tout faire du fils d\u2019Eyadema.<\/p>\n<p>En effet, cette audience qui devrait tenir le mercredi 16 octobre dernier, a \u00e9t\u00e9 renvoy\u00e9e au 30 octobre sur demande du parquet g\u00e9n\u00e9ral qui, accul\u00e9 par les m\u00e9moires d\u00e9pos\u00e9s par les avocats du ministre, a souhait\u00e9 un renvoi du dossier. Tout compte fait, l\u2019on s\u2019achemine irr\u00e9versiblement vers l\u2019\u00e9pilogue de cette affaire dans laquelle l\u2019on a voulu injustement noyer celui-l\u00e0 qui s\u2019est battu corps et \u00e2me pour asseoir le pouvoir de l\u2019h\u00e9ritier d\u2019Eyadema.<\/p>\n<p><b><i>Mensah K.\/togoinfos.com<\/i><\/b><\/p>\n","protected":false},"excerpt":{"rendered":"<p>L\u2019on s\u2019achemine pratiquement vers l\u2019\u00e9pilogue du fameux dossier Pascal Bodjona qui d\u00e9fraie la chronique au Togo depuis septembre 2012.<\/p>\n","protected":false},"author":7,"featured_media":0,"comment_status":"closed","ping_status":"open","sticky":false,"template":"","format":"standard","meta":[],"categories":[1],"tags":[],"_links":{"self":[{"href":"http:\/\/mtn-togo.org\/index.php?rest_route=\/wp\/v2\/posts\/3220"}],"collection":[{"href":"http:\/\/mtn-togo.org\/index.php?rest_route=\/wp\/v2\/posts"}],"about":[{"href":"http:\/\/mtn-togo.org\/index.php?rest_route=\/wp\/v2\/types\/post"}],"author":[{"embeddable":true,"href":"http:\/\/mtn-togo.org\/index.php?rest_route=\/wp\/v2\/users\/7"}],"replies":[{"embeddable":true,"href":"http:\/\/mtn-togo.org\/index.php?rest_route=%2Fwp%2Fv2%2Fcomments&post=3220"}],"version-history":[{"count":1,"href":"http:\/\/mtn-togo.org\/index.php?rest_route=\/wp\/v2\/posts\/3220\/revisions"}],"predecessor-version":[{"id":3221,"href":"http:\/\/mtn-togo.org\/index.php?rest_route=\/wp\/v2\/posts\/3220\/revisions\/3221"}],"wp:attachment":[{"href":"http:\/\/mtn-togo.org\/index.php?rest_route=%2Fwp%2Fv2%2Fmedia&parent=3220"}],"wp:term":[{"taxonomy":"category","embeddable":true,"href":"http:\/\/mtn-togo.org\/index.php?rest_route=%2Fwp%2Fv2%2Fcategories&post=3220"},{"taxonomy":"post_tag","embeddable":true,"href":"http:\/\/mtn-togo.org\/index.php?rest_route=%2Fwp%2Fv2%2Ftags&post=3220"}],"curies":[{"name":"wp","href":"https:\/\/api.w.org\/{rel}","templated":true}]}}