{"id":3222,"date":"2013-10-19T17:30:55","date_gmt":"2013-10-19T22:30:55","guid":{"rendered":"http:\/\/mtn-togo.org\/?p=3222"},"modified":"2013-10-20T11:49:29","modified_gmt":"2013-10-20T16:49:29","slug":"robert-dussey-negocie-a-paris-la-presidence-a-vie-de-faure-gnassingbe-paris-dit-niet","status":"publish","type":"post","link":"http:\/\/mtn-togo.org\/?p=3222","title":{"rendered":"Robert Dussey n\u00e9gocie \u00e0 Paris, la pr\u00e9sidence \u00e0 vie de Faure Gnassingb\u00e9.Paris dit niet"},"content":{"rendered":"<p><a href=\"http:\/\/mtn-togo.org\/wp-content\/uploads\/2013\/10\/fabius_dussey.jpg\"><img loading=\"lazy\" class=\"alignleft size-medium wp-image-3223\" alt=\"fabius_dussey\" src=\"http:\/\/mtn-togo.org\/wp-content\/uploads\/2013\/10\/fabius_dussey-300x174.jpg\" width=\"300\" height=\"174\" srcset=\"http:\/\/mtn-togo.org\/wp-content\/uploads\/2013\/10\/fabius_dussey-300x174.jpg 300w, http:\/\/mtn-togo.org\/wp-content\/uploads\/2013\/10\/fabius_dussey.jpg 500w\" sizes=\"(max-width: 300px) 100vw, 300px\" \/><\/a>Faure Gnassingb\u00e9 n&#8217;est pas pr\u00eat\u00a0 de quitter le pouvoir au Togo. Le Togo est une propri\u00e9t\u00e9 personnelle de son p\u00e8re Gnassingb\u00e9 \u00c9yad\u00e9ma\u00a0 \u00e0 lui l\u00e9gu\u00e9e. <!--more-->Apr\u00e8s avoir promis ciel et terre de quitter le pouvoir en 2015, le temps pour lui d&#8217;assurer une transition dynastique afin d&#8217;\u00e9viter au Togo la guerre civile, laquelle promesse est consign\u00e9e\u00a0 dans un accord sign\u00e9e avec Gilchrist\u00a0Olympio\u00a0sous les auspices\u00a0 d&#8217; Obansajo\u00a0en 2005, Faure\u00a0Gnassingb\u00e9 s&#8217;est \u00e9vertu\u00e9 comme son p\u00e8re \u00e0 vider l&#8217;accord de son contenu et surtout\u00a0\u00e0 \u00a0ne rien respecter. S\u00fbr\u00a0 de l&#8217;appui de l&#8217;arm\u00e9e tribale, il s&#8217;est assur\u00e9 de contr\u00f4ler\u00a0la nouvelle assembl\u00e9e en s&#8217;octroyant 62 d\u00e9put\u00e9 sur 91: la majorit\u00e9 absolue, puis il \u00a0met le cap sur 2015. Il d\u00e9p\u00e8che alors \u00e0 Paris, son ami conseiller devenu, par\u00a0 la force des choses , ministre\u00a0des affaires \u00e9trang\u00e8res. Objectif: convaincre les autorit\u00e9s fran\u00e7aises d&#8217;avaliser son plan de s&#8217;\u00e9terniser au pouvoir. Robert Dussey\u00a0a re\u00e7u de la part de Laurent Fabuis\u00a0une fin de non recevoir cinglant. Alors pour sauver la face\u00a0, Il propose un in\u00e8me march\u00e9 de dupe: Faure Gnassingb\u00e9 se retira du pouvoir en 2020 : parole de militaire plut\u00f4t de fils de militaire. Les autorit\u00e9s fran\u00e7aises ne semblent pas plus que convaincues.<\/p>\n<p>Autre sujet\u00a0 abord\u00e9 , la visite officielle de Faure\u00a0Gnassingb\u00e9 \u00e0 Paris. Depuis son arriv\u00e9e au pouvoir dans le sang,\u00a0 l&#8217;Elys\u00e9e a refus\u00e9 de d\u00e9rouler le tapis rouge\u00a0\u00e0 Faure Gnassingb\u00e9. Il s&#8217;est battu corp\u00a0et \u00e2me mais peine perdue. Il a mis \u00e0 contribution ses r\u00e9seaux\u00a0fran\u00e7ais \u00a0obscurs \u00e0 coup de millions d&#8217;euro sans r\u00e9sultat tangible.\u00a0 La r\u00e9union France Afrique sur la s\u00e9curit\u00e9\u00a0de d\u00e9cembre prochain, propos\u00e9e par le president \u00a0Fran\u00e7ois Hollande, \u00a0semble etre l&#8217;occasion r\u00eav\u00e9e puis que le Togo si\u00e8ge au conseil de S\u00e9curit\u00e9 de l&#8217;ONU comme membre non permanent. Mais l\u00e0 encore, rien n&#8217;est encore gagn\u00e9 pour l&#8217;enfant \u00c9yad\u00e9ma venu au pouvoir \u00a0comme son p\u00e8re dans le sans de ses concitoyens.<\/p>\n<p>Toutes les d\u00e9clarations de Robert Dussey\u00a0cachent mal l&#8217;embarras du pouvoir togolais\u00a0face aux exigences l\u00e9gitimes des autorit\u00e9s fran\u00e7aises. Cependant, le\u00a0r\u00e9gime \u00a0de Faure Gnassingb\u00e9 semble d\u00e9cid\u00e9 \u00e0 maintenir au pouvoir advienne que pourra.<\/p>\n<p>\u00a0Vincentey Ben Polar <a href=\"http:\/\/www.mtn-togo.org\/\">www.mtn-togo.org<\/a><\/p>\n<p>&nbsp;<\/p>\n","protected":false},"excerpt":{"rendered":"<p>Faure Gnassingb\u00e9 n&#8217;est pas pr\u00eat\u00a0 de quitter le pouvoir au Togo. Le Togo est une propri\u00e9t\u00e9 personnelle de son p\u00e8re Gnassingb\u00e9 \u00c9yad\u00e9ma\u00a0 \u00e0 lui l\u00e9gu\u00e9e.<\/p>\n","protected":false},"author":7,"featured_media":0,"comment_status":"closed","ping_status":"open","sticky":false,"template":"","format":"standard","meta":[],"categories":[1],"tags":[],"_links":{"self":[{"href":"http:\/\/mtn-togo.org\/index.php?rest_route=\/wp\/v2\/posts\/3222"}],"collection":[{"href":"http:\/\/mtn-togo.org\/index.php?rest_route=\/wp\/v2\/posts"}],"about":[{"href":"http:\/\/mtn-togo.org\/index.php?rest_route=\/wp\/v2\/types\/post"}],"author":[{"embeddable":true,"href":"http:\/\/mtn-togo.org\/index.php?rest_route=\/wp\/v2\/users\/7"}],"replies":[{"embeddable":true,"href":"http:\/\/mtn-togo.org\/index.php?rest_route=%2Fwp%2Fv2%2Fcomments&post=3222"}],"version-history":[{"count":3,"href":"http:\/\/mtn-togo.org\/index.php?rest_route=\/wp\/v2\/posts\/3222\/revisions"}],"predecessor-version":[{"id":3225,"href":"http:\/\/mtn-togo.org\/index.php?rest_route=\/wp\/v2\/posts\/3222\/revisions\/3225"}],"wp:attachment":[{"href":"http:\/\/mtn-togo.org\/index.php?rest_route=%2Fwp%2Fv2%2Fmedia&parent=3222"}],"wp:term":[{"taxonomy":"category","embeddable":true,"href":"http:\/\/mtn-togo.org\/index.php?rest_route=%2Fwp%2Fv2%2Fcategories&post=3222"},{"taxonomy":"post_tag","embeddable":true,"href":"http:\/\/mtn-togo.org\/index.php?rest_route=%2Fwp%2Fv2%2Ftags&post=3222"}],"curies":[{"name":"wp","href":"https:\/\/api.w.org\/{rel}","templated":true}]}}