{"id":3233,"date":"2013-10-30T00:39:59","date_gmt":"2013-10-30T05:39:59","guid":{"rendered":"http:\/\/mtn-togo.org\/?p=3233"},"modified":"2013-10-30T00:55:38","modified_gmt":"2013-10-30T05:55:38","slug":"jean-pierre-fabre-recu-par-alassane-dramane-ouattara-a-abidjan","status":"publish","type":"post","link":"http:\/\/mtn-togo.org\/?p=3233","title":{"rendered":"Jean-Pierre Fabre, le leader de l&#8217;opposition togolaise, re\u00e7u par Alassane Dramane Ouattara \u00e0 Abidjan"},"content":{"rendered":"<p align=\"center\"><b>COMMUNIQUE DE PRESSE<\/b><\/p>\n<p align=\"center\"><strong><a href=\"http:\/\/mtn-togo.org\/wp-content\/uploads\/2013\/10\/pr-ouattara-jp-octobre.jpg\"><img loading=\"lazy\" class=\"alignleft size-full wp-image-3234\" alt=\"pr-ouattara-jp-octobre\" src=\"http:\/\/mtn-togo.org\/wp-content\/uploads\/2013\/10\/pr-ouattara-jp-octobre.jpg\" width=\"300\" height=\"218\" \/><\/a>Le Pr\u00e9sident National de l\u2019ANC, M. Jean-Pierre Fabre, a rencontr\u00e9 SE Monsieur Alassane\u00a0Dramane\u00a0OUATTARA, Pr\u00e9sident de la R\u00e9publique de C\u00f4te d\u2019Ivoire et Pr\u00e9sident en Exercice de la CEDEAO,<\/strong><\/p>\n<p>&nbsp;<\/p>\n<p><!--more-->Le lundi 14 octobre 2013, le Pr\u00e9sident National de l\u2019ANC, M. Jean-Pierre Fabre, a rencontr\u00e9 SE Monsieur Alassane\u00a0Dramane\u00a0OUATTARA, Pr\u00e9sident de la R\u00e9publique de C\u00f4te d\u2019Ivoire et Pr\u00e9sident en Exercice de la CEDEAO, au palais de la pr\u00e9sidence de Cocody \u00e0 Abidjan.<\/p>\n<p>Cette rencontre a permis au Pr\u00e9sident de l\u2019ANC, de pr\u00e9senter au Pr\u00e9sident Alassane OUATTARA, la situation sociopolitique qui pr\u00e9vaut dans notre pays le Togo.<\/p>\n<p>Le Pr\u00e9sident Jean-Pierre FABRE a saisi l\u2019occasion pour r\u00e9it\u00e9rer la gratitude de l\u2019ANC, du FRAC et du CST\u00a0au Pr\u00e9sident OUATTARA, qui s\u2019est d\u00e9plac\u00e9 personnellement \u00e0 Lom\u00e9, \u00e0 la veille des \u00e9lections l\u00e9gislatives du 25 juillet 2013, avec son coll\u00e8gue du Nig\u00e9ria, SE Monsieur Goodluck\u00a0JONATHAN, pour apporter le soutien de la CEDEAO au bon d\u00e9roulement du scrutin.<\/p>\n<p>Le Pr\u00e9sident OUATTARA a assur\u00e9 le Pr\u00e9sident de l\u2019ANC de sa disponibilit\u00e9 \u00e0 poursuivre ses efforts pour aider \u00e0 un r\u00e8glement juste et durable de la crise qui mine le Togo depuis des d\u00e9cennies.<\/p>\n<p><b>Fait \u00e0 Lom\u00e9, le 28 octobre 2013 <\/b><\/p>\n<p><b>Pour le Bureau National <\/b><\/p>\n<p><b>Le Vice-Pr\u00e9sident <\/b><\/p>\n<p><b>Patrick LAWSON-BANKU<\/b><\/p>\n<p><a href=\"http:\/\/www.mtn-togo.org\/\">www.mtn-togo.org<\/a><\/p>\n<p>&nbsp;<\/p>\n","protected":false},"excerpt":{"rendered":"<p>COMMUNIQUE DE PRESSE Le Pr\u00e9sident National de l\u2019ANC, M. Jean-Pierre Fabre, a rencontr\u00e9 SE Monsieur Alassane\u00a0Dramane\u00a0OUATTARA, Pr\u00e9sident de la R\u00e9publique de C\u00f4te d\u2019Ivoire et Pr\u00e9sident en Exercice de la CEDEAO, &nbsp;<\/p>\n","protected":false},"author":7,"featured_media":0,"comment_status":"closed","ping_status":"open","sticky":false,"template":"","format":"standard","meta":[],"categories":[1],"tags":[],"_links":{"self":[{"href":"http:\/\/mtn-togo.org\/index.php?rest_route=\/wp\/v2\/posts\/3233"}],"collection":[{"href":"http:\/\/mtn-togo.org\/index.php?rest_route=\/wp\/v2\/posts"}],"about":[{"href":"http:\/\/mtn-togo.org\/index.php?rest_route=\/wp\/v2\/types\/post"}],"author":[{"embeddable":true,"href":"http:\/\/mtn-togo.org\/index.php?rest_route=\/wp\/v2\/users\/7"}],"replies":[{"embeddable":true,"href":"http:\/\/mtn-togo.org\/index.php?rest_route=%2Fwp%2Fv2%2Fcomments&post=3233"}],"version-history":[{"count":4,"href":"http:\/\/mtn-togo.org\/index.php?rest_route=\/wp\/v2\/posts\/3233\/revisions"}],"predecessor-version":[{"id":3237,"href":"http:\/\/mtn-togo.org\/index.php?rest_route=\/wp\/v2\/posts\/3233\/revisions\/3237"}],"wp:attachment":[{"href":"http:\/\/mtn-togo.org\/index.php?rest_route=%2Fwp%2Fv2%2Fmedia&parent=3233"}],"wp:term":[{"taxonomy":"category","embeddable":true,"href":"http:\/\/mtn-togo.org\/index.php?rest_route=%2Fwp%2Fv2%2Fcategories&post=3233"},{"taxonomy":"post_tag","embeddable":true,"href":"http:\/\/mtn-togo.org\/index.php?rest_route=%2Fwp%2Fv2%2Ftags&post=3233"}],"curies":[{"name":"wp","href":"https:\/\/api.w.org\/{rel}","templated":true}]}}